{"id":63139,"date":"2023-02-26T12:08:37","date_gmt":"2023-02-26T18:08:37","guid":{"rendered":"https:\/\/redsemlac.com\/semmexico\/?p=63139"},"modified":"2023-02-26T12:13:11","modified_gmt":"2023-02-26T18:13:11","slug":"sobrevivientes-quieren-contar-su-historia-y-necesitan-ayuda","status":"publish","type":"post","link":"https:\/\/redsemlac.com\/semmexico\/sobrevivientes-quieren-contar-su-historia-y-necesitan-ayuda\/","title":{"rendered":"SOBREVIVIENTES QUIEREN CONTAR SU HISTORIA Y NECESITAN\u00a0AYUDA"},"content":{"rendered":"\n<p class=\"wp-block-paragraph\"><em>&nbsp;Ana Alicia Osorio<\/em><\/p>\n\n\n\n<p class=\"wp-block-paragraph\">SemM\u00e9xico\/TestigoP\u00farpura, 26 de febrero, 2023.- Las sobrevivientes de intento de feminicidio buscan contar su historia a trav\u00e9s de un libro colectivo por lo que necesitar\u00e1n la ayuda de la poblaci\u00f3n en general para hacerlo realidad.<\/p>\n\n\n\n<p class=\"wp-block-paragraph\">Ante el sue\u00f1o que tienen de realizar esta publicaci\u00f3n, las integrantes de la colectiva Sobrevivientes de Feminicidio har\u00e1n una colecta a trav\u00e9s de una plataforma de las denominadas \u201ccrowfunding\u201d para poder hacerlo realidad. Se inicia el primero de marzo, ese d\u00eda estar\u00e1 la liga para donar y termina el 31 de marzo, explic\u00f3 una de las promotoras.<\/p>\n\n\n\n<p class=\"wp-block-paragraph\">\u201cQueremos so\u00f1ar y lo necesitamos en este sue\u00f1o, queremos hacer un libro, choncho, precioso, ilustrado, que lleve nuestras historias, vamos a hacer un fondeo, una recaudaci\u00f3n de fondos, una vaquita, en una plataforma que cree en el cambio social de los proyectos, de las colectivas\u201d, indic\u00f3 Ana Valderrama, vocera de la colectiva.<\/p>\n\n\n\n<figure class=\"wp-block-image size-large\"><a href=\"https:\/\/redsemlac.com\/semmexico\/wp-content\/uploads\/2023\/02\/sobrevivientes-02.jpg\"><img decoding=\"async\" src=\"https:\/\/redsemlac.com\/semmexico\/wp-content\/uploads\/2023\/02\/sobrevivientes-02-1024x1024.jpg\" alt=\"\" class=\"wp-image-63140\"\/><\/a><\/figure>\n\n\n\n<p class=\"wp-block-paragraph\">Dijo que a trav\u00e9s de este libro buscan contar sus vidas y lograr cierto tipo de justicia.<\/p>\n\n\n\n<p class=\"wp-block-paragraph\">\u201cCreemos que escribir sana y que da cierto tipo de justicia y tambi\u00e9n cierto tipo de sanaci\u00f3n, algo se coloca mejor despu\u00e9s de escribir\u201d, dijo.<br>La campa\u00f1a iniciar\u00e1 el 1 de marzo y ser\u00e1 anunciada a trav\u00e9s de sus redes sociales.<\/p>\n\n\n\n<p class=\"wp-block-paragraph\">Adem\u00e1s, la plataforma activar\u00e1 algunas horas para duplicar las donaciones que reciban.<\/p>\n\n\n\n<figure class=\"wp-block-embed is-type-video is-provider-youtube wp-block-embed-youtube wp-embed-aspect-16-9 wp-has-aspect-ratio\"><div class=\"wp-block-embed__wrapper\">\n<div class=\"youtube-embed\" data-video_id=\"FtAst3WfTTQ\"><iframe loading=\"lazy\" title=\"Testimonio de Carolina Ram\u00edrez\" width=\"696\" height=\"392\" src=\"https:\/\/www.youtube.com\/embed\/FtAst3WfTTQ?feature=oembed&#038;enablejsapi=1\" frameborder=\"0\" allow=\"accelerometer; autoplay; clipboard-write; encrypted-media; gyroscope; picture-in-picture; web-share\" referrerpolicy=\"strict-origin-when-cross-origin\" allowfullscreen><\/iframe><\/div>\n<\/div><\/figure>\n","protected":false},"excerpt":{"rendered":"<p>Las sobrevivientes de intento de feminicidio buscan contar su historia a trav\u00e9s de un libro colectivo por lo que necesitar\u00e1n la ayuda de la poblaci\u00f3n en general para hacerlo realidad.<\/p>\n","protected":false},"author":3,"featured_media":63141,"comment_status":"open","ping_status":"open","sticky":false,"template":"","format":"standard","meta":{"_monsterinsights_skip_tracking":false,"footnotes":""},"categories":[47],"tags":[],"class_list":["post-63139","post","type-post","status-publish","format-standard","has-post-thumbnail","category-no-mas-impunidad"],"_links":{"self":[{"href":"https:\/\/redsemlac.com\/semmexico\/wp-json\/wp\/v2\/posts\/63139","targetHints":{"allow":["GET"]}}],"collection":[{"href":"https:\/\/redsemlac.com\/semmexico\/wp-json\/wp\/v2\/posts"}],"about":[{"href":"https:\/\/redsemlac.com\/semmexico\/wp-json\/wp\/v2\/types\/post"}],"author":[{"embeddable":true,"href":"https:\/\/redsemlac.com\/semmexico\/wp-json\/wp\/v2\/users\/3"}],"replies":[{"embeddable":true,"href":"https:\/\/redsemlac.com\/semmexico\/wp-json\/wp\/v2\/comments?post=63139"}],"version-history":[{"count":0,"href":"https:\/\/redsemlac.com\/semmexico\/wp-json\/wp\/v2\/posts\/63139\/revisions"}],"wp:featuredmedia":[{"embeddable":true,"href":"https:\/\/redsemlac.com\/semmexico\/wp-json\/wp\/v2\/media\/63141"}],"wp:attachment":[{"href":"https:\/\/redsemlac.com\/semmexico\/wp-json\/wp\/v2\/media?parent=63139"}],"wp:term":[{"taxonomy":"category","embeddable":true,"href":"https:\/\/redsemlac.com\/semmexico\/wp-json\/wp\/v2\/categories?post=63139"},{"taxonomy":"post_tag","embeddable":true,"href":"https:\/\/redsemlac.com\/semmexico\/wp-json\/wp\/v2\/tags?post=63139"}],"curies":[{"name":"wp","href":"https:\/\/api.w.org\/{rel}","templated":true}]}}