{"id":63134,"date":"2023-02-26T11:30:19","date_gmt":"2023-02-26T17:30:19","guid":{"rendered":"https:\/\/redsemlac.com\/semmexico\/?p=63134"},"modified":"2023-02-26T11:36:42","modified_gmt":"2023-02-26T17:36:42","slug":"victoria-razo-fotografa-veracruzana-es-reconocida-por-campana-de-hersheys","status":"publish","type":"post","link":"https:\/\/redsemlac.com\/semmexico\/victoria-razo-fotografa-veracruzana-es-reconocida-por-campana-de-hersheys\/","title":{"rendered":"VICTORIA RAZO, FOT\u00d3GRAFA VERACRUZANA, ES RECONOCIDA POR CAMPA\u00d1A DE\u00a0HERSHEY\u2019S"},"content":{"rendered":"\n<p class=\"wp-block-paragraph\"><em>&nbsp;Ana Alicia Osorio<\/em><\/p>\n\n\n\n<p class=\"wp-block-paragraph\">SemM\u00e9xico, Veracruz, Ver., 25 de febrero, 2023.- La c\u00e1mara de Victoria Razo, Vico, como la conocen las personas cercanas a ella, la han acompa\u00f1ado en un sinf\u00edn de causas sociales: madres de personas desaparecidas, buscadoras de justicia, feministas. Ahora ella es quien posa en una fotograf\u00eda de la campa\u00f1a de Hershey\u2019s a manera de reconocimiento.<\/p>\n\n\n\n<p class=\"wp-block-paragraph\">La marca de chocolates internacional la eligi\u00f3 esta fot\u00f3grafa veracruzana y otras 10 mujeres m\u00e1s para la campa\u00f1a Her for She, traducida al espa\u00f1ol como \u201cde ella para ella\u201d, que busca reconocer el trabajo de mujeres en diferentes \u00e1mbitos documentando y apoyando a otras mujeres.<\/p>\n\n\n\n<p class=\"wp-block-paragraph\">\u201cPromueve la visibilidad y reconocimiento de mujeres a trav\u00e9s de la hermandad. (\u2026) en este segundo a\u00f1o consecutivo del movimiento, quisimos reconocer a mujeres mexicanas extraordinarias que a trav\u00e9s de su labor ayudan a muchas m\u00e1s mujeres\u201d, se\u00f1ala la campa\u00f1a de la marca.<\/p>\n\n\n\n<p class=\"wp-block-paragraph\">Para Vico, estar dentro de esta campa\u00f1a significa un sinf\u00edn de emociones ya que regularmente es ella quien documenta y visibiliza el trabajo o condiciones a las que se enfrenta las mujeres de diversos estratos sociales en el mundo.<\/p>\n\n\n\n<p class=\"wp-block-paragraph\">\u201cSon muchas emociones, me siento muy agradecida con las mujeres que me han permitido que me acerque a ellas y que me han brindado la confianza y que me han abierto las puertas de su casa para yo poder documentar sus historias, tambi\u00e9n me siento muy orgullosa de la peque\u00f1a Victoria que le gustaba comer esa barrita de chocolate cuando era ni\u00f1a y que yo ahora verme en ella, es algo surreal, pero tambi\u00e9n muy bonito al sentir que puedo representar algo porque este a\u00f1o me eligieron a mi como fotoperiodista, pero realmente son muchas las mujeres fotoperiodistas que hacen trabajos incre\u00edbles tambi\u00e9n\u201d, indica.<\/p>\n\n\n\n<p class=\"wp-block-paragraph\">Ella y su c\u00e1mara, a lo largo de ocho a\u00f1os, han documentado diferentes escenarios como las condiciones en las que migran las mujeres en las fronteras del sur y norte de M\u00e9xico, as\u00ed como protestas de feministas, casos de victimas de feminicidio y hechos violentos.<br>Para ella las redes de apoyo entre mujeres son fundamentales, a lo largo de su vida laboral estas redes entre colegas fotoperiodistas le han servido para mantenerse segura en un estado dif\u00edcil para ejercer el periodismo y tambi\u00e9n muchas compa\u00f1eras fot\u00f3grafas han sido inspiraci\u00f3n para mejorar su tiro.<\/p>\n\n\n\n<p class=\"wp-block-paragraph\">\u201cDesde mi experiencia s\u00ed ha sido fundamental el trabajo en equipo, el conocer a otras mujeres que hacen lo mismo que yo es realmente inspirador para m\u00ed y es mi red de apoyo cuando estoy trabajando en situaciones de peligro, me apoyo de otras compa\u00f1eras, a veces salimos a cubrir juntas, a veces toca hacer el trabajo sola, pero gracias a esa red de apoyo yo tambi\u00e9n siento que he ganado cosas porque sigo sus consejos\u201d<\/p>\n\n\n\n<p class=\"wp-block-paragraph\">Vico tiene una muy larga carrera profesional pues contribuye con National Geographic, Agence France-Presse y la Agencia Cuartoscuro. Ha expuesto en lugares como&nbsp;<a href=\"https:\/\/testigopurpura.com\/2021\/06\/30\/exposicion-de-fotografa-veracruzana-llega-a-new-york\/\">Nueva York<\/a>&nbsp;y ha recibido muchos premios como , Picture of the Year 2022 , Picture of the Year LatAm 2021 y 2018 + 2020-1 CEAPP Veracruz Research Journalism Award y el Premio Gabriel Garc\u00eda M\u00e1rquez. Tambi\u00e9n ha colaborado para Testigo P\u00farpura con fotograf\u00edas y videos.<\/p>\n","protected":false},"excerpt":{"rendered":"<p>La marca de chocolates internacional la eligi\u00f3 esta fot\u00f3grafa veracruzana y otras 10 mujeres m\u00e1s para la campa\u00f1a Her for She, traducida al espa\u00f1ol como \u201cde ella para ella\u201d<\/p>\n","protected":false},"author":3,"featured_media":63135,"comment_status":"open","ping_status":"open","sticky":false,"template":"","format":"standard","meta":{"_monsterinsights_skip_tracking":false,"footnotes":""},"categories":[54],"tags":[],"class_list":["post-63134","post","type-post","status-publish","format-standard","has-post-thumbnail","category-mujeres"],"_links":{"self":[{"href":"https:\/\/redsemlac.com\/semmexico\/wp-json\/wp\/v2\/posts\/63134","targetHints":{"allow":["GET"]}}],"collection":[{"href":"https:\/\/redsemlac.com\/semmexico\/wp-json\/wp\/v2\/posts"}],"about":[{"href":"https:\/\/redsemlac.com\/semmexico\/wp-json\/wp\/v2\/types\/post"}],"author":[{"embeddable":true,"href":"https:\/\/redsemlac.com\/semmexico\/wp-json\/wp\/v2\/users\/3"}],"replies":[{"embeddable":true,"href":"https:\/\/redsemlac.com\/semmexico\/wp-json\/wp\/v2\/comments?post=63134"}],"version-history":[{"count":0,"href":"https:\/\/redsemlac.com\/semmexico\/wp-json\/wp\/v2\/posts\/63134\/revisions"}],"wp:featuredmedia":[{"embeddable":true,"href":"https:\/\/redsemlac.com\/semmexico\/wp-json\/wp\/v2\/media\/63135"}],"wp:attachment":[{"href":"https:\/\/redsemlac.com\/semmexico\/wp-json\/wp\/v2\/media?parent=63134"}],"wp:term":[{"taxonomy":"category","embeddable":true,"href":"https:\/\/redsemlac.com\/semmexico\/wp-json\/wp\/v2\/categories?post=63134"},{"taxonomy":"post_tag","embeddable":true,"href":"https:\/\/redsemlac.com\/semmexico\/wp-json\/wp\/v2\/tags?post=63134"}],"curies":[{"name":"wp","href":"https:\/\/api.w.org\/{rel}","templated":true}]}}