{"id":63128,"date":"2023-02-25T18:13:44","date_gmt":"2023-02-26T00:13:44","guid":{"rendered":"https:\/\/redsemlac.com\/semmexico\/?p=63128"},"modified":"2023-02-25T18:13:47","modified_gmt":"2023-02-26T00:13:47","slug":"designan-a-maria-katzarava-directora-del-eoba-a-karen-villeda-en-la-coordinacion-nacional-de-literatura-y-a-luis-manuel-sanchez-en-la-ocba","status":"publish","type":"post","link":"https:\/\/redsemlac.com\/semmexico\/designan-a-maria-katzarava-directora-del-eoba-a-karen-villeda-en-la-coordinacion-nacional-de-literatura-y-a-luis-manuel-sanchez-en-la-ocba\/","title":{"rendered":"Designan a Mar\u00eda Katzarava directora del EOBA, a Karen Villeda en la Coordinaci\u00f3n Nacional de Literatura y a Luis Manuel S\u00e1nchez en la OCBA\u00a0"},"content":{"rendered":"\n<p class=\"wp-block-paragraph\">El Inbal reconoce los aportes realizados por el maestro Ra\u00fal Falc\u00f3, la poeta Leticia Luna y el maestro Ludwig Carrasco, quien ahora es director art\u00edstico de la Orquesta Sinf\u00f3nica Nacional&nbsp;<\/p>\n\n\n\n<p class=\"wp-block-paragraph\">&nbsp;Redacci\u00f3n<\/p>\n\n\n\n<p class=\"wp-block-paragraph\">SemM\u00e9xico, Ciudad de M\u00e9xico, 25 de febrero, 2023.- El Instituto Nacional de Bellas Artes y Literatura (Inbal), instituci\u00f3n de la Secretar\u00eda de Cultura del Gobierno de M\u00e9xico, design\u00f3 a la reconocida soprano mexicana Mar\u00eda Katzarava como directora del Estudio de \u00d3pera de Bellas Artes (EOBA) con el fin de fortalecer la proyecci\u00f3n de quienes integran dicho estudio y estrechar sus v\u00ednculos con la Compa\u00f1\u00eda Nacional de \u00d3pera (CNO).<\/p>\n\n\n\n<p class=\"wp-block-paragraph\">Tambi\u00e9n, en otros espacios importantes para el canto l\u00edrico, adem\u00e1s de diversificar repertorios y espacios de proyecci\u00f3n nacional e internacional.&nbsp;<\/p>\n\n\n\n<p class=\"wp-block-paragraph\">Se anuncia tambi\u00e9n que, al frente de la Coordinaci\u00f3n Nacional de Literatura (CNL) estar\u00e1 la escritora especialista en derechos humanos y gestora Karen Villeda, con el fin de fortalecer la difusi\u00f3n de la literatura entre p\u00fablicos m\u00e1s amplios, fortalecer el impulso de la obra de las mujeres, de las juventudes y fortalecer la colaboraci\u00f3n interinstitucional con escuelas de diferentes niveles y otros espacios comunitarios.&nbsp;&nbsp;<\/p>\n\n\n\n<p class=\"wp-block-paragraph\">Igualmente, luego de haber realizado una consulta interna y valorar su proyecto de trabajo, el Inbal nombra al maestro y director de orquesta Luis Manuel S\u00e1nchez Rivas como titular de la direcci\u00f3n art\u00edstica de la Orquesta de C\u00e1mara de Bellas Artes (OCBA), la cual consolidar\u00e1 su papel de impulso a la m\u00fasica de c\u00e1mara, los encargos de obra nueva a compositoras mexicanas, adem\u00e1s de fortalecer su repertorio y su programa de inclusi\u00f3n y vinculaci\u00f3n social.&nbsp;&nbsp;<\/p>\n\n\n\n<p class=\"wp-block-paragraph\">El 2022 fue un periodo de reactivaci\u00f3n presencial de las compa\u00f1\u00edas art\u00edsticas, orquestas y grupos vocales del Instituto en el que han interactuado de manera interdisciplinaria y en los diversos recintos, particularmente en la Red de Museos y los teatros en la Ciudad de M\u00e9xico y en distintos estados de la Rep\u00fablica. El Inbal se prepara para consolidar y fortalecer estos espacios fundamentales del quehacer art\u00edstico.&nbsp;<\/p>\n\n\n\n<p class=\"wp-block-paragraph\"><strong>Promoci\u00f3n a la trayectoria de egresados de la EOBA&nbsp;<\/strong><\/p>\n\n\n\n<figure class=\"wp-block-image size-large\"><a href=\"https:\/\/redsemlac.com\/semmexico\/wp-content\/uploads\/2023\/02\/maria-katzarava-eoba-02.jpg\"><img decoding=\"async\" src=\"https:\/\/redsemlac.com\/semmexico\/wp-content\/uploads\/2023\/02\/maria-katzarava-eoba-02-557x1024.jpg\" alt=\"\" class=\"wp-image-63130\"\/><\/a><\/figure>\n\n\n\n<p class=\"wp-block-paragraph\">La directora general del Inbal, Lucina Jim\u00e9nez L\u00f3pez, agradeci\u00f3 al maestro Ra\u00fal Falc\u00f3 su trabajo en el fortalecimiento del EOBA, una de las instituciones m\u00e1s importantes en la formaci\u00f3n profesional del arte oper\u00edstico a nivel nacional e internacional.&nbsp;<\/p>\n\n\n\n<p class=\"wp-block-paragraph\">En este \u00e1mbito de la profesionalizaci\u00f3n en el canto,&nbsp;el Inbal revitalizar\u00e1 la perspectiva y los procesos de formaci\u00f3n con la propuesta de trabajo que ha dialogado con la soprano Mar\u00eda Katzarava, quien asumir\u00e1 la titularidad del EOBA a partir del pr\u00f3ximo 1 de marzo de 2023.&nbsp;&nbsp;<\/p>\n\n\n\n<p class=\"wp-block-paragraph\">Mar\u00eda Katzarava inici\u00f3 su carrera en la m\u00fasica con tan solo cuatro a\u00f1os, cuando en casa recibi\u00f3 de sus padres la formaci\u00f3n como violinista. Posteriormente, en la adolescencia, descubri\u00f3 el extraordinario instrumento vocal que posee. As\u00ed, junto a su gran musicalidad comenz\u00f3 la carrera como cantante de \u00f3pera, despuntando internacionalmente al ganar el primer lugar de&nbsp;<em>Operalia<\/em>&nbsp;en 2008 en la categor\u00eda de \u00f3pera y en la categor\u00eda de zarzuela. Recibi\u00f3 un importante n\u00famero de reconocimientos por sus participaciones en m\u00faltiples presentaciones en todo el mundo.&nbsp;&nbsp;<\/p>\n\n\n\n<figure class=\"wp-block-image size-full\"><a href=\"https:\/\/redsemlac.com\/semmexico\/wp-content\/uploads\/2023\/02\/eoba.jpg\"><img loading=\"lazy\" decoding=\"async\" width=\"380\" height=\"360\" src=\"https:\/\/redsemlac.com\/semmexico\/wp-content\/uploads\/2023\/02\/eoba.jpg\" alt=\"\" class=\"wp-image-63129\"\/><\/a><\/figure>\n\n\n\n<p class=\"wp-block-paragraph\"><strong>Fortalecimiento del quehacer literario nacional&nbsp;<\/strong><\/p>\n\n\n\n<p class=\"wp-block-paragraph\">Asimismo, se reconoce la labor realizada por la poeta Leticia Luna en la Coordinaci\u00f3n Nacional de Literatura (CNL), quien realizar\u00e1 otra tarea y retomar\u00e1 sus actividades literarias y acad\u00e9micas.&nbsp;<\/p>\n\n\n\n<p class=\"wp-block-paragraph\">Ser\u00e1 la escritora Karen Villeda quien, a partir del 16 de marzo, continuar\u00e1 con el fortalecimiento&nbsp;&nbsp;de los Premios Nacionales de Literatura, en colaboraci\u00f3n con los estados, dando \u00e9nfasis en la difusi\u00f3n y el impulso a las nuevas generaciones de escritores, mujeres y hombres, en cuya obra se conjuga su tradici\u00f3n con el quehacer literario contempor\u00e1neo que se produce a nivel nacional e internacional, as\u00ed como la realizaci\u00f3n de talleres, conversatorios, impulso de la escritura y las lecturas entre nuevos sectores, sin abandonar el camino ya andado. Especial atenci\u00f3n recibir\u00e1 la promoci\u00f3n de la literatura en las escuelas y el impulso a las escrituras en lenguas ind\u00edgenas de M\u00e9xico.&nbsp;<\/p>\n\n\n\n<p class=\"wp-block-paragraph\">Otra importante labor ser\u00e1 la revitalizaci\u00f3n del Centro de Creaci\u00f3n Literaria&nbsp;<em>Xavier Villaurrutia,<\/em>&nbsp;al igual que la Capilla Alfonsina, para la mejora en su funcionamiento acorde a la diversidad de las expresiones literarias, por lo que la inclusi\u00f3n de las lenguas ind\u00edgenas y la presencia de las mujeres continuar\u00e1n siendo una prioridad.&nbsp;<\/p>\n\n\n\n<p class=\"wp-block-paragraph\"><strong>La OCBA consolida su presencia en el escenario de la m\u00fasica de c\u00e1mara en M\u00e9xico<\/strong><strong>&nbsp;<\/strong><\/p>\n\n\n\n<p class=\"wp-block-paragraph\">Tras las propuestas, experiencia y reconocimientos obtenidos a lo largo de su trayectoria, que fueran aprobadas de manera colegiada entre las autoridades del Inbal y las y los integrantes de la agrupaci\u00f3n musical, el Inbal ha designado al maestro Luis Manuel S\u00e1nchez Rivas como nuevo director art\u00edstico de la Orquesta de C\u00e1mara de Bellas Artes (OCBA).&nbsp;<\/p>\n\n\n\n<p class=\"wp-block-paragraph\">Inici\u00f3 sus estudios musicales a los 8 a\u00f1os como ejecutante de percusiones y piano y en 1996 ingres\u00f3 a la Escuela Nacional de M\u00fasica de la Universidad Nacional Aut\u00f3noma de M\u00e9xico (UNAM) para estudiar la licenciatura en tuba. En 2001 comenz\u00f3 su carrera de Direcci\u00f3n orquestal bajo la C\u00e1tedra de Ismael Campos Tinoco y ha tomado cursos de perfeccionamiento con los maestros Ronald Zollman, Enrique B\u00e1tiz, Jos\u00e9 Rafael Pascual Vilaplana, Robert Meunier, Franco Cesarini y Fernando Lozano.&nbsp;<\/p>\n\n\n\n<p class=\"wp-block-paragraph\">Este 2023, el Inbal consolidar\u00e1 sus orientaciones de diversidad, inclusi\u00f3n e igualdad, adem\u00e1s de afianzar la recuperaci\u00f3n en su totalidad de la vida art\u00edstica de todas sus agrupaciones, las cuales trabajan desde la b\u00fasqueda de excelencia, con una perspectiva de vinculaci\u00f3n social e integraci\u00f3n, con disposici\u00f3n de ampliar sus redes de circuitos, en colaboraci\u00f3n con otras instituciones y espacios de todo el pa\u00eds, y con los proyectos estrat\u00e9gicos de la Secretar\u00eda de Cultura del Gobierno de M\u00e9xico.&nbsp;<\/p>\n","protected":false},"excerpt":{"rendered":"<p>El Inbal reconoce los aportes realizados por el maestro Ra\u00fal Falc\u00f3, la poeta Leticia Luna y el maestro Ludwig Carrasco, quien ahora es director art\u00edstico de la Orquesta Sinf\u00f3nica Nacional\u00a0<\/p>\n","protected":false},"author":3,"featured_media":63131,"comment_status":"open","ping_status":"open","sticky":false,"template":"","format":"standard","meta":{"_monsterinsights_skip_tracking":false,"footnotes":""},"categories":[45,46],"tags":[],"class_list":["post-63128","post","type-post","status-publish","format-standard","has-post-thumbnail","category-cultura","category-cultura-cultura"],"_links":{"self":[{"href":"https:\/\/redsemlac.com\/semmexico\/wp-json\/wp\/v2\/posts\/63128","targetHints":{"allow":["GET"]}}],"collection":[{"href":"https:\/\/redsemlac.com\/semmexico\/wp-json\/wp\/v2\/posts"}],"about":[{"href":"https:\/\/redsemlac.com\/semmexico\/wp-json\/wp\/v2\/types\/post"}],"author":[{"embeddable":true,"href":"https:\/\/redsemlac.com\/semmexico\/wp-json\/wp\/v2\/users\/3"}],"replies":[{"embeddable":true,"href":"https:\/\/redsemlac.com\/semmexico\/wp-json\/wp\/v2\/comments?post=63128"}],"version-history":[{"count":0,"href":"https:\/\/redsemlac.com\/semmexico\/wp-json\/wp\/v2\/posts\/63128\/revisions"}],"wp:featuredmedia":[{"embeddable":true,"href":"https:\/\/redsemlac.com\/semmexico\/wp-json\/wp\/v2\/media\/63131"}],"wp:attachment":[{"href":"https:\/\/redsemlac.com\/semmexico\/wp-json\/wp\/v2\/media?parent=63128"}],"wp:term":[{"taxonomy":"category","embeddable":true,"href":"https:\/\/redsemlac.com\/semmexico\/wp-json\/wp\/v2\/categories?post=63128"},{"taxonomy":"post_tag","embeddable":true,"href":"https:\/\/redsemlac.com\/semmexico\/wp-json\/wp\/v2\/tags?post=63128"}],"curies":[{"name":"wp","href":"https:\/\/api.w.org\/{rel}","templated":true}]}}