{"id":63125,"date":"2023-02-25T18:08:20","date_gmt":"2023-02-26T00:08:20","guid":{"rendered":"https:\/\/redsemlac.com\/semmexico\/?p=63125"},"modified":"2023-02-25T18:08:22","modified_gmt":"2023-02-26T00:08:22","slug":"convocatoria-por-que-estamos-enojadas","status":"publish","type":"post","link":"https:\/\/redsemlac.com\/semmexico\/convocatoria-por-que-estamos-enojadas\/","title":{"rendered":"Convocatoria \u00bfPor qu\u00e9 estamos enojadas?"},"content":{"rendered":"\n<p class=\"wp-block-paragraph\">Redacci\u00f3n<\/p>\n\n\n\n<p class=\"wp-block-paragraph\">SemM\u00e9xico, Veracruz, Ver, 25 de febrero, 2023.- Respondamos de muchas maneras esta inmensa cuesti\u00f3n que nos atraviesa con poemas, micro cuentos, mini ensayo, bordados, collage y disciplinas h\u00edbridas.<\/p>\n\n\n\n<p class=\"wp-block-paragraph\">Aves y Moras, Testigo P\u00farpura y la Colectiva de Sobrevivientes nos convocan a explorar alrededor del enojo, la digna rabia, nuestro hartazgo, y las causas de todo esto a trav\u00e9s de la creaci\u00f3n.&nbsp;<\/p>\n\n\n\n<p class=\"wp-block-paragraph\">La tem\u00e1tica va sobre nuestro derecho a estar enojadas y manifestarlo.&nbsp;<\/p>\n\n\n\n<p class=\"wp-block-paragraph\">Seguro son sentimientos que a veces derrotan, a veces dan esperanza, a veces nos inundan y empujan a la acci\u00f3n. Preguntarnos por qu\u00e9 estamos enojadas es la posibilidad de&nbsp;reflexionar&nbsp;sobre esas cuestiones personales y pol\u00edticas que nos atraviesan.&nbsp;<\/p>\n\n\n\n<p class=\"wp-block-paragraph\">Todas las aportaciones a esta convocatoria ser\u00e1n publicadas en el medio de comunicaci\u00f3n Testigo P\u00farpura y en las redes de Aves y Moras y la Colectiva Sobrevivientes de Feminicidio.&nbsp;<\/p>\n\n\n\n<p class=\"wp-block-paragraph\">1.&nbsp;Podr\u00e1n participar todas aquellas mujeres que radiquen en la Tierra.&nbsp;<\/p>\n\n\n\n<p class=\"wp-block-paragraph\">2.&nbsp;Sobre la extensi\u00f3n o el formato, vamos a apostarle a la brevedad, exploremos por qu\u00e9 estamos enojadas en una cuartilla, en espacio o lienzo que nos da una \u201choja carta\u201d.<\/p>\n\n\n\n<p class=\"wp-block-paragraph\">3.&nbsp;Env\u00eden su colaboraci\u00f3n, con t\u00edtulo y autor\u00eda, justo como quieren que sea dada a conocer en formato&nbsp;pdf&nbsp;o&nbsp;jpg&nbsp;al correo:&nbsp;<a href=\"mailto:proyectoavesymoras@gmail.com\">proyectoavesymoras@gmail.com<\/a> &nbsp;con copia a:&nbsp;<a href=\"mailto:testigopurpura@gmail.com\">testigopurpura@gmail.com<\/a><\/p>\n\n\n\n<p class=\"wp-block-paragraph\">4.&nbsp;Es importante anexar en el mismo correo una semblanza breve no desde lo profesional, sino desde la vida y nuestras motivaciones e incluir la ficha t\u00e9cnica: t\u00edtulo, g\u00e9nero o t\u00e9cnica, as\u00ed como una fotograf\u00eda de ti que te guste mucho.&nbsp;<\/p>\n\n\n\n<p class=\"wp-block-paragraph\">5.&nbsp;El plazo&nbsp;de env\u00edo&nbsp;es del 1 al 31 de marzo de 2023. &nbsp;<\/p>\n\n\n\n<p class=\"wp-block-paragraph\">6.&nbsp;Se seleccionar\u00e1n&nbsp;el material&nbsp;que cumpla con las especificaciones requeridas.&nbsp;<\/p>\n\n\n\n<p class=\"wp-block-paragraph\">7.&nbsp;Al aceptar estas bases, las participantes aceptan que \u00bfPor qu\u00e9 estamos enojadas? tenga el derecho de reproducci\u00f3n.&nbsp;<\/p>\n\n\n\n<p class=\"wp-block-paragraph\">8. Los casos no previstos por la presente convocatoria ser\u00e1n considerados por las partes involucradas. Informes: Ana Alicia Osorio Gonz\u00e1lez <a href=\"mailto:anaali.osorio@gmail.com\" target=\"_blank\" rel=\"noreferrer noopener\">anaali.osorio@gmail.com<\/a><\/p>\n","protected":false},"excerpt":{"rendered":"<p>Respondamos de muchas maneras esta inmensa cuesti\u00f3n que nos atraviesa con poemas, micro cuentos, mini ensayo, bordados, collage y disciplinas h\u00edbridas.<\/p>\n","protected":false},"author":3,"featured_media":63126,"comment_status":"open","ping_status":"open","sticky":false,"template":"","format":"standard","meta":{"_monsterinsights_skip_tracking":false,"footnotes":""},"categories":[54],"tags":[],"class_list":["post-63125","post","type-post","status-publish","format-standard","has-post-thumbnail","category-mujeres"],"_links":{"self":[{"href":"https:\/\/redsemlac.com\/semmexico\/wp-json\/wp\/v2\/posts\/63125","targetHints":{"allow":["GET"]}}],"collection":[{"href":"https:\/\/redsemlac.com\/semmexico\/wp-json\/wp\/v2\/posts"}],"about":[{"href":"https:\/\/redsemlac.com\/semmexico\/wp-json\/wp\/v2\/types\/post"}],"author":[{"embeddable":true,"href":"https:\/\/redsemlac.com\/semmexico\/wp-json\/wp\/v2\/users\/3"}],"replies":[{"embeddable":true,"href":"https:\/\/redsemlac.com\/semmexico\/wp-json\/wp\/v2\/comments?post=63125"}],"version-history":[{"count":0,"href":"https:\/\/redsemlac.com\/semmexico\/wp-json\/wp\/v2\/posts\/63125\/revisions"}],"wp:featuredmedia":[{"embeddable":true,"href":"https:\/\/redsemlac.com\/semmexico\/wp-json\/wp\/v2\/media\/63126"}],"wp:attachment":[{"href":"https:\/\/redsemlac.com\/semmexico\/wp-json\/wp\/v2\/media?parent=63125"}],"wp:term":[{"taxonomy":"category","embeddable":true,"href":"https:\/\/redsemlac.com\/semmexico\/wp-json\/wp\/v2\/categories?post=63125"},{"taxonomy":"post_tag","embeddable":true,"href":"https:\/\/redsemlac.com\/semmexico\/wp-json\/wp\/v2\/tags?post=63125"}],"curies":[{"name":"wp","href":"https:\/\/api.w.org\/{rel}","templated":true}]}}