{"id":63122,"date":"2023-02-25T16:56:37","date_gmt":"2023-02-25T22:56:37","guid":{"rendered":"https:\/\/redsemlac.com\/semmexico\/?p=63122"},"modified":"2023-02-25T16:56:39","modified_gmt":"2023-02-25T22:56:39","slug":"el-servicio-profesional-electoral-es-una-conquista-irreductible-de-la-democracia-lorenzo-cordova-vianello","status":"publish","type":"post","link":"https:\/\/redsemlac.com\/semmexico\/el-servicio-profesional-electoral-es-una-conquista-irreductible-de-la-democracia-lorenzo-cordova-vianello\/","title":{"rendered":"El Servicio Profesional Electoral es una conquista irreductible de la democracia: Lorenzo C\u00f3rdova Vianello"},"content":{"rendered":"\n<p class=\"wp-block-paragraph\"><em>La Asociaci\u00f3n de Contraloras y Contralores de Institutos Electorales de M\u00e9xico, reconoce el respaldo y acompa\u00f1amiento de Lorenzo C\u00f3rdova como Consejero Presidente del INE<\/em><\/p>\n\n\n\n<p class=\"wp-block-paragraph\"><em>El personal del Servicio Profesional Electoral Nacional es evaluado y capacitado peri\u00f3dicamente para cumplir su funci\u00f3n que es altamente especializada<\/em><\/p>\n\n\n\n<p class=\"wp-block-paragraph\">Redacci\u00f3n<\/p>\n\n\n\n<p class=\"wp-block-paragraph\">SemM\u00e9xico, Ciudad de M\u00e9xico, 25 de febrero, 2023.- La estructura del Servicio Profesional Electoral, tanto del Instituto Nacional Electoral (INE) como de los Organismos P\u00fablicos Electorales (OPL) \u201cson el ancla de estabilidad profesional para organizar elecciones libres y democr\u00e1ticas\u201d y el llamado Plan B pretende destituir al 86 por ciento de las plazas de ese servicio, sostuvo Lorenzo C\u00f3rdova Vianello, Consejero Presidente del Instituto.&nbsp;<\/p>\n\n\n\n<p class=\"wp-block-paragraph\">Durante su conferencia \u201cRiesgos y desaf\u00edos para nuestra democracia\u201d en el marco del IV Foro Nacional de la Asociaci\u00f3n de Contraloras y Contralores de Institutos Electorales de M\u00e9xico (ANCCIEM), subray\u00f3 que esa estructura profesional es la columna vertebral del Instituto.<\/p>\n\n\n\n<p class=\"wp-block-paragraph\">El personal del Servicio Profesional, miles de hombres y mujeres, &nbsp;es evaluado y capacitado peri\u00f3dicamente para cumplir su funci\u00f3n que es altamente especializada en t\u00e9rminos t\u00e9cnicos, como lo establece la propia Constituci\u00f3n.<\/p>\n\n\n\n<p class=\"wp-block-paragraph\">Desde el Centro Cultural Universitario, bajo la moderaci\u00f3n del Ignacio Hurtado, Presidente del Instituto Estatal de Michoac\u00e1n (IEM), afirm\u00f3 que el Servicio Profesional electoral forma parte de las conquistas irreductibles de la democracia, junto con la autonom\u00eda e independencia de los \u00f3rganos electorales, la estructura desconcentrada, el Padr\u00f3n Electoral y las condiciones de la equidad en la contienda.<\/p>\n\n\n\n<p class=\"wp-block-paragraph\">Se refiri\u00f3 el trabajo de las 300 Juntas Distritales al calificarlas como \u201clos centros neur\u00e1lgicos de cada elecci\u00f3n\u201d y la reforma plantea sustituirlas por una sola junta operativa a cargo de una oficina auxiliar que funcionar\u00e1 s\u00f3lo en tiempos de elecciones.<\/p>\n\n\n\n<p class=\"wp-block-paragraph\">En representaci\u00f3n de las y los contralores de la ANCCIEM, su Presidenta Isolda del Rosario Gonz\u00e1lez Cisneros, reconoci\u00f3 el respaldo y acompa\u00f1amiento de Lorenzo C\u00f3rdova Vianello &nbsp;como Consejero Presidente del INE a la Asociaci\u00f3n; adem\u00e1s de las y los consejeros del IEM, Araceli Guti\u00e9rrez, Juan Adolfo Montiel, Luis Ignacio Pe\u00f1a, Marlene Mendoza, Carol Arellano y Viridiana Villase\u00f1or.<\/p>\n\n\n\n<p class=\"wp-block-paragraph\"><strong><em>El Servicio Profesional Electoral construye nexos de confianza ciudadana<\/em><\/strong><strong><\/strong><\/p>\n\n\n\n<p class=\"wp-block-paragraph\">Ante contraloras y contralores de los 32 Institutos Electorales Locales, representantes del Poder Judicial de Michoac\u00e1n y del Tribunal Electoral, asegur\u00f3 el Consejero Presidente que el Plan B no era necesario, ya que hoy la credibilidad del INE frente a la ciudadan\u00eda est\u00e1 en niveles hist\u00f3ricos de confianza que alcanza el 66 por ciento, el m\u00e1s alto en los \u00faltimos 30 a\u00f1os.<\/p>\n\n\n\n<p class=\"wp-block-paragraph\">Sin confianza ciudadana el INE no ser\u00eda capaz de hacer elecciones, se\u00f1al\u00f3 el Consejero Presidente, ya que son las personas quienes participan y hacen los comicios con los m\u00e1s altos niveles de participaci\u00f3n.<\/p>\n\n\n\n<p class=\"wp-block-paragraph\">Hoy el INE y los OPL cuentan con una estructura permanente en todo el pa\u00eds para brindar los servicios y construir los nexos de confianza ciudadana, que les permite conocer los terrenos para poder operar cuando hay elecciones, enfatiz\u00f3.<\/p>\n\n\n\n<p class=\"wp-block-paragraph\">Detall\u00f3 que hay zonas del pa\u00eds donde s\u00f3lo entra el personal del INE. En estados convulsos no han dejado de instalarse casillas electorales por alg\u00fan tipo de conflicto social o por la presunta presencia de la delincuencia.<\/p>\n\n\n\n<p class=\"wp-block-paragraph\">Lorenzo C\u00f3rdova estim\u00f3 que la reforma electoral tambi\u00e9n pone en riesgo el Padr\u00f3n Electoral al colocar en manos del gobierno la base de datos de la Credencial Electoral, por lo que visualiz\u00f3 \u201cuna gran cantidad de amparos por la ciudadan\u00eda en demanda de la protecci\u00f3n de datos personales\u201d.<\/p>\n\n\n\n<p class=\"wp-block-paragraph\">La esencia de un Padr\u00f3n Electoral es que no sea gestionado por instancia gubernamental, ya que esta base de datos permite que haya elecciones libres y democr\u00e1ticas sin la intervenci\u00f3n de los partidos pol\u00edticos, lo que garantiza la equidad en las elecciones.<\/p>\n\n\n\n<p class=\"wp-block-paragraph\">A pesar de los existentes desaf\u00edos de la democracia, los obst\u00e1culos presupuestales y las constantes violaciones a las reglas del juego por partes de funcionarios, el INE contin\u00faa trabajando codo a codo con la ciudadan\u00eda, a\u00f1adi\u00f3 C\u00f3rdova.<\/p>\n\n\n\n<p class=\"wp-block-paragraph\"><strong><em>Convoca a la defensa de la democracia para preservar la institucionalidad electoral<\/em><\/strong><strong><\/strong><\/p>\n\n\n\n<p class=\"wp-block-paragraph\">En un Encuentro Institucional con consejeras y consejeros del Instituto Estatal de Michoac\u00e1n, Lorenzo C\u00f3rdova les agradeci\u00f3 su participaci\u00f3n en la colaboraci\u00f3n del actual sistema electoral, mediante su estructura en la organizaci\u00f3n de los procesos electores, sobre todo en un estado tan complejo como Michoac\u00e1n.<\/p>\n\n\n\n<p class=\"wp-block-paragraph\">El INE y el IEM avanzaron de la mano como \u00f3rganos electorales en los \u00faltimos a\u00f1os, lo que abon\u00f3 a incrementar la credibilidad del Instituto en el pa\u00eds, dijo, y los convoc\u00f3 a la defensa de la democracia para preservar la institucionalidad electoral.<\/p>\n\n\n\n<p class=\"wp-block-paragraph\">El llamado Plan B, recalc\u00f3, tiene su aspecto m\u00e1s nocivo, lesivo y antidemocr\u00e1tico en la afectaci\u00f3n a la estructura de los organismos electorales, porque trata a todos los \u00f3rganos electorales como si fueran iguales, pese a la complejidad pol\u00edtica y los reclamos sociales, entre ellos, el de las comunidades ind\u00edgenas.<\/p>\n","protected":false},"excerpt":{"rendered":"<p>La Asociaci\u00f3n de Contraloras y Contralores de Institutos Electorales de M\u00e9xico, reconoce el respaldo y acompa\u00f1amiento de Lorenzo C\u00f3rdova como Consejero Presidente del INE<\/p>\n","protected":false},"author":3,"featured_media":63123,"comment_status":"open","ping_status":"open","sticky":false,"template":"","format":"standard","meta":{"_monsterinsights_skip_tracking":false,"footnotes":""},"categories":[51],"tags":[],"class_list":["post-63122","post","type-post","status-publish","format-standard","has-post-thumbnail","category-ejecutivo"],"_links":{"self":[{"href":"https:\/\/redsemlac.com\/semmexico\/wp-json\/wp\/v2\/posts\/63122","targetHints":{"allow":["GET"]}}],"collection":[{"href":"https:\/\/redsemlac.com\/semmexico\/wp-json\/wp\/v2\/posts"}],"about":[{"href":"https:\/\/redsemlac.com\/semmexico\/wp-json\/wp\/v2\/types\/post"}],"author":[{"embeddable":true,"href":"https:\/\/redsemlac.com\/semmexico\/wp-json\/wp\/v2\/users\/3"}],"replies":[{"embeddable":true,"href":"https:\/\/redsemlac.com\/semmexico\/wp-json\/wp\/v2\/comments?post=63122"}],"version-history":[{"count":0,"href":"https:\/\/redsemlac.com\/semmexico\/wp-json\/wp\/v2\/posts\/63122\/revisions"}],"wp:featuredmedia":[{"embeddable":true,"href":"https:\/\/redsemlac.com\/semmexico\/wp-json\/wp\/v2\/media\/63123"}],"wp:attachment":[{"href":"https:\/\/redsemlac.com\/semmexico\/wp-json\/wp\/v2\/media?parent=63122"}],"wp:term":[{"taxonomy":"category","embeddable":true,"href":"https:\/\/redsemlac.com\/semmexico\/wp-json\/wp\/v2\/categories?post=63122"},{"taxonomy":"post_tag","embeddable":true,"href":"https:\/\/redsemlac.com\/semmexico\/wp-json\/wp\/v2\/tags?post=63122"}],"curies":[{"name":"wp","href":"https:\/\/api.w.org\/{rel}","templated":true}]}}