{"id":63119,"date":"2023-02-25T16:46:31","date_gmt":"2023-02-25T22:46:31","guid":{"rendered":"https:\/\/redsemlac.com\/semmexico\/?p=63119"},"modified":"2023-02-25T16:46:33","modified_gmt":"2023-02-25T22:46:33","slug":"denuncian-a-potencial-feminicida-en-redes-sociales-en-veracruz","status":"publish","type":"post","link":"https:\/\/redsemlac.com\/semmexico\/denuncian-a-potencial-feminicida-en-redes-sociales-en-veracruz\/","title":{"rendered":"DENUNCIAN A POTENCIAL FEMINICIDA EN REDES\u00a0SOCIALES EN VERACRUZ"},"content":{"rendered":"\n<p class=\"wp-block-paragraph\">Redacci\u00f3n<\/p>\n\n\n\n<p class=\"wp-block-paragraph\">SemM\u00e9xico\/Testigo P\u00farpura, Veracruz, Ver., 25 de febrero, 2023.- Rub\u00e9n, como lo identifica una de sus v\u00edctimas, fue denunciado a trav\u00e9s de redes sociales por una presunta tentativa de feminicidio.<\/p>\n\n\n\n<p class=\"wp-block-paragraph\">Hissy.cofi, como se identifica la joven denunciante, relata que el pasado 12 de febrero Rub\u00e9n atent\u00f3 contra su vida, ahog\u00e1ndola con arena, cort\u00e1ndola con un cuchillo y golpe\u00e1ndola con un palo; adem\u00e1s de que amenaz\u00f3 que enterrar\u00eda su cuerpo usando una pala que cargaba consigo en el momento del ataque.<\/p>\n\n\n\n<p class=\"wp-block-paragraph\">\u00abDesconozco las razones por las que me haya dejado ir, \u00e9l pensaba enterrar mi cuerpo con una pala plegable de su propiedad que dijo tener en su mochila en ese momento\u201d, relata la joven.<\/p>\n\n\n\n<p class=\"wp-block-paragraph\">En la publicaci\u00f3n Hissy.cofi tambi\u00e9n muestra fotograf\u00edas de las lesiones que Rub\u00e9n dej\u00f3 en su cuerpo, principalmente en el cuello y rostro.<\/p>\n\n\n\n<p class=\"wp-block-paragraph\">A\u00f1ade que comparte su caso para que esto no le ocurra a otras mujeres y que las autoridades act\u00faen y hagan justicia.<\/p>\n\n\n\n<p class=\"wp-block-paragraph\">\u201cYa he denunciado a la persona y est\u00e1 en capeta el caso, pido por favor difundan esta noticia, para que las personas tengan cuidado con este individuo\u201d, expres\u00f3.<\/p>\n","protected":false},"excerpt":{"rendered":"<p>Rub\u00e9n, como lo identifica una de sus v\u00edctimas, fue denunciado a trav\u00e9s de redes sociales por una presunta tentativa de feminicidio.<\/p>\n","protected":false},"author":3,"featured_media":63120,"comment_status":"open","ping_status":"open","sticky":false,"template":"","format":"standard","meta":{"_monsterinsights_skip_tracking":false,"footnotes":""},"categories":[47],"tags":[],"class_list":["post-63119","post","type-post","status-publish","format-standard","has-post-thumbnail","category-no-mas-impunidad"],"_links":{"self":[{"href":"https:\/\/redsemlac.com\/semmexico\/wp-json\/wp\/v2\/posts\/63119","targetHints":{"allow":["GET"]}}],"collection":[{"href":"https:\/\/redsemlac.com\/semmexico\/wp-json\/wp\/v2\/posts"}],"about":[{"href":"https:\/\/redsemlac.com\/semmexico\/wp-json\/wp\/v2\/types\/post"}],"author":[{"embeddable":true,"href":"https:\/\/redsemlac.com\/semmexico\/wp-json\/wp\/v2\/users\/3"}],"replies":[{"embeddable":true,"href":"https:\/\/redsemlac.com\/semmexico\/wp-json\/wp\/v2\/comments?post=63119"}],"version-history":[{"count":0,"href":"https:\/\/redsemlac.com\/semmexico\/wp-json\/wp\/v2\/posts\/63119\/revisions"}],"wp:featuredmedia":[{"embeddable":true,"href":"https:\/\/redsemlac.com\/semmexico\/wp-json\/wp\/v2\/media\/63120"}],"wp:attachment":[{"href":"https:\/\/redsemlac.com\/semmexico\/wp-json\/wp\/v2\/media?parent=63119"}],"wp:term":[{"taxonomy":"category","embeddable":true,"href":"https:\/\/redsemlac.com\/semmexico\/wp-json\/wp\/v2\/categories?post=63119"},{"taxonomy":"post_tag","embeddable":true,"href":"https:\/\/redsemlac.com\/semmexico\/wp-json\/wp\/v2\/tags?post=63119"}],"curies":[{"name":"wp","href":"https:\/\/api.w.org\/{rel}","templated":true}]}}