{"id":63097,"date":"2023-02-25T13:57:04","date_gmt":"2023-02-25T19:57:04","guid":{"rendered":"https:\/\/redsemlac.com\/semmexico\/?p=63097"},"modified":"2023-02-25T13:57:06","modified_gmt":"2023-02-25T19:57:06","slug":"colectivos-de-familiares-de-migrantes-desaparecidos-y-desaparecidas-piden-al-gobierno-mecanismos-eficaces-para-su-localizacion","status":"publish","type":"post","link":"https:\/\/redsemlac.com\/semmexico\/colectivos-de-familiares-de-migrantes-desaparecidos-y-desaparecidas-piden-al-gobierno-mecanismos-eficaces-para-su-localizacion\/","title":{"rendered":"Colectivos de familiares de migrantes desaparecidos y desaparecidas\u00a0piden al gobierno, mecanismos eficaces para\u00a0su localizaci\u00f3n"},"content":{"rendered":"\n<p class=\"wp-block-paragraph\">Que el gobierno \u201cdeje de mirar la migraci\u00f3n s\u00f3lo como dinero de las remesas\u201d: Comit\u00e9s de buscadoras de desaparecidos<\/p>\n\n\n\n<p class=\"wp-block-paragraph\">Las familias no dejamos de buscar y no dejamos de encontrar, estamos haciendo el trabajo que los gobiernos no hacen<\/p>\n\n\n\n<p class=\"wp-block-paragraph\">Gabriela Couti\u00f1o<\/p>\n\n\n\n<p class=\"wp-block-paragraph\">SemM\u00e9xico, Tuxtla Guti\u00e9rrez, Chis. 25 de febrero, 2023.- \u00a0 M\u00e1s de 20 organizaciones y comit\u00e9s de familiares de desaparecidos y desaparecidas de Estados Unidos M\u00e9xico y Centro Am\u00e9rica, se reunieron por primera vez en San Crist\u00f3bal de las Casas, para exigir al gobierno lleve a cabo acciones m\u00e1s eficaces para localizar a personas migrantes ausentes.<br><br>Tambi\u00e9n demandaron la debida implementaci\u00f3n de la ley y del cumplimiento de las recomendaciones del Comit\u00e9 contra las Desapariciones Forzadas de la ONU.<br><br>Al demandar al gobierno que \u201cdeje de mirar a las y los migrantes s\u00f3lo como dinero de las remesas\u201d, demandaron tambi\u00e9n la \u201cdebida implementaci\u00f3n de la ley y el cumplimiento de las recomendaciones del Comit\u00e9 contra las Desapariciones Forzadas de la Organizaci\u00f3n de las Naciones Unidas (ONU).<br><br>\u201cLas familias no dejamos de buscar y no dejamos de encontrar, estamos haciendo el trabajo que los gobiernos no hacen. Nos cuidamos entre nosotras ante un Estado que ha sido indolente, omiso y sin voluntad pol\u00edtica\u201d, manifestaron en un pronunciamiento conjunto.<br><br>En el encuentro que se llev\u00f3 a cabo en el museo Jtatik Samuel Ruiz, las organizaciones pidieron que se elaboren protocolos de b\u00fasqueda y localizaci\u00f3n en contextos de migraci\u00f3n, adem\u00e1s de que se den a conocer los existentes y que haya\u00a0 una operatividad eficaz y coordinada con el Mecanismo Extraordinario de Identificaci\u00f3n Forense (MEIF) y otras instituciones encaminadas a atender y responder la crisis forense.<\/p>\n\n\n\n<figure class=\"wp-block-image size-large\"><a href=\"https:\/\/redsemlac.com\/semmexico\/wp-content\/uploads\/2023\/02\/tuxtla-colect-02.jpg\"><img decoding=\"async\" src=\"https:\/\/redsemlac.com\/semmexico\/wp-content\/uploads\/2023\/02\/tuxtla-colect-02-1024x768.jpg\" alt=\"\" class=\"wp-image-63100\"\/><\/a><\/figure>\n\n\n\n<p class=\"wp-block-paragraph\">\u201cVenimos de California, Estados Unidos, de Baja California, Sonora, Coahuila, Tamaulipas, Guerrero, Oaxaca, Chiapas, Guatemala, El Salvador y Honduras y desde nuestros territorios hemos aprendido a caminar mujeres y hombres sin miedo buscando a nuestras familias desaparecidas, pues las madres de Centro Am\u00e9rica nos ense\u00f1aron que con la digna rabia se pueden romper las fronteras\u201d, expresaron.<br><br>Los comit\u00e9s de familiares demandaron la implementaci\u00f3n de protocolos de \u201cidentificaci\u00f3n, notificaci\u00f3n, retorno, repatriaci\u00f3n y restituciones dignas de acuerdo con nuestra cultura, cosmovisi\u00f3n y creencias; b\u00fasquedas profesionales de recuperaci\u00f3n de ADN; tener int\u00e9rpretes y personal en las fiscal\u00edas con sensibilidad, perspectiva de g\u00e9nero, interculturalidad, interseccionalidad y de derechos humanos\u201d.<br><br>Tambi\u00e9n pidieron acceso a la justicia, verdad y la reparaci\u00f3n integral digna de acuerdo con la cosmovisi\u00f3n de las familias, as\u00ed que las denuncias se reciban y atienda inmediatamente \u201cy no esperar las 72 horas que nos piden para empezar a buscar a nuestros familiares\u201d.<br><br>Manifestaron que \u201ccuando las personas son localizadas sin vida en Estados Unidos o M\u00e9xico, existen anomal\u00edas en los procesos de repatriaci\u00f3n de los cuerpos. Por ejemplo, a una familia de Centro Am\u00e9rica, le entregaron una bolsa de arena y de aserr\u00edn en lugar del cuerpo, bajo la exigencia de no abrir el ata\u00fad\u201d.<br><br>Adem\u00e1s, de ser procesos costosos para las familias que no cuentan con los recursos, son lentos, burocr\u00e1ticos y revictimizantes\u201d.<br><br>Las organizaciones exigieron que las acciones encaminadas a garantizar la verdad, justicia, reparaci\u00f3n integral, garant\u00eda de no repetici\u00f3n y memoria colectiva, sean prioritarias a grupos en mayor grado de vulnerabilidad: ni\u00f1as, ni\u00f1os, adolescentes, mujeres, pueblos ind\u00edgenas y personas en movilidad forzada.<br><br>Este primer encuentro en Chiapas, cont\u00f3 con la&nbsp; asistencia de representantes de Voces Mesoamericanas Acci\u00f3n con Pueblos Migrantes, el Centro de Derechos Humanos Fray Bartolom\u00e9 de Las Casas, la Asociaci\u00f3n Comit\u00e9 de Familiares de Migrantes fallecidos y desaparecidos de El Salvador, la Red de Derechos Humanos Todo los Derechos para Todas y Todos y la Asociaci\u00f3n de Familiares Migrantes Desaparecidos de Guatemala, entre otros.<\/p>\n\n\n\n<figure class=\"wp-block-gallery has-nested-images columns-default is-cropped wp-block-gallery-1 is-layout-flex wp-block-gallery-is-layout-flex\">\n<figure class=\"wp-block-image size-large\"><a href=\"https:\/\/redsemlac.com\/semmexico\/wp-content\/uploads\/2023\/02\/tuxtla-colect-03.jpg\"><img decoding=\"async\" data-id=\"63098\" src=\"https:\/\/redsemlac.com\/semmexico\/wp-content\/uploads\/2023\/02\/tuxtla-colect-03-1024x768.jpg\" alt=\"\" class=\"wp-image-63098\"\/><\/a><\/figure>\n\n\n\n<figure class=\"wp-block-image size-large\"><a href=\"https:\/\/redsemlac.com\/semmexico\/wp-content\/uploads\/2023\/02\/tuxtla-colect-04.jpg\"><img decoding=\"async\" data-id=\"63099\" src=\"https:\/\/redsemlac.com\/semmexico\/wp-content\/uploads\/2023\/02\/tuxtla-colect-04-1024x768.jpg\" alt=\"\" class=\"wp-image-63099\"\/><\/a><\/figure>\n<\/figure>\n","protected":false},"excerpt":{"rendered":"<p> M\u00e1s de 20 organizaciones y comit\u00e9s de familiares de desaparecidos y desaparecidas de Estados Unidos M\u00e9xico y Centro Am\u00e9rica, se reunieron por primera vez en San Crist\u00f3bal de las Casas, para exigir al gobierno lleve a cabo acciones m\u00e1s eficaces para localizar a personas migrantes ausentes.<\/p>\n","protected":false},"author":3,"featured_media":63101,"comment_status":"open","ping_status":"open","sticky":false,"template":"","format":"standard","meta":{"_monsterinsights_skip_tracking":false,"footnotes":""},"categories":[47],"tags":[],"class_list":["post-63097","post","type-post","status-publish","format-standard","has-post-thumbnail","category-no-mas-impunidad"],"_links":{"self":[{"href":"https:\/\/redsemlac.com\/semmexico\/wp-json\/wp\/v2\/posts\/63097","targetHints":{"allow":["GET"]}}],"collection":[{"href":"https:\/\/redsemlac.com\/semmexico\/wp-json\/wp\/v2\/posts"}],"about":[{"href":"https:\/\/redsemlac.com\/semmexico\/wp-json\/wp\/v2\/types\/post"}],"author":[{"embeddable":true,"href":"https:\/\/redsemlac.com\/semmexico\/wp-json\/wp\/v2\/users\/3"}],"replies":[{"embeddable":true,"href":"https:\/\/redsemlac.com\/semmexico\/wp-json\/wp\/v2\/comments?post=63097"}],"version-history":[{"count":0,"href":"https:\/\/redsemlac.com\/semmexico\/wp-json\/wp\/v2\/posts\/63097\/revisions"}],"wp:featuredmedia":[{"embeddable":true,"href":"https:\/\/redsemlac.com\/semmexico\/wp-json\/wp\/v2\/media\/63101"}],"wp:attachment":[{"href":"https:\/\/redsemlac.com\/semmexico\/wp-json\/wp\/v2\/media?parent=63097"}],"wp:term":[{"taxonomy":"category","embeddable":true,"href":"https:\/\/redsemlac.com\/semmexico\/wp-json\/wp\/v2\/categories?post=63097"},{"taxonomy":"post_tag","embeddable":true,"href":"https:\/\/redsemlac.com\/semmexico\/wp-json\/wp\/v2\/tags?post=63097"}],"curies":[{"name":"wp","href":"https:\/\/api.w.org\/{rel}","templated":true}]}}