{"id":63094,"date":"2023-02-24T18:16:23","date_gmt":"2023-02-25T00:16:23","guid":{"rendered":"https:\/\/redsemlac.com\/semmexico\/?p=63094"},"modified":"2023-02-24T18:16:25","modified_gmt":"2023-02-25T00:16:25","slug":"unica-mujer-trans-postulada-para-el-consejo-general-del-ine","status":"publish","type":"post","link":"https:\/\/redsemlac.com\/semmexico\/unica-mujer-trans-postulada-para-el-consejo-general-del-ine\/","title":{"rendered":"\u00danica mujer trans postulada para el Consejo General del INE"},"content":{"rendered":"\n<ul class=\"wp-block-list\">\n<li><strong>La activista de 44 a\u00f1os tiene una experiencia profesional de m\u00e1s de dos d\u00e9cadas en el servicio electoral, desde el antiguo IFE hasta el INE. En 2021 se incorpor\u00f3 al \u00f3rgano electoral oaxaque\u00f1o.<\/strong><\/li>\n<\/ul>\n\n\n\n<p class=\"wp-block-paragraph\"><strong>Patricia Brise\u00f1o<\/strong><\/p>\n\n\n\n<p class=\"wp-block-paragraph\">SemM\u00e9xico, Oaxaca de Ju\u00e1rez, 24 de febrero del 2023.- Luisa Rebeca Garza L\u00f3pez, mujer transg\u00e9nero y activista por los derechos humanos se registr\u00f3 en el proceso de selecci\u00f3n de consejeros electorales del Instituto Nacional Electoral (INE).<\/p>\n\n\n\n<p class=\"wp-block-paragraph\">La actual encargada de capacitaci\u00f3n y educaci\u00f3n c\u00edvica del Instituto Estatal Electoral y de Participaci\u00f3n Ciudadana de Oaxaca (IEEPCO), es la \u00fanica mujer transg\u00e9nero que present\u00f3 su documentaci\u00f3n para postularse a una de las cuatro vacantes en el Consejo General.<\/p>\n\n\n\n<p class=\"wp-block-paragraph\">De acuerdo con la convocatoria, el registro comenz\u00f3 el pasado 16 de febrero y termin\u00f3 el jueves 23. A partir de este viernes, el Comit\u00e9 T\u00e9cnico de Evaluaci\u00f3n inici\u00f3 con la revisi\u00f3n y depuraci\u00f3n de la documentaci\u00f3n, para continuar con la siguiente ronda.<\/p>\n\n\n\n<p class=\"wp-block-paragraph\">Garza L\u00f3pez egres\u00f3 de la licenciatura de Administraci\u00f3n, de la Facultad de Contadur\u00eda P\u00fablica y Administraci\u00f3n por la Universidad Aut\u00f3noma de Nuevo Le\u00f3n (UANL); cuenta con estudios de postgrado en la misma instituci\u00f3n.<\/p>\n\n\n\n<p class=\"wp-block-paragraph\">Despu\u00e9s de varios a\u00f1os de lucha y litigio en 2017, logr\u00f3 cambiar su nombre en el t\u00edtulo profesional otorgado en la universidad regia.<\/p>\n\n\n\n<p class=\"wp-block-paragraph\">La activista de 44 a\u00f1os tiene una experiencia profesional de m\u00e1s de dos d\u00e9cadas en el servicio electoral, desde el antiguo IFE hasta el INE. En 2021 se incorpor\u00f3 al \u00f3rgano electoral oaxaque\u00f1o.<\/p>\n\n\n\n<p class=\"wp-block-paragraph\">En breve entrevista refiri\u00f3 que su registro \u201cimplic\u00f3 romper un techo de cristal; el techo simb\u00f3lico de aquellos lugares donde no est\u00e1n acostumbrados a vernos (a las personas trans)\u201d.<\/p>\n\n\n\n<p class=\"wp-block-paragraph\">\u201cAmo trabajar para que la igualdad sustantiva sea algo cotidiano para todas las personas en todos los espacios. Esa realidad a\u00fan es una utop\u00eda, pero es posible, por eso decid\u00ed participar\u201d, agreg\u00f3.<\/p>\n\n\n\n<p class=\"wp-block-paragraph\">\u201cCualquiera que sea el resultado, ya ganamos nosotros, nosotras, nosotres\u201d, subray\u00f3.<\/p>\n\n\n\n<h2 class=\"wp-block-heading\">DATO<\/h2>\n\n\n\n<p class=\"wp-block-paragraph\">Garza L\u00f3pez fue asesora interna aprobada por el Consejo General del INE en 2017 para la construcci\u00f3n del Protocolo para adoptar las medidas tendientes a garantizar a las personas trans el ejercicio del voto en igualdad de condiciones y sin discriminaci\u00f3n en todos los tipos de elecci\u00f3n y mecanismos de participaci\u00f3n ciudadana; implementado por primera vez en las elecciones de 2018 en todo el pa\u00eds.<\/p>\n\n\n\n<p class=\"wp-block-paragraph\">SEM\/MG<\/p>\n","protected":false},"excerpt":{"rendered":"<p>La activista de 44 a\u00f1os tiene una experiencia profesional de m\u00e1s de dos d\u00e9cadas en el servicio electoral, desde el antiguo IFE hasta el INE. En 2021 se incorpor\u00f3 al \u00f3rgano electoral oaxaque\u00f1o.<\/p>\n","protected":false},"author":3,"featured_media":63095,"comment_status":"open","ping_status":"open","sticky":false,"template":"","format":"standard","meta":{"_monsterinsights_skip_tracking":false,"footnotes":""},"categories":[51],"tags":[],"class_list":["post-63094","post","type-post","status-publish","format-standard","has-post-thumbnail","category-ejecutivo"],"_links":{"self":[{"href":"https:\/\/redsemlac.com\/semmexico\/wp-json\/wp\/v2\/posts\/63094","targetHints":{"allow":["GET"]}}],"collection":[{"href":"https:\/\/redsemlac.com\/semmexico\/wp-json\/wp\/v2\/posts"}],"about":[{"href":"https:\/\/redsemlac.com\/semmexico\/wp-json\/wp\/v2\/types\/post"}],"author":[{"embeddable":true,"href":"https:\/\/redsemlac.com\/semmexico\/wp-json\/wp\/v2\/users\/3"}],"replies":[{"embeddable":true,"href":"https:\/\/redsemlac.com\/semmexico\/wp-json\/wp\/v2\/comments?post=63094"}],"version-history":[{"count":0,"href":"https:\/\/redsemlac.com\/semmexico\/wp-json\/wp\/v2\/posts\/63094\/revisions"}],"wp:featuredmedia":[{"embeddable":true,"href":"https:\/\/redsemlac.com\/semmexico\/wp-json\/wp\/v2\/media\/63095"}],"wp:attachment":[{"href":"https:\/\/redsemlac.com\/semmexico\/wp-json\/wp\/v2\/media?parent=63094"}],"wp:term":[{"taxonomy":"category","embeddable":true,"href":"https:\/\/redsemlac.com\/semmexico\/wp-json\/wp\/v2\/categories?post=63094"},{"taxonomy":"post_tag","embeddable":true,"href":"https:\/\/redsemlac.com\/semmexico\/wp-json\/wp\/v2\/tags?post=63094"}],"curies":[{"name":"wp","href":"https:\/\/api.w.org\/{rel}","templated":true}]}}