{"id":63087,"date":"2023-02-24T11:44:12","date_gmt":"2023-02-24T17:44:12","guid":{"rendered":"https:\/\/redsemlac.com\/semmexico\/?p=63087"},"modified":"2023-02-24T11:44:14","modified_gmt":"2023-02-24T17:44:14","slug":"comisiones-del-senado-aprueban-dictamen-para-combatir-acoso-sexual-en-espacios-publicos","status":"publish","type":"post","link":"https:\/\/redsemlac.com\/semmexico\/comisiones-del-senado-aprueban-dictamen-para-combatir-acoso-sexual-en-espacios-publicos\/","title":{"rendered":"Comisiones del Senado aprueban dictamen para combatir acoso sexual en espacios p\u00fablicos"},"content":{"rendered":"\n<p class=\"wp-block-paragraph\"><strong>Elda Montiel<\/strong><\/p>\n\n\n\n<p class=\"wp-block-paragraph\">SemM\u00e9xico, Ciudad de M\u00e9xico, 24 de febrero del 2023.- Para garantizar que en los espacios p\u00fablicos como el transporte se combata el acoso sexual se aprob\u00f3 un proyecto que adiciona la Ley General de Acceso de las Mujeres a una Vida Libre de Violencia en Comisiones Unidas para la Igualdad de G\u00e9nero y de Estudios Legislativos Segunda, que presiden la senadora Martha Luc\u00eda Micher Camarena y el senador Rafael Espino de la Pe\u00f1a.<\/p>\n\n\n\n<p class=\"wp-block-paragraph\">El Proyecto establece el acoso sexual en los espacios p\u00fablicos como parte de la modalidad de violencia en la comunidad, el cual define como un abuso de poder respecto de la v\u00edctima, sin que medie relaci\u00f3n alguna con la persona agresora, y realizada en lugares p\u00fablicos. &nbsp;<\/p>\n\n\n\n<p class=\"wp-block-paragraph\">\u201cSe manifiesta a trav\u00e9s de una conducta f\u00edsica o verbal de connotaci\u00f3n sexual no consentida ejercida sobre una o varias personas, en espacios y medios de transporte p\u00fablicos, cuya acci\u00f3n representa una vulneraci\u00f3n a los derechos humanos\u201d.&nbsp;<\/p>\n\n\n\n<p class=\"wp-block-paragraph\">Establecen una serie de medidas que la Federaci\u00f3n, las entidades federativas y los municipios deben de realizar para garantizar que los espacios y transportes p\u00fablicos sean libres de todo tipo de violencia en contra de las mujeres, ni\u00f1as y adolescentes.<\/p>\n\n\n\n<h2 class=\"wp-block-heading\"><strong>Se aval\u00f3 proyecto para tipificar lesiones contra mujeres por raz\u00f3n de g\u00e9nero en el C\u00f3digo Penal Federal <\/strong>&nbsp;&nbsp;<\/h2>\n\n\n\n<p class=\"wp-block-paragraph\">Tambi\u00e9n se aval\u00f3 el proyecto para establecer en el C\u00f3digo Penal Federal que las lesiones infligidas por razones de g\u00e9nero en contra de mujeres y sean infamantes o degradantes se persigan de oficio y de acuerdo a la lesi\u00f3n inferida la pena se aumentar\u00e1 hasta en un tercio de la sanci\u00f3n que corresponda.<\/p>\n\n\n\n<p class=\"wp-block-paragraph\">As\u00ed como garantizar en todo momento la incorporaci\u00f3n de la perspectiva de g\u00e9nero tanto en la reparaci\u00f3n integral del da\u00f1o como en el otorgamiento de las medidas de protecci\u00f3n contenidas en el art\u00edculo 137 del C\u00f3digo Nacional de Procedimientos Penales.<\/p>\n\n\n\n<p class=\"wp-block-paragraph\">En la reuni\u00f3n de las Comisiones Unidas para la Igualdad de G\u00e9nero, de Justicia y Estudios Legislativos Segunda se especific\u00f3 que tambi\u00e9n se considerara cuando existan antecedentes de violencia f\u00edsica, psicol\u00f3gica, econ\u00f3mica o sexual en el \u00e1mbito familiar, institucional, laboral o escolar por parte del sujeto activo en contra de la v\u00edctima.<\/p>\n\n\n\n<p class=\"wp-block-paragraph\">As\u00ed como en el caso de que la afectada haya sido incomunicada, o cuando entre el agresor y la victima exista o haya existido una relaci\u00f3n de parentesco, sentimental, afectiva, laboral o de confianza. As\u00ed como cuando se haya utilizado cualquier sustancia corrosiva, caustica, \u00e1cidos o inflamable.<\/p>\n\n\n\n<p class=\"wp-block-paragraph\">Tanto la presidenta de la Comisi\u00f3n para Igualdad de G\u00e9nero, Martha Luc\u00eda Micher Camarena, como la presidenta de la Comisi\u00f3n de Justicia, Olga S\u00e1nchez Cordero enfatizaron la importancia de la aprobaci\u00f3n de este dictamen como un esfuerzo colectivo de las y los legisladores a favor de los derechos humanos de las mujeres.<\/p>\n\n\n\n<p class=\"wp-block-paragraph\">El presidente de la Comisi\u00f3n de Estudios Legislativos Segunda, Rafael Espino de la Pe\u00f1a, enfatiz\u00f3 que se busca equilibrar las desventajas jur\u00eddicas que enfrentan las mujeres, por lo que se aumentaran hasta en un tercio a quien cometa estos delitos.<\/p>\n\n\n\n<p class=\"wp-block-paragraph\">La senadora morenista Nancy S\u00e1nchez Arredondo indic\u00f3 que esta propuesta fortalece la capacidad legal de las autoridades, y se implementan sanciones para que no queden impunes casos como los de la saxofonista Mar\u00eda Elena R\u00edos quien fue atacada con \u00e1cido.<\/p>\n\n\n\n<p class=\"wp-block-paragraph\">Mientras que la senadora priista, Nuvia Mayorga Delgado, destac\u00f3 aprobar las sanciones cundo el sujeto activo y la v\u00edctima mantengan una relaci\u00f3n, ya sea sentimental, de parentesco o laboral, protege la integridad de las mujeres.<\/p>\n\n\n\n<h2 class=\"wp-block-heading\"><strong>Se avalaron diversos dict\u00e1menes a favor de las mujeres &nbsp;<\/strong><\/h2>\n\n\n\n<p class=\"wp-block-paragraph\">Las comisiones aprobaron un dictamen con el objetivo de que la Secretar\u00eda de Educaci\u00f3n P\u00fablica incluya en los planes y programas de estudio el derecho de las mujeres, adolescentes y ni\u00f1as a una vida libre de violencia, el cual deber\u00e1 impartirse con perspectiva de g\u00e9nero.&nbsp;<\/p>\n\n\n\n<p class=\"wp-block-paragraph\">Adem\u00e1s, las y los integrantes de las comisiones avalaron una propuesta para que en el dise\u00f1o de las acciones de prevenci\u00f3n de faltas administrativas se promueva, respete, proteja y garanticen los derechos humanos e incorporen la perspectiva de g\u00e9nero e interseccionalidad, con especial \u00e9nfasis en temas de violencia contra las mujeres, adolescentes y ni\u00f1as.&nbsp;<\/p>\n\n\n\n<p class=\"wp-block-paragraph\">Asimismo, se aprob\u00f3 un dictamen con el objetivo de que el Comit\u00e9 Nacional de Productividad deber\u00e1 de impulsar a participaci\u00f3n laboral de las mujeres y personas j\u00f3venes, en t\u00e9rminos del&nbsp;Programa Especial para la Productividad y la Competitividad.&nbsp;<\/p>\n\n\n\n<p class=\"wp-block-paragraph\">Las comisiones tambi\u00e9n se declararon en sesi\u00f3n permanente para armonizar y adaptar la redacci\u00f3n del proyecto por el que se tipifica la violencia a trav\u00e9s de interp\u00f3sita persona, modalidad que busca da\u00f1ar a las mujeres a trav\u00e9s de sus hijas, hijos y dem\u00e1s familiares y personas allegadas.&nbsp;<\/p>\n\n\n\n<p class=\"wp-block-paragraph\">En otra reuni\u00f3n, la Comisi\u00f3n para la Igualdad de G\u00e9nero, que preside la senadora Martha Luc\u00eda Micher Camarena, emiti\u00f3 una opini\u00f3n positiva sobre la minuta aprobada por la C\u00e1mara de Diputados para reformar diversos ordenamientos, en materia de feminicidio.&nbsp;<\/p>\n\n\n\n<p class=\"wp-block-paragraph\">Este \u00f3rgano legislativo consider\u00f3 urgente legislar para fortalecer la prevenci\u00f3n, investigaci\u00f3n, sanci\u00f3n y reparaci\u00f3n integral del da\u00f1o de la violencia feminicida, una de las manifestaciones m\u00e1s graves en contra de las mujeres. &nbsp;<\/p>\n\n\n\n<h2 class=\"wp-block-heading\"><strong>Legislador morenista pide elevar nivel de discusi\u00f3n en el Senado<\/strong><\/h2>\n\n\n\n<p class=\"wp-block-paragraph\">En su intervenci\u00f3n el senador El\u00ed C\u00e9sar Cervantes Rojas, integrante del Grupo Parlamentario de Morena, solicit\u00f3 mayor reflexi\u00f3n para el dictamen en materia de violencia contra las mujeres.<\/p>\n\n\n\n<p class=\"wp-block-paragraph\">Expres\u00f3 que no exista ninguna duda en fortalecer y robustecer la legislaci\u00f3n a favor de la mujer, en particular para garantizar que quien cometa este tipo de il\u00edcitos que pueden da\u00f1ar a terceras personas hasta la familia, hombre, o mujer, qui\u00e9n sea pueda estar debidamente fortalecido.&nbsp;<\/p>\n\n\n\n<p class=\"wp-block-paragraph\">Tambi\u00e9n dijo que hay que subir la altura al Senado de la Republica, como un espacio de discusi\u00f3n y an\u00e1lisis y no con descalificaciones ni el circo. A las mujeres, les dijo, no les vamos a quedar mal, vamos a legislar a favor de ellas y tambi\u00e9n a las victimas sean del g\u00e9nero que sean.<\/p>\n\n\n\n<p class=\"wp-block-paragraph\">SEM\/MG<\/p>\n","protected":false},"excerpt":{"rendered":"<p> Para garantizar que en los espacios p\u00fablicos como el transporte se combata el acoso sexual se aprob\u00f3 un proyecto que adiciona la Ley General de Acceso de las Mujeres a una Vida Libre de Violencia en Comisiones Unidas para la Igualdad de G\u00e9nero y de Estudios Legislativos Segunda, que presiden la senadora Martha Luc\u00eda Micher Camarena y el senador Rafael Espino de la Pe\u00f1a.<\/p>\n","protected":false},"author":3,"featured_media":63088,"comment_status":"open","ping_status":"open","sticky":false,"template":"","format":"standard","meta":{"_monsterinsights_skip_tracking":false,"footnotes":""},"categories":[50],"tags":[],"class_list":["post-63087","post","type-post","status-publish","format-standard","has-post-thumbnail","category-congreso"],"_links":{"self":[{"href":"https:\/\/redsemlac.com\/semmexico\/wp-json\/wp\/v2\/posts\/63087","targetHints":{"allow":["GET"]}}],"collection":[{"href":"https:\/\/redsemlac.com\/semmexico\/wp-json\/wp\/v2\/posts"}],"about":[{"href":"https:\/\/redsemlac.com\/semmexico\/wp-json\/wp\/v2\/types\/post"}],"author":[{"embeddable":true,"href":"https:\/\/redsemlac.com\/semmexico\/wp-json\/wp\/v2\/users\/3"}],"replies":[{"embeddable":true,"href":"https:\/\/redsemlac.com\/semmexico\/wp-json\/wp\/v2\/comments?post=63087"}],"version-history":[{"count":0,"href":"https:\/\/redsemlac.com\/semmexico\/wp-json\/wp\/v2\/posts\/63087\/revisions"}],"wp:featuredmedia":[{"embeddable":true,"href":"https:\/\/redsemlac.com\/semmexico\/wp-json\/wp\/v2\/media\/63088"}],"wp:attachment":[{"href":"https:\/\/redsemlac.com\/semmexico\/wp-json\/wp\/v2\/media?parent=63087"}],"wp:term":[{"taxonomy":"category","embeddable":true,"href":"https:\/\/redsemlac.com\/semmexico\/wp-json\/wp\/v2\/categories?post=63087"},{"taxonomy":"post_tag","embeddable":true,"href":"https:\/\/redsemlac.com\/semmexico\/wp-json\/wp\/v2\/tags?post=63087"}],"curies":[{"name":"wp","href":"https:\/\/api.w.org\/{rel}","templated":true}]}}