{"id":6299,"date":"2018-06-06T00:36:55","date_gmt":"2018-06-06T00:36:55","guid":{"rendered":"https:\/\/redsemlac.com\/semmexico\/?p=6299"},"modified":"2023-07-21T14:32:21","modified_gmt":"2023-07-21T19:32:21","slug":"no-hay-quien-escuche-justicia-para-sol","status":"publish","type":"post","link":"https:\/\/redsemlac.com\/semmexico\/no-hay-quien-escuche-justicia-para-sol\/","title":{"rendered":"No hay qui\u00e9n escuche #Justicia para Sol"},"content":{"rendered":"\n<p class=\"wp-block-paragraph\">Los cobardes no dieron la cara.<\/p>\n\n\n\n<h5 class=\"wp-block-heading\"> Ninguna madre tendr\u00eda que ir a reconocer a su hija en una plancha<\/h5>\n\n\n\n<p class=\"wp-block-paragraph\"><a href=\"https:\/\/semmexico.com\/gallery-post.php?id=5016#\">Billy Parker<\/a><\/p>\n\n\n\n<p class=\"wp-block-paragraph\">SemM\u00e9xico. Veracruz. 6 de junio de 2018.-&nbsp;Escribo con la garganta y los ojos bloqueados por la indignaci\u00f3n. Imposible&nbsp;&nbsp;condescender ante la rabia que producen los asesinatos de inocentes, la tortura, la&nbsp;inseguridad p\u00fablica, amenazas de muerte, delincuencia organizada, negligencia m\u00e9dica, abuso de poder, entre otras graves violaciones a los derechos humanos, lo mismo a manos de las \u201cfuerzas del orden\u201d que sicarios.&nbsp;<\/p>\n\n\n\n<p class=\"wp-block-paragraph\">Imposible ser complaciente con la injusticia, impunidad y negligencia de las autoridades que permiten la masacre de la poblaci\u00f3n mexicana.&nbsp;<\/p>\n\n\n\n<p class=\"wp-block-paragraph\">Repudio total al cobarde crimen de la fotoperiodista Mar\u00eda del Sol Cruz Jarqu\u00edn, hija de la valerosa feminista y destacada periodista Soledad Jarqu\u00edn Edgar.<\/p>\n\n\n\n<p class=\"wp-block-paragraph\">&nbsp;\u201cUna joven compa\u00f1era asesinada en Juchit\u00e1n, obligada a cubrir la campa\u00f1a de la hija de un narco, como parte de un esquema de explotaci\u00f3n laboral\u201d,&nbsp;&nbsp;denunci\u00f3 el periodista Temoris&nbsp;&nbsp;Grecko.<\/p>\n\n\n\n<p class=\"wp-block-paragraph\">El gobierno de Oaxaca (PRI)&nbsp;&nbsp;la oblig\u00f3 a cubrir una campa\u00f1a de riesgo, bajo amenaza de perder el empleo. Le quitaron la vida.&nbsp;&nbsp;Y aun cuando renunci\u00f3 el secretario que la mand\u00f3 a la tumba aprovech\u00e1ndose que era titular de la Secetaria ind\u00edgena, este sujeto trat\u00f3 de justificarse falseando la verdad. Ella ya no puede desmentirlo.<\/p>\n\n\n\n<p class=\"wp-block-paragraph\">Su madre, Soledad Jarqu\u00edn pide a periodistas y quienes acompa\u00f1an a los candidatos \u201ca declarar un d\u00eda completo de brazos ca\u00eddos\u201d porque si no hay seguridad para realizar esta labor \u201cno hay que salir a cubrir a nadie\u201d (SemM\u00e9xico 2 de junio 2018).\u201cHoy fue mi hija, pero ma\u00f1ana puede ser cualquiera\u201d sostuvo al narrar que adem\u00e1s, en este sexenio de Enrique Pe\u00f1a Nieto, en enero de 2016 le arrebataron a su hermano Heriberto Jarqu\u00edn, cuando fue asesinado en su consultorio de Tlaquepaque, Jalisco, reporta Sara Lovera en SemM\u00e9xico.<\/p>\n\n\n\n<p class=\"wp-block-paragraph\">No hubo respuesta del gremio pese a estar bajo fuego del exterminio, y aun as\u00ed contin\u00faan en la individualidad. S\u00f3lo en Oaxaca y el extranjero se solidarizaron. Las feministas, todas, la arroparon.&nbsp;<\/p>\n\n\n\n<p class=\"wp-block-paragraph\">Retomo un fragmento de colectivos de mujeres en Oaxaca, que condenan el asesinato de la joven fot\u00f3grafa, el mismo d\u00eda que asesinan a 4 mujeres en Puebla y Oaxaca, ellas candidatas y a su equipo de campa\u00f1a.<\/p>\n\n\n\n<p class=\"wp-block-paragraph\">\u201cMar\u00eda del Sol (Cruz Jarqu\u00edn)&nbsp;&nbsp;no fue solo v\u00edctima de quienes le arrebataron la vida a Pamela Ter\u00e1n, fue v\u00edctima de la corrupci\u00f3n que impera en el gobierno, \u00bfqu\u00e9 ten\u00eda que hacer una empleada de la Secretar\u00eda de Asuntos Ind\u00edgenas cubriendo los actos de campa\u00f1a de un candidato del PRI? \u00bfSi saben que eso es uso indebido de los recursos p\u00fablicos? La corrupci\u00f3n mata, y hoy, nos ha quitado a Mar\u00eda\u201d.<\/p>\n\n\n\n<p class=\"wp-block-paragraph\">\u201cNinguna madre tendr\u00eda que ir a reconocer a su hija en una plancha, ninguna madre tendr\u00eda que enterrar a la m\u00e1s peque\u00f1a de sus hijas, ninguna madre tendr\u00eda que recorrer kil\u00f3metros presa de la angustia y el pesar. Las feministas, si, nosotras, las que siempre dan lata, las exigentes y contestatarias, estamos hartas, molestas, dolidas, nos arrebataron a una de nosotras, a la semilla de una de nosotras, a la hija de nuestra amiga, de nuestra hermana, de nuestra compa\u00f1era, de nuestra Maestra.\u201d<\/p>\n\n\n\n<p class=\"wp-block-paragraph\">\u201cNos la arrebataron y esperamos justicia, esperamos que alguien se haga responsable de esto, que alguien responda por esta p\u00e9rdida, esperamos que Alejandro Murat reconozca que su gobierno est\u00e1 fallando y que la inseguridad se ha apoderado de Oaxaca. Esperamos que el titular de la Secretar\u00eda de Asuntos Ind\u00edgenas de la cara, que alguien de la cara\u201d, exigen en el texto.&nbsp;<\/p>\n\n\n\n<p class=\"wp-block-paragraph\">Los cobardes no dieron la cara.<\/p>\n\n\n\n<p class=\"wp-block-paragraph\">4 mujeres ultimadas y un hombre en horas, en el marco de un proceso electoral sin civilidad, viciado, corrupto.&nbsp;&nbsp;En Puebla: Juana Maldonado Infante y Erika C\u00e1zares. Y en Oaxaca&nbsp;&nbsp;Mar\u00eda del Sol Cruz Jarqu\u00edn, la candidata Pamela Ter\u00e1n Pineda y su chofer Adelfo Guerra Jim\u00e9nez.&nbsp;<\/p>\n\n\n\n<p class=\"wp-block-paragraph\">500 asesinatos de mujeres en M\u00e9xico,&nbsp;&nbsp;en los primeros tres meses del&nbsp;&nbsp;2018 ubica la activista Mar\u00eda Salguero. La impunidad mata. En 412 de los casos se desconoce la identidad de los feminicidas, 32 cr\u00edmenes a manos de sus parejas sentimentales.&nbsp;<\/p>\n\n\n\n<p class=\"wp-block-paragraph\">En M\u00e9xico los cr\u00edmenes contra civiles, periodistas, mujeres, ni\u00f1as, ni\u00f1os y la violencia pol\u00edtica hacen ostensible el plan de exterminio deuna clase dominante, cruel, asesina y deshumanizada. No es gratuito que los gobernantes falten a su deber legal.&nbsp;Tampoco que el impacto en la sociedad sea invisibilizado por los analistas del sistema.&nbsp;<\/p>\n\n\n\n<p class=\"wp-block-paragraph\">La&nbsp;&nbsp;poblaci\u00f3n resiente el abandono y la ausencia de los medios de defensa (material,&nbsp;&nbsp;jur\u00eddico y psicol\u00f3gico)&nbsp;&nbsp;dejando a la ciudadan\u00eda&nbsp;&nbsp;en circunstancias de degradaci\u00f3n vital, oblig\u00e1ndolos a sobrevivir como mejor puedan, creando el desorden nacional que crece.&nbsp;<\/p>\n\n\n\n<p class=\"wp-block-paragraph\">La omisi\u00f3n y\/o colusi\u00f3n del gobierno ante lo que ocurre es delictivo. Insisto, faltan a su deber legal de proteger a la ciudadan\u00eda desarmada. Dejan a las y los gobernados en total indefensi\u00f3n, sin una estructura institucional que proteja sus derechos ciudadanos&nbsp;&nbsp;constitucionales y universales.<\/p>\n\n\n\n<p class=\"wp-block-paragraph\">Escala la violencia institucional del Estado y de gobierno. Las estructuras de la Procuradur\u00eda general, los Congresos, la Corte Suprema, el Comisionado de los Derechos Humanos, evidencian acci\u00f3n concertada, complicidad, sea como simuladores o de forma&nbsp;&nbsp;activa, represiva.&nbsp;<\/p>\n\n\n\n<p class=\"wp-block-paragraph\">La defensa de los derechos esenciales del ser humano para la convivencia pac\u00edfica. Derecho a la vida, a la libertad y a la propiedad, son fundamentales no s\u00f3lo porque permiten al hombre desarrollarse, sino tambi\u00e9n porque suponen el fundamento en el cual se asienta el Estado de Derecho.<\/p>\n\n\n\n<p class=\"wp-block-paragraph\">Los gobernantes de este pa\u00eds nos deben respuestas y justicia m\u00e1s que condolencias, o promesas de campa\u00f1a plasmadas en tuits falaces.<\/p>\n\n\n\n<p class=\"wp-block-paragraph\">A 12 horas del crimen de las 4 mujeres, ni el gobernador de Oaxaca Alejandro Murat, ni el de Puebla Antonio Gali, ni el Presidente de la Rep\u00fablica Enrique Pe\u00f1a Nieto, salieron a dar la cara, como en los casos nacionales, donde si se conduelen de lo que sucede en el extranjero.&nbsp;Murat sali\u00f3 a simular. Pe\u00f1a Nieto ni siquiera escucha.&nbsp;<\/p>\n\n\n\n<p class=\"wp-block-paragraph\">Lo m\u00e1s lamentable es que son pocos los que alzan la voz. No hay quien escuche, no hay quien defienda, no hay quien frene el exterminio de civiles, no hay quien proteja los derechos individuales, sociales en M\u00e9xico.<\/p>\n\n\n\n<p class=\"wp-block-paragraph\">Es un territorio sin ley, s\u00f3lo existe la ley del m\u00e1s fuerte, la ley que impone castigos a las v\u00edctimas, a los periodistas y a los defensores de los derechos humanos.&nbsp;&nbsp;<\/p>\n\n\n\n<p class=\"wp-block-paragraph\">Mientras el mundo imp\u00e1vido s\u00f3lo consume la sangre como espect\u00e1culo.<\/p>\n\n\n\n<p class=\"wp-block-paragraph\">\u00a1No hay quien escuche!&nbsp;<br><\/p>\n","protected":false},"excerpt":{"rendered":"<p>Los cobardes no dieron la cara. Ninguna madre tendr\u00eda que ir a reconocer a su hija en una plancha Billy Parker SemM\u00e9xico. Veracruz. 6 de junio de 2018.-&nbsp;Escribo con la garganta y los ojos bloqueados por la indignaci\u00f3n. Imposible&nbsp;&nbsp;condescender ante la rabia que producen los asesinatos de inocentes, la tortura, la&nbsp;inseguridad p\u00fablica, amenazas de muerte, [&hellip;]<\/p>\n","protected":false},"author":3,"featured_media":6161,"comment_status":"open","ping_status":"open","sticky":false,"template":"","format":"standard","meta":{"_monsterinsights_skip_tracking":false,"footnotes":""},"categories":[689,81,108],"tags":[],"class_list":["post-6299","post","type-post","status-publish","format-standard","has-post-thumbnail","category-689","category-billy-parker","category-palabra-de-mujer"],"_links":{"self":[{"href":"https:\/\/redsemlac.com\/semmexico\/wp-json\/wp\/v2\/posts\/6299","targetHints":{"allow":["GET"]}}],"collection":[{"href":"https:\/\/redsemlac.com\/semmexico\/wp-json\/wp\/v2\/posts"}],"about":[{"href":"https:\/\/redsemlac.com\/semmexico\/wp-json\/wp\/v2\/types\/post"}],"author":[{"embeddable":true,"href":"https:\/\/redsemlac.com\/semmexico\/wp-json\/wp\/v2\/users\/3"}],"replies":[{"embeddable":true,"href":"https:\/\/redsemlac.com\/semmexico\/wp-json\/wp\/v2\/comments?post=6299"}],"version-history":[{"count":0,"href":"https:\/\/redsemlac.com\/semmexico\/wp-json\/wp\/v2\/posts\/6299\/revisions"}],"wp:featuredmedia":[{"embeddable":true,"href":"https:\/\/redsemlac.com\/semmexico\/wp-json\/wp\/v2\/media\/6161"}],"wp:attachment":[{"href":"https:\/\/redsemlac.com\/semmexico\/wp-json\/wp\/v2\/media?parent=6299"}],"wp:term":[{"taxonomy":"category","embeddable":true,"href":"https:\/\/redsemlac.com\/semmexico\/wp-json\/wp\/v2\/categories?post=6299"},{"taxonomy":"post_tag","embeddable":true,"href":"https:\/\/redsemlac.com\/semmexico\/wp-json\/wp\/v2\/tags?post=6299"}],"curies":[{"name":"wp","href":"https:\/\/api.w.org\/{rel}","templated":true}]}}