{"id":62964,"date":"2023-02-20T17:42:21","date_gmt":"2023-02-20T23:42:21","guid":{"rendered":"https:\/\/redsemlac.com\/semmexico\/?p=62964"},"modified":"2023-02-20T17:42:24","modified_gmt":"2023-02-20T23:42:24","slug":"sepultan-a-perla-y-daniel-asesinados-en-oaxaca","status":"publish","type":"post","link":"https:\/\/redsemlac.com\/semmexico\/sepultan-a-perla-y-daniel-asesinados-en-oaxaca\/","title":{"rendered":"Sepultan a Perla y Daniel, asesinados en Oaxaca"},"content":{"rendered":"\n<ul class=\"wp-block-list\">\n<li><strong>Ambos menores fueron encontrados a la orilla de una carretera en la regi\u00f3n del istmo.<\/strong><\/li>\n\n\n\n<li><strong>Fiscal\u00eda de Oaxaca dice tener dos l\u00edneas de investigaci\u00f3n.<\/strong><\/li>\n<\/ul>\n\n\n\n<p class=\"wp-block-paragraph\"><strong>Patricia Brise\u00f1o<\/strong><\/p>\n\n\n\n<p class=\"wp-block-paragraph\">SemM\u00e9xico, Oaxaca, 20 de febrero del 2023.- Perla y Daniel, de 9 y 6 a\u00f1os, hallados sin vida a la orilla de la carretera Espinal-Juchit\u00e1n de Zaragoza, en la regi\u00f3n del Istmo, fueron asfixiados en un lugar distinto al lugar donde el s\u00e1bado pasado fueron localizados, confirm\u00f3 la Fiscal\u00eda General del Estado, asimismo, el padre de ambos contin\u00faa detenido.<\/p>\n\n\n\n<p class=\"wp-block-paragraph\">Por otra parte, familiares, vecinas y vecinos despidieron la tarde del domingo a los hermanos peque\u00f1os a quienes sepultaron en el pante\u00f3n municipal Domingo de Ramos; ni\u00f1os y ni\u00f1as, compa\u00f1eras de la escuela Sa\u00fal Mart\u00ednez, vestidos de blanco con flores y globos en mano iban al frente del cortejo.<\/p>\n\n\n\n<p class=\"wp-block-paragraph\">A trav\u00e9s de un comunicado, la Fiscal\u00eda inform\u00f3 sigue investigado el entorno inmediato de las v\u00edctimas y las posibles trayectorias utilizadas el d\u00eda de su desaparici\u00f3n y posterior fallecimiento, pues ambos hechos son determinantes para establecer la identidad del o los responsables.<\/p>\n\n\n\n<p class=\"wp-block-paragraph\">\u201cSe cuenta con dos l\u00edneas de investigaci\u00f3n para esclarecer este lamentable hecho, mismas que se est\u00e1n agotando de manera diligente y oportuna\u201d, mencion\u00f3.<\/p>\n\n\n\n<p class=\"wp-block-paragraph\">Tambi\u00e9n revel\u00f3 que en la misma vivienda de las v\u00edctimas encontraron a un grupo de cinco ni\u00f1os, de ah\u00ed que solicit\u00f3 la intervenci\u00f3n al Sistema DIF del municipio de Juchit\u00e1n de Zaragoza, para la guarda y seguridad de las infancias.<\/p>\n\n\n\n<p class=\"wp-block-paragraph\">Agreg\u00f3 que el \u00e1rea Alto Impacto y de G\u00e9nero de la Vicefiscal\u00eda Regional del Istmo revisa el entorno social de las v\u00edctimas, de lo que se desprendi\u00f3 que Perla y Daniel se dedicaban a la venta de frituras y dulces en la v\u00eda p\u00fablica, alejados de su mam\u00e1.<\/p>\n\n\n\n<p class=\"wp-block-paragraph\">Las indagatorias estudios cient\u00edficos arrojaron que la causa de la muerte, en ambos casos, fue por asfixia y las v\u00edctimas ten\u00edan entre dos y cuatro horas de haber fallecido, a partir de la hora del hallazgo de los cuerpos realizado el pasado s\u00e1bado alrededor de las 7:05 horas.<\/p>\n\n\n\n<p class=\"wp-block-paragraph\">Conviene recordar que la Polic\u00eda Municipal detuvo al padre de ambos cuando luego de identificarlos pretendi\u00f3 escapar, adem\u00e1s de caer en contradicciones en declaraciones de que estuvieron desparecidos 24 horas antes, pero no lo report\u00f3 a las autoridades.<\/p>\n\n\n\n<p class=\"wp-block-paragraph\">La noticia del doble homicidio conmovi\u00f3 a la comunidad zapoteca del Istmo que se desbord\u00f3 a la calle Demetrio L\u00f3pez de la colonia Fidel Pe\u00f1a en Juchit\u00e1n, donde vivieron Perla y Daniel, junto con su padre y abuela, quienes son se\u00f1alados de obligados a vender frituras, cigarros y dulces en los bares y las cantinas, hasta altas horas de la noche.<\/p>\n\n\n\n<p class=\"wp-block-paragraph\">La condena y demanda de justicia fue una de las constantes, aunque tambi\u00e9n se extendi\u00f3 el arrepentimiento por parte de aquellos testigos involuntarios de las condiciones de explotaci\u00f3n y violencia a la que diariamente estaba sujetos los peque\u00f1os hermanos, pero no lo denunciaron a las autoridades.<\/p>\n\n\n\n<p class=\"wp-block-paragraph\">SEM\/pb<\/p>\n","protected":false},"excerpt":{"rendered":"<p>Ambos menores fueron encontrados a la orilla de una carretera en la regi\u00f3n del istmo.<\/p>\n","protected":false},"author":3,"featured_media":62965,"comment_status":"open","ping_status":"open","sticky":false,"template":"","format":"standard","meta":{"_monsterinsights_skip_tracking":false,"footnotes":""},"categories":[47,48],"tags":[],"class_list":["post-62964","post","type-post","status-publish","format-standard","has-post-thumbnail","category-no-mas-impunidad","category-no-mas-impunidad-no-mas-impunidad"],"_links":{"self":[{"href":"https:\/\/redsemlac.com\/semmexico\/wp-json\/wp\/v2\/posts\/62964","targetHints":{"allow":["GET"]}}],"collection":[{"href":"https:\/\/redsemlac.com\/semmexico\/wp-json\/wp\/v2\/posts"}],"about":[{"href":"https:\/\/redsemlac.com\/semmexico\/wp-json\/wp\/v2\/types\/post"}],"author":[{"embeddable":true,"href":"https:\/\/redsemlac.com\/semmexico\/wp-json\/wp\/v2\/users\/3"}],"replies":[{"embeddable":true,"href":"https:\/\/redsemlac.com\/semmexico\/wp-json\/wp\/v2\/comments?post=62964"}],"version-history":[{"count":0,"href":"https:\/\/redsemlac.com\/semmexico\/wp-json\/wp\/v2\/posts\/62964\/revisions"}],"wp:featuredmedia":[{"embeddable":true,"href":"https:\/\/redsemlac.com\/semmexico\/wp-json\/wp\/v2\/media\/62965"}],"wp:attachment":[{"href":"https:\/\/redsemlac.com\/semmexico\/wp-json\/wp\/v2\/media?parent=62964"}],"wp:term":[{"taxonomy":"category","embeddable":true,"href":"https:\/\/redsemlac.com\/semmexico\/wp-json\/wp\/v2\/categories?post=62964"},{"taxonomy":"post_tag","embeddable":true,"href":"https:\/\/redsemlac.com\/semmexico\/wp-json\/wp\/v2\/tags?post=62964"}],"curies":[{"name":"wp","href":"https:\/\/api.w.org\/{rel}","templated":true}]}}