{"id":62961,"date":"2023-02-20T17:40:43","date_gmt":"2023-02-20T23:40:43","guid":{"rendered":"https:\/\/redsemlac.com\/semmexico\/?p=62961"},"modified":"2023-02-20T17:40:46","modified_gmt":"2023-02-20T23:40:46","slug":"mujeres-y-politica-ana-vasquez-no-te-creemos","status":"publish","type":"post","link":"https:\/\/redsemlac.com\/semmexico\/mujeres-y-politica-ana-vasquez-no-te-creemos\/","title":{"rendered":"Mujeres y Pol\u00edtica| Ana V\u00e1squez: \u00a1No te creemos!"},"content":{"rendered":"\n<p class=\"wp-block-paragraph\"><strong>Soledad Jarqu\u00edn Edgar<\/strong><\/p>\n\n\n\n<p class=\"wp-block-paragraph\">SemM\u00e9xico, Oaxaca, 20 de febrero del 2023.- La gesti\u00f3n de Ana Isabel V\u00e1squez Colmenares al frente de la Secretar\u00eda de las Mujeres de Oaxaca en el sexenio de Alejandro Murat, fue desde el primer momento un verdadero desastre como resultado de la ignorancia que tiene sobre la problem\u00e1tica de la condici\u00f3n social de las mujeres, su reiterada actitud clasista y racista, adem\u00e1s de su componente de soberbia que mostr\u00f3 de forma reiterada.<\/p>\n\n\n\n<p class=\"wp-block-paragraph\">El costo de su gesti\u00f3n, que inici\u00f3 el 15 de enero de 2018 y concluy\u00f3 el 31 de noviembre de 2022, fue muy alto para las oaxaque\u00f1as que pagaron con dolor y sangre, en algunos casos, y en otros, con sus vidas, las omisiones, la simulaci\u00f3n y la falta de conocimiento para hacer frente a las tareas responsabilidad del aparato de gobierno, en prevenci\u00f3n y atenci\u00f3n de la violencia contra las mujeres y, en su caso, a la aplicaci\u00f3n de las sanciones y la erradicaci\u00f3n de ese fen\u00f3meno social que termin\u00f3 por costar m\u00e1s de 700 vidas de mujeres de todas las edades en el sexenio de Murat caracterizado por complicidades e impunidad.<\/p>\n\n\n\n<p class=\"wp-block-paragraph\">No era para menos. Ana V\u00e1squez Colmenares quien en aquellos primeros d\u00edas al frente de la Secretar\u00eda reconoci\u00f3 no saber nada, mucho menos ser feminista, se atrevi\u00f3, en solo unos meses a \u201cimpartir conferencias magistrales\u201d, como sucedi\u00f3 en Quintana Roo en el marco del 65 aniversario del sufragio universal, es decir, en octubre del 2018, donde, por cierto, habl\u00f3 de la sororidad, una palabra que en ella suena hueca de manera sistem\u00e1tica.<\/p>\n\n\n\n<p class=\"wp-block-paragraph\">Y no es que no fuera capaz de aprender, porque nunca la hemos acusado de incapaz sino de oportunista, por colgarse de una problem\u00e1tica al que le encuentra el \u201cfil\u00f3n de oro\u201d y favorecerse de manera personal, como buena eg\u00f3latra. Ana V\u00e1squez, como lo hacen otras funcionarias, utiliz\u00f3 la instituci\u00f3n para todo menos para cumplir con la tarea encomendada, no por el gobernador quien la nombr\u00f3 al frente de una instituci\u00f3n que demandaba el compromiso de una mujer al menos con algo de conocimiento, porque como ya mencion\u00e9 la curva de aprendizaje tuvo costos alt\u00edsimos para las mujeres; una funcionaria menos ego\u00edsta y m\u00e1s capacitada, porque de ocurrencias est\u00e1 llena la administraci\u00f3n p\u00fablica y los resultados, insisto, est\u00e1n a la vista.<\/p>\n\n\n\n<p class=\"wp-block-paragraph\">La secretar\u00eda de las mujeres en tiempos de V\u00e1squez Colmenares y de Murat se convirti\u00f3 en algo as\u00ed como en una academia de capacitaci\u00f3n v\u00eda redes sociales en tiempos de la pandemia y m\u00e1s tarde en la consecutiva realizaci\u00f3n de peque\u00f1os actos sin consecuencia. Una experta en el enga\u00f1o. Ni duda.<\/p>\n\n\n\n<p class=\"wp-block-paragraph\">La exfuncionaria anunci\u00f3 la semana pasada \u201cel nacimiento\u201d de su libro titulado \u00bfFeminista, yo? Gu\u00eda b\u00e1sica para entender los feminismos y sus debates hoy, y envi\u00f3 toda clase de solicitudes para que le ayuden a organizar presentaciones del mismo. Sin duda un enorme atrevimiento, insisto, no por incapaz, sino por oportunista.<\/p>\n\n\n\n<p class=\"wp-block-paragraph\">Las reacciones no se han hecho esperar, y una de las m\u00e1s claras es la expuesta por las Mujeres Aut\u00f3nomas organizadas Oaxaca, quienes a trav\u00e9s de sus redes sociales, ponen \u201cpinta y pareja\u201d a Ana V\u00e1squez Colmenares, la reina del webinar, quien ya se queja amargamente.<\/p>\n\n\n\n<p class=\"wp-block-paragraph\">Reproduzco aqu\u00ed el texto, que no tiene desperdicio alguno:<\/p>\n\n\n\n<p class=\"wp-block-paragraph\">\u00bfAna V\u00e1squez Colmenares Feminista?<\/p>\n\n\n\n<p class=\"wp-block-paragraph\">Al igual que Ivette Moran, quien hizo y sigue haciendo extractivismo de los textiles en Oaxaca aprovech\u00e1ndose de su posici\u00f3n de poder y privilegio de clase, Ana V\u00e1squez Colmenares hace uso tambi\u00e9n de su condici\u00f3n privilegiada como hija de un exgobernador de Oaxaca, no solo para ocupar un puesto de poder con el que no pudo y nunca entendi\u00f3 cu\u00e1l era su trabajo, ahora tambi\u00e9n utiliza discursos que le son ajenos, porque en Oaxaca nunca tuvo ninguna autoridad moral ni intelectual ni mucho menos como funcionaria o pol\u00edtica para poder ahora decirle a las mujeres qu\u00e9 es el feminismo y cu\u00e1les son sus debates.<\/p>\n\n\n\n<p class=\"wp-block-paragraph\">\u00bfAna V\u00e1squez Colmenares, una mujer blanca, burguesa, de derecha quiere ense\u00f1ar qu\u00e9 es la desigualdad?<\/p>\n\n\n\n<p class=\"wp-block-paragraph\">\u00bfAna V\u00e1squez Colmenares, que jam\u00e1s ha tenido que padecer hambre, desempleo, violencia en el transporte p\u00fablico ni injusticias por su condici\u00f3n privilegiada, quiere decirnos qu\u00e9 es sufrir opresiones?<\/p>\n\n\n\n<p class=\"wp-block-paragraph\">Ana V\u00e1squez Colmenares, hija de un exgobernador poderosos de Oaxaca, muestra una vez m\u00e1s su oportunismo para lucrar con mujeres, cuando como secretaria de las mujeres fue c\u00f3mplice de un gobierno feminicida y jam\u00e1s realiz\u00f3 actividades sustanciales para prevenir la violencia contra las mujeres, no tuvo gestiones significativas que impactaran en la alerta de g\u00e9nero.<\/p>\n\n\n<div class=\"wp-block-image\">\n<figure class=\"aligncenter size-full is-resized\"><a href=\"https:\/\/redsemlac.com\/semmexico\/wp-content\/uploads\/2023\/02\/ana-vasquez-farsante.jpeg\"><img loading=\"lazy\" decoding=\"async\" src=\"https:\/\/redsemlac.com\/semmexico\/wp-content\/uploads\/2023\/02\/ana-vasquez-farsante.jpeg\" alt=\"\" class=\"wp-image-62962\" width=\"678\" height=\"678\"\/><\/a><\/figure>\n<\/div>\n\n\n<p class=\"wp-block-paragraph\">Ana V\u00e1squez Colmenares es una mujer a la que solo le importaban las fotos para seguir perpetu\u00e1ndose, a pesar de todas las cr\u00edticas y se\u00f1alamientos de madres y familiares victimas de feminicidios, a pesar de los se\u00f1alamientos de colectivas, organizaciones y mujeres de la sociedad civil, ella siempre sigui\u00f3 en un puesto en el que nunca oper\u00f3 con responsabilidad, pero s\u00ed con mucho dinero.<\/p>\n\n\n\n<p class=\"wp-block-paragraph\">A Ana V\u00e1squez Colmenares le gustaba que le cargaran la bolsa, su termo, que las mujeres siempre se sintieran subordinadas, se\u00f1al\u00f3 de revoltosas a las activistas, fue racista y clasista en sus comentarios con las mujeres que segu\u00edan casos de violencia, porque para ella el feminismo solo es un accesorio con el que puede verse bien para seguir su \u201ccarrera\u201d pol\u00edtica. \u00bfY qu\u00e9 decir del presupuesto que no fue ejercido como deb\u00eda en la Alerta de Violencia de G\u00e9nero contra las Mujeres (AVGM), de su insensibilidad, de su maltrato con profesionistas que laboraban con ella?<\/p>\n\n\n\n<p class=\"wp-block-paragraph\">No Ana V\u00e1squez, t\u00fa confundes la sororidad y crees que las mujeres te tienen envidia, porque eso dec\u00edas, pero nosotras ya no podemos estar cegadas, sabemos qui\u00e9n eres, sabemos que sororidad no es apoyar a gente que solo utiliza a conveniencia individual el feminismo, t\u00fa jam\u00e1s has hecho colectividad, siempre te has erigido como una persona supremacista. \u00a1NOSOTRAS NO TE CREEMOS!\u201d<\/p>\n\n\n\n<p class=\"wp-block-paragraph\">Hasta aqu\u00ed el texto.<\/p>\n\n\n\n<p class=\"wp-block-paragraph\">Sin duda todav\u00eda existen colonizadores que buscan cambiar espejitos por oro y eso fue lo que le pas\u00f3 a la editorial que public\u00f3 \u201cla obra\u201d de la exfuncionaria que no hizo nada para evitar la violencia contra las mujeres, tarea que est\u00e1 mandatada claramente en la Ley Estatal para una vida libre de Violencia contra las mujeres.<\/p>\n\n\n\n<p class=\"wp-block-paragraph\">Lo cierto es que no se puede tapar el sol con un dedo. Los resultados est\u00e1n a la vista. M\u00e1s de 700 mujeres fueron asesinadas en Oaxaca durante el gobierno para el que sirvi\u00f3. Y a ella le toc\u00f3 asumir, sin resultado alguno, la famosa Alerta de Violencia de G\u00e9nero contra las Mujeres. Lo que vivimos hoy es consecuencia de sus actos. Nunca hizo nada para prevenir la violencia ni para evitar la impunidad.<\/p>\n\n\n\n<p class=\"wp-block-paragraph\">Una exfuncionaria que se equivoc\u00f3 muchas veces en la respuesta que dio a la prensa y luego argument\u00f3 que le hab\u00edan sacado sus declaraciones de contexto.<\/p>\n\n\n\n<p class=\"wp-block-paragraph\">Una exfuncionaria que protegi\u00f3 y encubri\u00f3 a un presunto violador sexual a quien largo rato y a pesar de las denuncias mantuvo como jefe del Departamento de Fortalecimiento a los Procesos Educativos, M.A.L.M.<\/p>\n\n\n\n<p class=\"wp-block-paragraph\">Una exfuncionaria que vituper\u00f3 a las feministas, a quienes despreci\u00f3 por \u201cfeas\u201d y por \u201clesbianas\u201d que solo ten\u00edan envidia en contra de ella, \u201cbonita y rica\u201d, como coment\u00f3 a sus cercanas colaboradoras, mismas que se encargaron de hablar sobre la reacci\u00f3n de su jefa despu\u00e9s de una reuni\u00f3n.<\/p>\n\n\n\n<p class=\"wp-block-paragraph\">La historia del libro que busca presentar Ana V\u00e1squez en Oaxaca y otros lugares del pa\u00eds todav\u00eda no termina, dicen que hay mar de fondo y que ninguna mentira permanece oculta para siempre.<\/p>\n","protected":false},"excerpt":{"rendered":"<p>La gesti\u00f3n de Ana Isabel V\u00e1squez Colmenares al frente de la Secretar\u00eda de las Mujeres de Oaxaca en el sexenio de Alejandro Murat, fue desde el primer momento un verdadero desastre como resultado de la ignorancia que tiene sobre la problem\u00e1tica de la condici\u00f3n social de las mujeres<\/p>\n","protected":false},"author":3,"featured_media":8460,"comment_status":"open","ping_status":"open","sticky":false,"template":"","format":"standard","meta":{"_monsterinsights_skip_tracking":false,"footnotes":""},"categories":[96,35,75],"tags":[],"class_list":["post-62961","post","type-post","status-publish","format-standard","has-post-thumbnail","category-mujeres-y-politica","category-opinion","category-soledad-jarquin-edgar"],"_links":{"self":[{"href":"https:\/\/redsemlac.com\/semmexico\/wp-json\/wp\/v2\/posts\/62961","targetHints":{"allow":["GET"]}}],"collection":[{"href":"https:\/\/redsemlac.com\/semmexico\/wp-json\/wp\/v2\/posts"}],"about":[{"href":"https:\/\/redsemlac.com\/semmexico\/wp-json\/wp\/v2\/types\/post"}],"author":[{"embeddable":true,"href":"https:\/\/redsemlac.com\/semmexico\/wp-json\/wp\/v2\/users\/3"}],"replies":[{"embeddable":true,"href":"https:\/\/redsemlac.com\/semmexico\/wp-json\/wp\/v2\/comments?post=62961"}],"version-history":[{"count":0,"href":"https:\/\/redsemlac.com\/semmexico\/wp-json\/wp\/v2\/posts\/62961\/revisions"}],"wp:featuredmedia":[{"embeddable":true,"href":"https:\/\/redsemlac.com\/semmexico\/wp-json\/wp\/v2\/media\/8460"}],"wp:attachment":[{"href":"https:\/\/redsemlac.com\/semmexico\/wp-json\/wp\/v2\/media?parent=62961"}],"wp:term":[{"taxonomy":"category","embeddable":true,"href":"https:\/\/redsemlac.com\/semmexico\/wp-json\/wp\/v2\/categories?post=62961"},{"taxonomy":"post_tag","embeddable":true,"href":"https:\/\/redsemlac.com\/semmexico\/wp-json\/wp\/v2\/tags?post=62961"}],"curies":[{"name":"wp","href":"https:\/\/api.w.org\/{rel}","templated":true}]}}