{"id":62948,"date":"2023-02-20T17:37:47","date_gmt":"2023-02-20T23:37:47","guid":{"rendered":"https:\/\/redsemlac.com\/semmexico\/?p=62948"},"modified":"2023-02-20T17:37:50","modified_gmt":"2023-02-20T23:37:50","slug":"en-el-dia-de-la-fotografa-semmexico-breve-homenaje-a-unas-cuantas","status":"publish","type":"post","link":"https:\/\/redsemlac.com\/semmexico\/en-el-dia-de-la-fotografa-semmexico-breve-homenaje-a-unas-cuantas\/","title":{"rendered":"En el D\u00eda de la Fot\u00f3grafa, SemM\u00e9xico, breve homenaje a unas cuantas"},"content":{"rendered":"\n<ul class=\"wp-block-list\">\n<li><strong>El Mundo de Lola \u00c1lvarez Bravo, la primera fot\u00f3grafa profesional m\u00e1s conocida.<\/strong><\/li>\n\n\n\n<li><strong>Frida Hartz, Elsa Medina, \u00c1ngeles Terrej\u00f3n y Christa Cowrie, las m\u00e1s destacadas fotoperiodistas feministas y desde el feminismo Ana Victoria Jim\u00e9nez, Lucero Gonz\u00e1lez y Yolanda Andrade.<\/strong><\/li>\n<\/ul>\n\n\n\n<p class=\"wp-block-paragraph\"><strong>Sara Lovera<\/strong> (selecci\u00f3n y edici\u00f3n de notas)<\/p>\n\n\n\n<pre class=\"wp-block-verse has-text-align-right\"><strong><em>Busco la esencia de los seres y de las cosas,\nSu esp\u00edritu, su realidad. El inter\u00e9s, la experiencia propia.\nEl compromiso \u00e9tico y est\u00e9tico forman el tercer ojo del\n fot\u00f3grafo.<\/em><\/strong><\/pre>\n\n\n\n<p class=\"wp-block-paragraph\">SemM\u00e9xico, Ciudad de M\u00e9xico, 20 de febrero del 2023.- Considerada la primera fot\u00f3grafa profesional de M\u00e9xico, Dolores \u00c1lvarez Bravo, nacida en Lagos de Moreno, Jalisco, 1 de abril de 1907-1993, Dolores Concepci\u00f3n Mart\u00ednez Anda (1902-1993), fue una figura clave en el ambiente del llamado \u201cRenacimiento mexicano\u201d de la primera mitad del siglo XX.<\/p>\n\n\n\n<h2 class=\"wp-block-heading\"><strong>Lola \u00c1lvarez Bravo<\/strong><\/h2>\n\n\n<div class=\"wp-block-image\">\n<figure class=\"alignleft size-full\"><a href=\"https:\/\/redsemlac.com\/semmexico\/wp-content\/uploads\/2023\/02\/Imagen1-8.jpg\"><img loading=\"lazy\" decoding=\"async\" width=\"325\" height=\"162\" src=\"https:\/\/redsemlac.com\/semmexico\/wp-content\/uploads\/2023\/02\/Imagen1-8.jpg\" alt=\"\" class=\"wp-image-62950\"\/><\/a><\/figure>\n<\/div>\n\n\n<p class=\"wp-block-paragraph\">Luego de su separaci\u00f3n en 1924, del afamado fot\u00f3grafo Manuel \u00c1lvarez Bravo, desarroll\u00f3 una exitosa carrera independiente durante casi cincuenta a\u00f1os. No le fue f\u00e1cil crecer y desarrollarse en el mismo mundo que su exmarido. Aprendi\u00f3 el oficio espiando a Manuel porque \u201c\u00e9l no me pon\u00eda las cosas f\u00e1ciles\u201d. Su lente captur\u00f3 la vida cotidiana de la gente, logrando una mirada diferente, en especial de las mujeres ind\u00edgenas, devolvi\u00e9ndoles su dignidad. \u201cLa fuerza de las mujeres de Lola emana de sus cuerpos; son due\u00f1as de s\u00ed mismas y su f\u00edsico es un estandarte de vitalidad personal y ps\u00edquica\u201d (Comisarenco Mirkin). Lola \u00c1lvarez Bravo se convirti\u00f3 en la fot\u00f3grafa de un M\u00e9xico que iba desapareciendo.<\/p>\n\n\n\n<h2 class=\"wp-block-heading\"><strong>Tina Modotti<\/strong><\/h2>\n\n\n<div class=\"wp-block-image\">\n<figure class=\"alignleft size-full\"><a href=\"https:\/\/redsemlac.com\/semmexico\/wp-content\/uploads\/2023\/02\/Imagen2-8.jpg\"><img loading=\"lazy\" decoding=\"async\" width=\"312\" height=\"166\" src=\"https:\/\/redsemlac.com\/semmexico\/wp-content\/uploads\/2023\/02\/Imagen2-8.jpg\" alt=\"\" class=\"wp-image-62951\"\/><\/a><\/figure>\n<\/div>\n\n\n<p class=\"wp-block-paragraph\">Tina Modotti naci\u00f3 en 1896 en Udine, Italia, pero por varios a\u00f1os captur\u00f3 con su c\u00e1mara la belleza de M\u00e9xico en donde se instal\u00f3 y radic\u00f3. Le conmovi\u00f3 mucho la explotaci\u00f3n en la que viv\u00eda la clase obrera por lo que continu\u00f3 su trabajo como fot\u00f3grafa no s\u00f3lo plasmando la belleza, sino tambi\u00e9n la injusticia que viv\u00eda la sociedad mexicana. Por ello se convirti\u00f3 en activista y cre\u00f3 lazos de amistad con personalidades como Manuel \u00c1lvarez Bravo y Diego Rivera.<\/p>\n\n\n\n<p class=\"wp-block-paragraph\">Despu\u00e9s de ser expulsada del pa\u00eds en 1930 forma parte de la Uni\u00f3n de Fot\u00f3grafos de Prensa en Berl\u00edn, Alemania y poco despu\u00e9s abandona la fotograf\u00eda por dedicarse al activismo pol\u00edtico. Regresa a M\u00e9xico en 1939 y contin\u00faa fotografiando y con su labor pol\u00edtica hasta su muerte en 1942.<\/p>\n\n\n\n<h2 class=\"wp-block-heading\"><strong>Graciela Iturbide<\/strong><\/h2>\n\n\n<div class=\"wp-block-image\">\n<figure class=\"alignleft size-full is-resized\"><a href=\"https:\/\/redsemlac.com\/semmexico\/wp-content\/uploads\/2023\/02\/Imagen3-5.jpg\"><img decoding=\"async\" src=\"https:\/\/redsemlac.com\/semmexico\/wp-content\/uploads\/2023\/02\/Imagen3-5.jpg\" alt=\"\" class=\"wp-image-62952\" width=\"-153\" height=\"-150\"\/><\/a><\/figure>\n<\/div>\n\n\n<p class=\"wp-block-paragraph\">Esta fot\u00f3grafa mexicana naci\u00f3 en 1942 en la Ciudad de M\u00e9xico. Estudi\u00f3 en el Centro Universitario de Estudios Cinematogr\u00e1ficos, pero pronto le atrajo m\u00e1s la fotograf\u00eda que el cine gracias a Manuel \u00c1lvarez Bravo de quien fue asistente. Document\u00f3 a la poblaci\u00f3n ind\u00edgena del pa\u00eds y culmin\u00f3 parte de ese trabajo en la publicaci\u00f3n del libro Juchit\u00e1n de las Mujeres en 1989.<\/p>\n\n\n\n<p class=\"wp-block-paragraph\">Entre los reconocimientos que ha recibido est\u00e1 el Grand Prize Mois de la Photo en 1988 y el premio Hasselblad en 2008. Actualmente contin\u00faa viviendo y trabajando en la Ciudad de M\u00e9xico.<\/p>\n\n\n\n<h2 class=\"wp-block-heading\"><strong>Frida Hartz<\/strong><\/h2>\n\n\n<div class=\"wp-block-image\">\n<figure class=\"alignleft size-full is-resized\"><a href=\"https:\/\/redsemlac.com\/semmexico\/wp-content\/uploads\/2023\/02\/Imagen4-4.jpg\"><img decoding=\"async\" src=\"https:\/\/redsemlac.com\/semmexico\/wp-content\/uploads\/2023\/02\/Imagen4-4.jpg\" alt=\"\" class=\"wp-image-62953\" width=\"-239\" height=\"-159\"\/><\/a><\/figure>\n<\/div>\n\n\n<p class=\"wp-block-paragraph\">Frida Hartz (Ciudad de M\u00e9xico, 25 de noviembre de 1960) es una fot\u00f3grafa y fotoperiodista mexicana reconocida por sus trabajos que reflejan la realidad sociopol\u00edtica y, en especial, de las mujeres ind\u00edgenas. Mostr\u00f3 inter\u00e9s desde muy temprano por la fotograf\u00eda y a los 12 a\u00f1os tuvo su primera c\u00e1mara. Estudi\u00f3 la carrera de docente en Artes Pl\u00e1sticas en el Instituto Nacional de Bellas Artes de M\u00e9xico, donde combin\u00f3 distintas disciplinas art\u00edsticas. Comenz\u00f3 con fotograf\u00eda callejera y social, sobre todo de mujeres, mujeres ind\u00edgenas y en movilizaciones sociales: \u201cMis temas fotogr\u00e1ficos, aparte de la cuesti\u00f3n documental de corte social, han sido retratar las condiciones de vida de las mujeres del campo, de la ciudad, las trabajadoras, las amas de casa, la violencia, la inequidad y todo lo que tiene que ver con ellas que representan la mayor\u00eda de la sociedad mexicana.<\/p>\n\n\n\n<p class=\"wp-block-paragraph\"><em>Reconocimientos<\/em>: Premio Mujeres vistas por mujeres, convocado por la comunidad europea en 1989, Premio Ensayo Fotogr\u00e1fico Casa de las Am\u00e9ricas de La Habana, Cuba en 1994.<\/p>\n\n\n\n<p class=\"wp-block-paragraph\"><em>Exposiciones:<\/em> Rostros de la equidad, en el Globo Museo del ni\u00f1o. Paisajes mexicanos y Pueblo Ind\u00edgena Maya, en la Casa de la Mujer. La P\u00f3lvora Maya, en la Biblioteca Francisco Xavier Clavijero de la Universidad Iberoamericana de la Ciudad de M\u00e9xico. Mujeres en lucha, en Casa Museo Benita Galeana.<\/p>\n\n\n\n<h2 class=\"wp-block-heading\"><strong>Elsa Medina<\/strong><\/h2>\n\n\n<div class=\"wp-block-image\">\n<figure class=\"alignleft size-full is-resized\"><a href=\"https:\/\/redsemlac.com\/semmexico\/wp-content\/uploads\/2023\/02\/Imagen5-3.jpg\"><img decoding=\"async\" src=\"https:\/\/redsemlac.com\/semmexico\/wp-content\/uploads\/2023\/02\/Imagen5-3.jpg\" alt=\"\" class=\"wp-image-62954\" width=\"-160\" height=\"-107\"\/><\/a><\/figure>\n<\/div>\n\n\n<p class=\"wp-block-paragraph\">Elsa Medina (1952, Ciudad de M\u00e9xico) es una fotoperiodista mexicana. Estudi\u00f3 Dise\u00f1o Industrial en la Universidad Iberoamericana y fotograf\u00eda en San Diego State University. Fue alumna de Nacho L\u00f3pez, figura importante del periodismo fotogr\u00e1fico mexicano, en los Talleres Libres de Fotograf\u00eda que imparti\u00f3 en el Centro Universitario de Estudios Cinematogr\u00e1ficos, hoy Escuela Nacional de Artes Cinematogr\u00e1ficas. Se desempe\u00f1\u00f3 como fot\u00f3grafa junto a Pedro Valtierra, en el peri\u00f3dico La Jornada de 1986 a 1999. Es fundadora y colaboradora del peri\u00f3dico El Sur de Guerrero.<\/p>\n\n\n\n<p class=\"wp-block-paragraph\"><em>Distinciones:<\/em> Premio Nacional de Periodismo (2018). Segundo lugar en el concurso: Mujeres vistas por mujeres, organizado por la Comunidad Econ\u00f3mica Europea. Nominada al premio Olorum Iberoamericano del Fondo Cubano de la Imagen Fotogr\u00e1fica.<\/p>\n\n\n\n<h2 class=\"wp-block-heading\"><strong>\u00c1ngeles Torrej\u00f3n<\/strong><strong><\/strong><\/h2>\n\n\n<div class=\"wp-block-image\">\n<figure class=\"alignleft size-full\"><a href=\"https:\/\/redsemlac.com\/semmexico\/wp-content\/uploads\/2023\/02\/Imagen6-3.jpg\"><img loading=\"lazy\" decoding=\"async\" width=\"303\" height=\"166\" src=\"https:\/\/redsemlac.com\/semmexico\/wp-content\/uploads\/2023\/02\/Imagen6-3.jpg\" alt=\"\" class=\"wp-image-62955\"\/><\/a><\/figure>\n<\/div>\n\n\n<p class=\"wp-block-paragraph\">Fotorreportera que a lo largo de los a\u00f1os ha conjuntado las caracter\u00edsticas del reportero gr\u00e1fico y del fotodocumentalista. Su mirada fotogr\u00e1fica, su obra se coloca en los senderos de los estudios visuales, pues hasta la fecha su acervo ha quedado en la investigaci\u00f3n acad\u00e9mica, pese a ser un referente muy importante en el fotoperiodismo nacional. Naci\u00f3 en la Ciudad de M\u00e9xico en 1963. Es reconocida por su trabajo fotografiando a las mujeres zapatistas en la Selva Lacandona de M\u00e9xico. Ha participado en m\u00e1s de 60 exposiciones colectivas tanto en Europa como en Am\u00e9rica Latina.&nbsp; Sus fotograf\u00edas han sido publicadas en los libros Fotograf\u00eda de prensa en M\u00e9xico: 40 reporteros gr\u00e1ficos y La mirada inquieta. Nuevo fotoperiodismo mexicano 1976-1996.<\/p>\n\n\n\n<h2 class=\"wp-block-heading\"><strong>Christa Cowrie<\/strong><\/h2>\n\n\n<div class=\"wp-block-image\">\n<figure class=\"alignleft size-full is-resized\"><a href=\"https:\/\/redsemlac.com\/semmexico\/wp-content\/uploads\/2023\/02\/Imagen7-3.jpg\"><img loading=\"lazy\" decoding=\"async\" src=\"https:\/\/redsemlac.com\/semmexico\/wp-content\/uploads\/2023\/02\/Imagen7-3.jpg\" alt=\"\" class=\"wp-image-62956\" width=\"252\" height=\"379\"\/><\/a><\/figure>\n<\/div>\n\n\n<p class=\"wp-block-paragraph\">Activa y amante de la vida, hasta hoy sigue buscando im\u00e1genes en todas partes donde se exprese la naturaleza. Christa Cowrie (Hamburgo, 1949) es una fot\u00f3grafa mexicana-alemana que empez\u00f3 su carrera en el fotoperiodismo, aunque es m\u00e1s conocida por su trabajo documentando eventos de danza y teatro en M\u00e9xico. Cowrie lleg\u00f3 a M\u00e9xico en 1963 y empez\u00f3 su carrera en el peri\u00f3dico Exc\u00e9lsior en 1975. En 1977 fue una de las fundadoras del peri\u00f3dico Unom\u00e1suno, fund\u00f3 uno de sus suplementos, enfoc\u00e1ndose en periodismo ecol\u00f3gico. Su trabajo comenz\u00f3 a virar hacia la fotograf\u00eda de la danza y teatro a mitades de los noventa trabajando con el Centro Nacional de las Artes. El archivo que ella ha creado con esta instituci\u00f3n es uno de los m\u00e1s importantes en M\u00e9xico, de los cuales documenta danza y teatro. Su trabajo ha sido reconocido con membres\u00eda al Sal\u00f3n de la Pl\u00e1stica Mexicana. Con Patricia Cardonal, cre\u00f3 el suplemento Dos Mil Uno del peri\u00f3dico. Salud y Ecolog\u00eda en 1989, pionero en periodismo ecol\u00f3gico. Fue la coordinadora gr\u00e1fica del suplemento hasta 1995. De 1995 a 2002, trabaj\u00f3 con la secci\u00f3n cultural y el suplemento S\u00e1bado. Recientemente public\u00f3, con Adriana Malvido el libro Intimidades. M\u00e1s all\u00e1 del amor: encuentros con parejas del arte y la cultura de M\u00e9xico. Edici\u00f3n de Paralelo 21, 2022.<\/p>\n\n\n\n<p class=\"wp-block-paragraph\">Estas son otras fot\u00f3grafas mexicanas que est\u00e1n cambiando la manera en la que vemos el mundo.<\/p>\n\n\n\n<p class=\"wp-block-paragraph\">Apenas nombrar a algunas y hay muchas fot\u00f3grafas feministas. Imposible. Varias: Ana Victoria Jim\u00e9nez, quien dej\u00f3 una acerbo de las primeras luchas de los a\u00f1os 70 y sus antecedentes, las sufragistas; Lucero Gonz\u00e1les creadora de un proyecto (Ciudad de M\u00e9xico, 1947) que fund\u00f3 hace casi 17 a\u00f1os tras recibir un premio por su trayectoria. Qu\u00e9 decir de muchas otras\u2026<\/p>\n\n\n<div class=\"wp-block-image\">\n<figure class=\"aligncenter size-full\"><a href=\"https:\/\/redsemlac.com\/semmexico\/wp-content\/uploads\/2023\/02\/Imagen8-3.jpg\"><img loading=\"lazy\" decoding=\"async\" width=\"647\" height=\"426\" src=\"https:\/\/redsemlac.com\/semmexico\/wp-content\/uploads\/2023\/02\/Imagen8-3.jpg\" alt=\"\" class=\"wp-image-62957\"\/><\/a><\/figure>\n<\/div>\n\n\n<p class=\"wp-block-paragraph\">Ana Victoria Jim\u00e9nez (Ciudad de M\u00e9xico, 31 de agosto de 1941) y Lucero Gonz\u00e1lez (Oaxaca 1947), ambas feministas. Ana Victoria editora, activista, fot\u00f3grafa y archivista del movimiento feminista desde los a\u00f1os sesenta hasta los noventa.<\/p>\n\n\n\n<p class=\"wp-block-paragraph\">Fue militante del Partido Comunista, donde lleg\u00f3 a ser secretaria del Comit\u00e9 Central y realiz\u00f3 varios viajes a la ex Uni\u00f3n Sovi\u00e9tica y otros pa\u00edses del bloque socialista. Fue una de las fundadoras de la Uni\u00f3n Nacional de Mujeres Mexicanas, hasta la d\u00e9cada del setenta cuando pasa a formar parte de los primeros grupos feministas de M\u00e9xico, como el Mujeres en Acci\u00f3n Solidaria (MAS). En la d\u00e9cada del ochenta fue integrante del grupo de arte feminista mexicano Tlacuilas y Retrateras. Document\u00f3 el inicio del feminismo mexicano en los a\u00f1os setenta; document\u00f3 los principales eventos y actividades, participando en exposiciones y publicado fotograf\u00edas en las revistas: Fem, Intervi\u00fa, Siempre, suplemento \u00abLa Cultura en M\u00e9xico\u00bb. In These Times, El Mexicano, Tijuana, B.C., varios n\u00fameros, Nosotras, La Opini\u00f3n, Torre\u00f3n, Coah., entre otras. Su acervo fotogr\u00e1fico, gr\u00e1fico y documental, producido y reunido por ella misma, es una fuente invaluable para la reconstrucci\u00f3n y reflexi\u00f3n sobre el movimiento de mujeres y el feminista mexicano y se puede consultar actualmente en la Biblioteca Francisco Xavier Clavijero de la Universidad Iberoamericana en Ciudad de M\u00e9xico.<\/p>\n\n\n\n<figure class=\"wp-block-image size-large\"><a href=\"https:\/\/redsemlac.com\/semmexico\/wp-content\/uploads\/2023\/02\/Imagen9-2.jpg\"><img decoding=\"async\" src=\"https:\/\/redsemlac.com\/semmexico\/wp-content\/uploads\/2023\/02\/Imagen9-2-1024x576.jpg\" alt=\"\" class=\"wp-image-62958\"\/><\/a><\/figure>\n\n\n\n<p class=\"wp-block-paragraph\">Lucero Gonz\u00e1les, feminista, soci\u00f3loga y fot\u00f3grafa, dice que naci\u00f3 por accidente en la Ciudad de M\u00e9xico, pero es m\u00e1s oaxaque\u00f1a que una tlayuda. Militante del grupo Liberaci\u00f3n de la Mujer; colabor\u00f3 durante tres d\u00e9cadas en las publicaciones feministas y retrat\u00f3 sus actividades desde que tuvo raz\u00f3n.<\/p>\n\n\n\n<p class=\"wp-block-paragraph\">Recordar a una fot\u00f3grafa feminista sensacional como Yolanda Andrade, nacida en Villahermosa, Tabasco, el 22 de mayo de 1950 considerada fot\u00f3grafa y artista feminista. Su cuerpo de trabajo explora diversos aspectos de los espacios urbanos, de la cultura popular y la relaci\u00f3n que existe entre las personas y su ciudad. Especialmente enfoca su trabajo art\u00edstico para explorar, desde una mirada \u00edntima y cotidiana, la relaci\u00f3n que se construye entre la ciudad y ella como mujer y como fot\u00f3grafa, as\u00ed como entre la ciudad y su propia imaginaci\u00f3n. Para ella, la ciudad es ese \u201cescenario donde ocurren paralelamente diversas historias\u201d. Ha documentado manifestaciones, marchas o m\u00edtines de diversas \u00edndoles, pol\u00edticas, culturales, de derechos humanos, del orgullo homosexual, de mujeres, de apoyo a diversas causas, o de car\u00e1cter religioso. En Modelo Fotogr\u00e1fico se ve representado el movimiento homosexual y en Regi\u00f3n Mujer documenta el movimiento feminista. Ha dicho respecto al tema de la mujer, como fot\u00f3grafa y como mujer, el movimiento feminista ha sido fundamental en su proceso personal y profesional, e influye en su quehacer como fot\u00f3grafa.<\/p>\n\n\n\n<p class=\"wp-block-paragraph\">SEM\/MG<\/p>\n","protected":false},"excerpt":{"rendered":"<p>El Mundo de Lola \u00c1lvarez Bravo, la primera fot\u00f3grafa profesional m\u00e1s conocida.<\/p>\n","protected":false},"author":3,"featured_media":62959,"comment_status":"open","ping_status":"open","sticky":false,"template":"","format":"standard","meta":{"_monsterinsights_skip_tracking":false,"footnotes":""},"categories":[66,64],"tags":[],"class_list":["post-62948","post","type-post","status-publish","format-standard","has-post-thumbnail","category-extraordinarias","category-para-saber"],"_links":{"self":[{"href":"https:\/\/redsemlac.com\/semmexico\/wp-json\/wp\/v2\/posts\/62948","targetHints":{"allow":["GET"]}}],"collection":[{"href":"https:\/\/redsemlac.com\/semmexico\/wp-json\/wp\/v2\/posts"}],"about":[{"href":"https:\/\/redsemlac.com\/semmexico\/wp-json\/wp\/v2\/types\/post"}],"author":[{"embeddable":true,"href":"https:\/\/redsemlac.com\/semmexico\/wp-json\/wp\/v2\/users\/3"}],"replies":[{"embeddable":true,"href":"https:\/\/redsemlac.com\/semmexico\/wp-json\/wp\/v2\/comments?post=62948"}],"version-history":[{"count":0,"href":"https:\/\/redsemlac.com\/semmexico\/wp-json\/wp\/v2\/posts\/62948\/revisions"}],"wp:featuredmedia":[{"embeddable":true,"href":"https:\/\/redsemlac.com\/semmexico\/wp-json\/wp\/v2\/media\/62959"}],"wp:attachment":[{"href":"https:\/\/redsemlac.com\/semmexico\/wp-json\/wp\/v2\/media?parent=62948"}],"wp:term":[{"taxonomy":"category","embeddable":true,"href":"https:\/\/redsemlac.com\/semmexico\/wp-json\/wp\/v2\/categories?post=62948"},{"taxonomy":"post_tag","embeddable":true,"href":"https:\/\/redsemlac.com\/semmexico\/wp-json\/wp\/v2\/tags?post=62948"}],"curies":[{"name":"wp","href":"https:\/\/api.w.org\/{rel}","templated":true}]}}