{"id":62940,"date":"2023-02-20T14:33:19","date_gmt":"2023-02-20T20:33:19","guid":{"rendered":"https:\/\/redsemlac.com\/semmexico\/?p=62940"},"modified":"2023-02-20T14:33:21","modified_gmt":"2023-02-20T20:33:21","slug":"en-la-ultima-puerta-el-plan-b-y-el-parque-pasteur-frente-al-senado-de-la-republica","status":"publish","type":"post","link":"https:\/\/redsemlac.com\/semmexico\/en-la-ultima-puerta-el-plan-b-y-el-parque-pasteur-frente-al-senado-de-la-republica\/","title":{"rendered":"En la \u00faltima puerta: el Plan B y el parque Pasteur frente al Senado de la Rep\u00fablica"},"content":{"rendered":"\n<ul class=\"wp-block-list\">\n<li><strong>Se explica Ricardo Monreal \u00c1vila, jefe pol\u00edtico del Senado de la Rep\u00fablica.<\/strong><\/li>\n\n\n\n<li><strong>Lo \u00faltimo antes del dictamen final: Se construyen acuerdos dice el Senador.<\/strong><\/li>\n<\/ul>\n\n\n\n<p class=\"wp-block-paragraph\"><strong>Redacci\u00f3n<\/strong><\/p>\n\n\n\n<p class=\"wp-block-paragraph\">SemM\u00e9xico, Ciudad de M\u00e9xico, 20 de febrero del 2023.- Este lunes, el coordinador de Morena en el Senado, explic\u00f3 a las y los periodistas, c\u00f3mo saldr\u00e1 el asunto que har\u00e1 definitiva la aprobaci\u00f3n de las leyes que impactar\u00e1n al proceso electoral, en los pr\u00f3ximos tiempos y que desde hace tiempo muestran fallas constitucionales.<\/p>\n\n\n\n<p class=\"wp-block-paragraph\">As\u00ed dijo Monreal:<\/p>\n\n\n\n<p class=\"wp-block-paragraph\">* Siguen trabajando en la construcci\u00f3n de acuerdos para el resto de los nombramientos de distintos \u00f3rganos aut\u00f3nomos que est\u00e1n pendientes de integrarse.<\/p>\n\n\n\n<p class=\"wp-block-paragraph\">* &nbsp;Depende de las comisiones, si convocan a personas involucradas en el tema, est\u00e1 abierto, no est\u00e1 cerrado.<\/p>\n\n\n\n<p class=\"wp-block-paragraph\">* &nbsp;Creo que han estado conversando las comisiones, pero ya ma\u00f1ana lo hacen formalmente.<\/p>\n\n\n\n<p class=\"wp-block-paragraph\">* &nbsp;Ya se liber\u00f3 el jard\u00edn Luis Pasteur, &#8211; espacio frente al Senado, donde hubo durante meses un tianguis de mariguana-, para beneficio de los habitantes de la zona, sin lastimar a nadie, ni derechos ni libertades.<\/p>\n\n\n\n<p class=\"wp-block-paragraph\">* Hace un reconocimiento al Gobierno de la Ciudad, a la jefatura de Gobierno, a la jefa de Gobierno, por haber logrado esta recuperaci\u00f3n, que era una demanda no s\u00f3lo de legisladores*as sino de habitantes de las colonias aleda\u00f1as.<\/p>\n\n\n\n<p class=\"wp-block-paragraph\">* As\u00ed es de que le reconocemos y quiz\u00e1 la visitemos para agradecerle. La cortes\u00eda pol\u00edtica nunca hay que perderla, aunque seamos internamente aspirantes a la presidencia de la Rep\u00fablica, el reunirnos, platicar, conversar y tomar caf\u00e9 o t\u00e9.<\/p>\n\n\n\n<p class=\"wp-block-paragraph\">* &nbsp;La cortes\u00eda pol\u00edtica nunca sobra y ayuda a construir buenos acuerdos.<\/p>\n\n\n\n<p class=\"wp-block-paragraph\">* Le debe una visita en reciprocidad, porque ella vino al Senado a la plenaria; ahora le toca ir a darle un saludo a ella y a los otros dos.<\/p>\n\n\n\n<p class=\"wp-block-paragraph\">SEM\/MG<\/p>\n","protected":false},"excerpt":{"rendered":"<p>Se explica Ricardo Monreal \u00c1vila, jefe pol\u00edtico del Senado de la Rep\u00fablica.<\/p>\n","protected":false},"author":3,"featured_media":62941,"comment_status":"open","ping_status":"open","sticky":false,"template":"","format":"standard","meta":{"_monsterinsights_skip_tracking":false,"footnotes":""},"categories":[50],"tags":[],"class_list":["post-62940","post","type-post","status-publish","format-standard","has-post-thumbnail","category-congreso"],"_links":{"self":[{"href":"https:\/\/redsemlac.com\/semmexico\/wp-json\/wp\/v2\/posts\/62940","targetHints":{"allow":["GET"]}}],"collection":[{"href":"https:\/\/redsemlac.com\/semmexico\/wp-json\/wp\/v2\/posts"}],"about":[{"href":"https:\/\/redsemlac.com\/semmexico\/wp-json\/wp\/v2\/types\/post"}],"author":[{"embeddable":true,"href":"https:\/\/redsemlac.com\/semmexico\/wp-json\/wp\/v2\/users\/3"}],"replies":[{"embeddable":true,"href":"https:\/\/redsemlac.com\/semmexico\/wp-json\/wp\/v2\/comments?post=62940"}],"version-history":[{"count":0,"href":"https:\/\/redsemlac.com\/semmexico\/wp-json\/wp\/v2\/posts\/62940\/revisions"}],"wp:featuredmedia":[{"embeddable":true,"href":"https:\/\/redsemlac.com\/semmexico\/wp-json\/wp\/v2\/media\/62941"}],"wp:attachment":[{"href":"https:\/\/redsemlac.com\/semmexico\/wp-json\/wp\/v2\/media?parent=62940"}],"wp:term":[{"taxonomy":"category","embeddable":true,"href":"https:\/\/redsemlac.com\/semmexico\/wp-json\/wp\/v2\/categories?post=62940"},{"taxonomy":"post_tag","embeddable":true,"href":"https:\/\/redsemlac.com\/semmexico\/wp-json\/wp\/v2\/tags?post=62940"}],"curies":[{"name":"wp","href":"https:\/\/api.w.org\/{rel}","templated":true}]}}