{"id":62928,"date":"2023-02-20T13:02:17","date_gmt":"2023-02-20T19:02:17","guid":{"rendered":"https:\/\/redsemlac.com\/semmexico\/?p=62928"},"modified":"2023-02-20T13:02:19","modified_gmt":"2023-02-20T19:02:19","slug":"violeta-del-anahuac-evelyn-la-forma-es-fondo","status":"publish","type":"post","link":"https:\/\/redsemlac.com\/semmexico\/violeta-del-anahuac-evelyn-la-forma-es-fondo\/","title":{"rendered":"Violeta del An\u00e1huac| \u00abEvelyn, la forma es fondo\u00bb"},"content":{"rendered":"\n<p class=\"wp-block-paragraph\"><strong>Isabel Ortega Morales<\/strong><\/p>\n\n\n\n<p class=\"wp-block-paragraph\">SemM\u00e9xico, Chilpancingo, Guerrero, 20 de febrero del 2023.- La gobernadora de Guerrero, Evelyn Salgado Pineda, est\u00e1 en la historia ya como la primera mujer en gobernar esta entidad federativa. Sin duda, entre las prendas de trabajo que est\u00e1 realizando, tambi\u00e9n se encuentran las de su juventud y belleza, y camina ya sobre su segundo a\u00f1o de ejercicio de gobierno. Estar\u00e1 todo este tiempo sometida a la revisi\u00f3n de su actividad por el encargo que ostenta.<\/p>\n\n\n\n<p class=\"wp-block-paragraph\">El jueves 16 del mes en curso, el presidente de M\u00e9xico, Andr\u00e9s Manuel L\u00f3pez Obrador la cit\u00f3 en su conferencia matutina conocida popularmente como \u00abla ma\u00f1anera\u00bb, en alusi\u00f3n a la hora en que la desarrolla, 7 a.m.<\/p>\n\n\n\n<p class=\"wp-block-paragraph\">Cualquier mandatario o mandataria ante una menci\u00f3n positiva del Presidente, quien sea que gobierne, lo considera halago y reconocimiento. Cuando es negativo, evidentemente la descalificaci\u00f3n se busca superar. Pero, cuando se rompe el hilo de respeto en cualquier sociedad, \u00bfqu\u00e9 sucede?<\/p>\n\n\n\n<p class=\"wp-block-paragraph\">Los gobiernos del pa\u00eds trabajan para erradicar todas las formas de violencia contra las mujeres, los Congresos locales buscan homologar leyes para que las mismas tengan la protecci\u00f3n amplia y justa necesaria para marcos de respeto, de inclusi\u00f3n, de trato igualitario. Se ha buscado que se sancione a quien ofenda a las mujeres, a quienes provoquen contra ella cualquier tipo de violencia, incluso que los piropos sean sancionados se ha dicho en el Senado de la Rep\u00fablica, incluso el m\u00e1s reciente trabajo legislativo del Congreso de la Uni\u00f3n busca sancionar la injuria que se vierta contra el Presidente.<\/p>\n\n\n\n<p class=\"wp-block-paragraph\">Pero cuando el presidente AMLO presenta en una conferencia con la alta investidura un comentario y dice con una sonrisita maliciosa \u00aby la gobernadora de Guerrero, aqu\u00ed donde no nos escuchan&#8230; No, no lo voy a decir, pero muy buena, mucho muy buena, mucho muy buena\u00bb. Habla el lobo. Y nos muestra que sabe lo que dice porque inmediatamente intenta componer la plana \u00abEvelyn, muy trabajadora, nos est\u00e1 ayudando much\u00edsimo, muy, muy bien\u00bb.<\/p>\n\n\n\n<p class=\"wp-block-paragraph\">Despu\u00e9s nos habla el que criticaba a los que desde el poder impon\u00edan candidaturas \u00abNos quisieron hacer da\u00f1o ah\u00ed, en Guerrero, al que act\u00faa mal, le va mal, quit\u00e1ndonos a la mala a un candidato y result\u00f3 que quien entr\u00f3 de sustituta buen\u00edsima, muy trabajadora, muy activa, Evelyn Salgado\u00bb. Ya no ten\u00eda credibilidad. Ya se hab\u00eda desplomado.<\/p>\n\n\n\n<p class=\"wp-block-paragraph\">En pol\u00edtica la forma es fondo. Y en esa pol\u00edtica deja al descubierto la falta de respeto a las mujeres. No basta solo con modificar los marcos legales, \u00e9stos deben tener aplicaci\u00f3n pr\u00e1ctica, y si desde esa alta investidura se propicia la falta de respeto a una mujer, poco podemos esperar que quienes lo escuchen no emulen su conducta y sin estar en la cantina.<\/p>\n\n\n\n<p class=\"wp-block-paragraph\">En Guerrero la gobernadora Evelyn Salgado Pineda est\u00e1 trabajando, hay fallas a\u00fan, y a\u00fan faltan varios a\u00f1os para poder hacer las evaluaciones respectivas. Ojal\u00e1 la pr\u00f3xima cita sea de disculpa, aunque ya mostr\u00f3 que es un lobo, pero que ayude a que su ejemplo eduque.<\/p>\n","protected":false},"excerpt":{"rendered":"<p>Cualquier mandatario o mandataria ante una menci\u00f3n positiva del Presidente, quien sea que gobierne, lo considera halago y reconocimiento. Cuando es negativo, evidentemente la descalificaci\u00f3n se busca superar.<\/p>\n","protected":false},"author":3,"featured_media":38055,"comment_status":"open","ping_status":"open","sticky":false,"template":"","format":"standard","meta":{"_monsterinsights_skip_tracking":false,"footnotes":""},"categories":[198,35,197],"tags":[],"class_list":["post-62928","post","type-post","status-publish","format-standard","has-post-thumbnail","category-isabel-ortega-morales","category-opinion","category-violeta-del-anahuac"],"_links":{"self":[{"href":"https:\/\/redsemlac.com\/semmexico\/wp-json\/wp\/v2\/posts\/62928","targetHints":{"allow":["GET"]}}],"collection":[{"href":"https:\/\/redsemlac.com\/semmexico\/wp-json\/wp\/v2\/posts"}],"about":[{"href":"https:\/\/redsemlac.com\/semmexico\/wp-json\/wp\/v2\/types\/post"}],"author":[{"embeddable":true,"href":"https:\/\/redsemlac.com\/semmexico\/wp-json\/wp\/v2\/users\/3"}],"replies":[{"embeddable":true,"href":"https:\/\/redsemlac.com\/semmexico\/wp-json\/wp\/v2\/comments?post=62928"}],"version-history":[{"count":0,"href":"https:\/\/redsemlac.com\/semmexico\/wp-json\/wp\/v2\/posts\/62928\/revisions"}],"wp:featuredmedia":[{"embeddable":true,"href":"https:\/\/redsemlac.com\/semmexico\/wp-json\/wp\/v2\/media\/38055"}],"wp:attachment":[{"href":"https:\/\/redsemlac.com\/semmexico\/wp-json\/wp\/v2\/media?parent=62928"}],"wp:term":[{"taxonomy":"category","embeddable":true,"href":"https:\/\/redsemlac.com\/semmexico\/wp-json\/wp\/v2\/categories?post=62928"},{"taxonomy":"post_tag","embeddable":true,"href":"https:\/\/redsemlac.com\/semmexico\/wp-json\/wp\/v2\/tags?post=62928"}],"curies":[{"name":"wp","href":"https:\/\/api.w.org\/{rel}","templated":true}]}}