{"id":62911,"date":"2023-02-20T10:55:18","date_gmt":"2023-02-20T16:55:18","guid":{"rendered":"https:\/\/redsemlac.com\/semmexico\/?p=62911"},"modified":"2023-02-20T10:55:25","modified_gmt":"2023-02-20T16:55:25","slug":"opinion-en-el-centenario-de-mi-padre","status":"publish","type":"post","link":"https:\/\/redsemlac.com\/semmexico\/opinion-en-el-centenario-de-mi-padre\/","title":{"rendered":"Opini\u00f3n| En el centenario de mi padre"},"content":{"rendered":"\n<ul class=\"wp-block-list\">\n<li><strong>La reforma pol\u00edtica de 1977 se convirti\u00f3 en una causa para mi padre. Analiz\u00f3 todos sus aspectos y potencialidades y escribi\u00f3 p\u00e1ginas y p\u00e1ginas en su defensa.<\/strong><\/li>\n<\/ul>\n\n\n\n<p class=\"wp-block-paragraph\"><strong>Jorge Javier Romero Vadillo*<\/strong><\/p>\n\n\n\n<p class=\"wp-block-paragraph\">SemM\u00e9xico, Ciudad de M\u00e9xico, 20 de febrero del 2023.- \u201cMi padre lleg\u00f3 al periodismo desde la militancia. En sus a\u00f1os de la Facultad de Filosof\u00eda se vincul\u00f3 al seminario de estudios marxistas de Eli de Gortari y de ah\u00ed pas\u00f3 a militar con entusiasmo juvenil en el Partido Popular, reci\u00e9n fundado en 1948 por Vicente Lombardo Toledano\u201d.<\/p>\n\n\n\n<p class=\"wp-block-paragraph\">El 13 de febrero mi padre, Javier Romero Guti\u00e9rrez, hubiera cumplido cien a\u00f1os. Formado como historiador en la Facultad de Filosof\u00eda y Letras de la UNAM, despu\u00e9s de haber desertado de la carrera de Medicina a los tres a\u00f1os de estudios, adopt\u00f3 como profesi\u00f3n el periodismo y lo ejerci\u00f3 con vocaci\u00f3n como forma de expresi\u00f3n de sus convicciones sociales y pol\u00edticas. Escribi\u00f3 una obra tenaz, dispersa en peri\u00f3dicos y revistas, pr\u00f3logos y cap\u00edtulos sueltos hoy olvidada, aunque en su momento tuvo cierto reconocimiento, con un estilo de prosa cuidada y pulcra, pues la gram\u00e1tica fue una de las muchas aficiones de su abrumadora erudici\u00f3n.&nbsp;<\/p>\n\n\n\n<p class=\"wp-block-paragraph\">Mi padre lleg\u00f3 al periodismo desde la militancia. En sus a\u00f1os de la Facultad de Filosof\u00eda se vincul\u00f3 al seminario de estudios marxistas de Eli de Gortari y de ah\u00ed pas\u00f3 a militar con entusiasmo juvenil en el Partido Popular, reci\u00e9n fundado en 1948 por Vicente Lombardo Toledano. Las ideas socialistas las hab\u00eda heredado de mi abuelo, pol\u00edtico campechano de la corriente iniciada en Yucat\u00e1n por Felipe Carrillo Puerto, que fue gobernador de su estado por el Partido Socialista Agrario de Campeche en los momentos en los que el Partido Nacional Revolucionario era todav\u00eda una coalici\u00f3n de partidos regionales con identidad propia, aunque ya en proceso de fusi\u00f3n en lo que a la postre devendr\u00eda en el PRI.<\/p>\n\n\n\n<p class=\"wp-block-paragraph\">A lado de Lombardo, como dirigente juvenil, particip\u00f3 en la campa\u00f1a presidencial del antiguo l\u00edder sindical y hombre crucial durante el cardenismo. El fiasco de Lombardo en aquel 1952 no lo alej\u00f3 del partido, en el que sostuvo diversas batallas, cada vez m\u00e1s cercano a Enrique Ram\u00edrez y Ram\u00edrez, a lado de quien emprender\u00eda la que ser\u00eda su mayor pasi\u00f3n, el peri\u00f3dico&nbsp;<strong><em>El D\u00eda<\/em><\/strong>. En 1955, el grupo de Ram\u00edrez, formado sobre todo por antiguos miembros del Partido Comunista, rompi\u00f3 con Lombardo. Fue entonces cuando Javier Romero se convirti\u00f3 en periodista profesional como reportero del ya decadente&nbsp;<strong><em>El Popular<\/em><\/strong>, fundado por el propio Lombardo como \u00f3rgano oficial de la CTM, pero que se hab\u00eda convertido en empresa cada vez m\u00e1s dependiente de las subvenciones gubernamentales.<\/p>\n\n\n\n<p class=\"wp-block-paragraph\">Al llegar Adolfo L\u00f3pez Mateos a la Presidencia de la Rep\u00fablica, Ram\u00edrez y Ram\u00edrez, conocido suyo desde los tiempos de la campa\u00f1a vasconcelista, le pidi\u00f3 apoyo para hacer un nuevo peri\u00f3dico de la izquierda del r\u00e9gimen, sobre las ruinas de&nbsp;<strong><em>El Popular<\/em><\/strong>, muerto de inanici\u00f3n cuando el Gobierno reci\u00e9n llegado decidi\u00f3 dejarlo de financiar. Entonces se comenz\u00f3 a formar la cooperativa que dar\u00eda vida a&nbsp;<strong><em>El D\u00eda<\/em><\/strong>&nbsp;en junio de 1962. Aquel peri\u00f3dico, en principio una empresa pol\u00edtica, tuvo mucho tambi\u00e9n de empresa cultural o al menos as\u00ed la consideraba mi padre, que convirti\u00f3 al peri\u00f3dico en su proyecto personal y nunca sigui\u00f3 a su amigo Enrique en su integraci\u00f3n al PRI como Diputado y sedicente ide\u00f3logo, activo desde el Gobierno de D\u00edaz Ordaz hasta el de L\u00f3pez Portillo.<\/p>\n\n\n\n<p class=\"wp-block-paragraph\">En&nbsp;<strong><em>El D\u00eda<\/em><\/strong>, Javier, lector compulsivo y editor cuidadoso, fue director del suplemento cultural&nbsp;<strong><em>El Gallo Ilustrado<\/em><\/strong>, en el que public\u00f3 a muchos de los entonces j\u00f3venes escritores que marcar\u00edan la literatura y la cr\u00edtica durante las siguientes tres d\u00e9cadas, adem\u00e1s de a otros ya entonces consagrados, como Jos\u00e9 Revueltas o Efra\u00edn Huerta, fundadores de&nbsp;<strong><em>El D\u00eda<\/em><\/strong>. Despu\u00e9s de la muerte de Rodolfo Dorantes en 1965, figura se\u00f1era del periodismo de izquierda en M\u00e9xico desde la d\u00e9cada de 1920, Ram\u00edrez hizo a mi padre subdirector del diario y lo dej\u00f3 pr\u00e1cticamente a cargo durante los a\u00f1os en los que fue diputado, hasta 1967.&nbsp;<\/p>\n\n\n\n<p class=\"wp-block-paragraph\">Durante el movimiento estudiantil de 1968 hizo lo posible por mantener la objetividad del diario y busc\u00f3 apoyar a las y los estudiantes publicando sus desplegados, por m\u00e1s que la l\u00ednea editorial del peri\u00f3dico tuviera el sesgo impuesto por el autoritarismo priista y la cercan\u00eda pol\u00edtica del director del peri\u00f3dico con el Gobierno. Tuvo por entonces algunos desencuentros con Ram\u00edrez, aunque su lealtad personal no acab\u00f3 sino con la muerte del controversial personaje, hoy pr\u00e1cticamente olvidado, en 1980.<\/p>\n\n\n\n<h2 class=\"wp-block-heading\"><strong>Famosos que se llevan mal con sus padres<\/strong><\/h2>\n\n\n\n<p class=\"wp-block-paragraph\">Durante el gobierno de Luis Echeverr\u00eda, mi padre dirigi\u00f3 la edici\u00f3n vespertina del peri\u00f3dico, lo que representaba una expansi\u00f3n de la empresa cooperativa para competir con los diarios comerciales. Por supuesto, unos y otros depend\u00edan del favor del r\u00e9gimen y de los recursos trasladados a trav\u00e9s de distintos mecanismos, como condonaciones fiscales, adeudos tolerados al Seguro Social, abasto de papel con cr\u00e9ditos del monopolio estatal del papel y, sobre todo, del entonces llamado \u201cembute\u201d, despu\u00e9s conocido como \u201cchayote\u201d: el pago de reporteros a sueldo de los distintos secretarios de Estado para que les hicieran propaganda, bonita tradici\u00f3n sostenida hasta nuestros d\u00edas como mecanismo privilegiado de control gubernamental de la prensa.<\/p>\n\n\n\n<p class=\"wp-block-paragraph\">La reforma pol\u00edtica de 1977 se convirti\u00f3 en una causa para mi padre. Analiz\u00f3 todos sus aspectos y potencialidades y escribi\u00f3 p\u00e1ginas y p\u00e1ginas en su defensa. Las elecciones de 1979 le generaron un enorme entusiasmo. En las p\u00e1ginas de la secci\u00f3n de la ciudad del diario, por ejemplo, public\u00f3 peque\u00f1os perfiles con foto de los candidatos a diputados de todos los partidos, distrito por distrito, y se empe\u00f1\u00f3 en la explicaci\u00f3n de las virtudes de la representaci\u00f3n proporcional, mecanismo novedoso introducido por la reforma en sustituci\u00f3n del peculiar arreglo de los diputados de partido, surgidos en 1964 para incorporar un tanto artificialmente a la oposici\u00f3n simulada. La apertura de 1977 iba mucho m\u00e1s all\u00e1, pues implicaba el reconocimiento de fuerzas hasta entonces excluidas por el autoritarismo, un primer paso democratizador.&nbsp;<\/p>\n\n\n\n<p class=\"wp-block-paragraph\">Su empe\u00f1o informativo fue reconocido en 1979 con el Premio Nacional de Periodismo por sus art\u00edculos de fondo, en los que siempre busc\u00f3 ubicar los fen\u00f3menos de su tiempo en perspectiva hist\u00f3rica, de ah\u00ed el nombre de su columna dominical,\u201cReflejos y cotejos\u201d.&nbsp;&nbsp;<\/p>\n\n\n\n<p class=\"wp-block-paragraph\">La muerte de Ram\u00edrez y Ram\u00edrez provoc\u00f3 un giro absoluto en su vida. Durante unos meses, entre octubre de 1980 y enero de 1981, form\u00f3 parte de la direcci\u00f3n colectiva del peri\u00f3dico, pero el inevitable proceso sucesorio lo llev\u00f3 a encabezar una candidatura en la cooperativa que perdi\u00f3 ante la de Socorro D\u00edaz, quien contaba con mayor apoyo pol\u00edtico, pues ella s\u00ed hab\u00eda seguido los pasos de Ram\u00edrez en el PRI. Con \u00e9l salieron de&nbsp;<strong><em>El D\u00eda<\/em><\/strong>&nbsp;m\u00e1s de cuarenta articulistas, reporteras, reporteros y editoras, editores, muchos de los cuales har\u00edan carreras notables en otros medios en los siguientes a\u00f1os.<\/p>\n\n\n\n<p class=\"wp-block-paragraph\">Desde entonces, mi padre se dedic\u00f3 a leer, viajar y a escribir sus art\u00edculos para&nbsp;<strong><em>Exc\u00e9lsior<\/em><\/strong>&nbsp;y las revistas que entonces publicaba aquella casa editorial. En&nbsp;<strong><em>Jueves de Exc\u00e9lsior<\/em><\/strong>&nbsp;public\u00f3 extraordinarias series de cr\u00f3nicas hist\u00f3ricas que merecer\u00edan ser editadas en libro, como una notable sobre el surgimiento del PNR. Uno de esos folletines, memoria de su infancia a lado de mi abuelo, es un estupendo retrato del socialismo campechano de las d\u00e9cadas de 1920 y 1930 y de las pr\u00e1cticas pol\u00edticas de los inicios del r\u00e9gimen posrevolucionario. Campeche, su estado, le otorg\u00f3 el mayor reconocimiento estatal, la Medalla Justo Sierra. Valga este recuerdo de quien fue la mayor influencia intelectual de mi vida.<\/p>\n\n\n\n<p class=\"has-small-font-size wp-block-paragraph\">*Publicado originalmente en Sin Embargo, con la autorizaci\u00f3n del autor. Polit\u00f3logo. Profesor e investigador del departamento de Pol\u00edtica y Cultura de la UAM Xochimilco.<\/p>\n\n\n\n<p class=\"wp-block-paragraph\">SEM\/MG<\/p>\n","protected":false},"excerpt":{"rendered":"<p>La reforma pol\u00edtica de 1977 se convirti\u00f3 en una causa para mi padre. Analiz\u00f3 todos sus aspectos y potencialidades y escribi\u00f3 p\u00e1ginas y p\u00e1ginas en su defensa.<\/p>\n","protected":false},"author":3,"featured_media":62912,"comment_status":"open","ping_status":"open","sticky":false,"template":"","format":"standard","meta":{"_monsterinsights_skip_tracking":false,"footnotes":""},"categories":[82,110],"tags":[],"class_list":["post-62911","post","type-post","status-publish","format-standard","has-post-thumbnail","category-la-opinion","category-la-opinion-columnas"],"_links":{"self":[{"href":"https:\/\/redsemlac.com\/semmexico\/wp-json\/wp\/v2\/posts\/62911","targetHints":{"allow":["GET"]}}],"collection":[{"href":"https:\/\/redsemlac.com\/semmexico\/wp-json\/wp\/v2\/posts"}],"about":[{"href":"https:\/\/redsemlac.com\/semmexico\/wp-json\/wp\/v2\/types\/post"}],"author":[{"embeddable":true,"href":"https:\/\/redsemlac.com\/semmexico\/wp-json\/wp\/v2\/users\/3"}],"replies":[{"embeddable":true,"href":"https:\/\/redsemlac.com\/semmexico\/wp-json\/wp\/v2\/comments?post=62911"}],"version-history":[{"count":0,"href":"https:\/\/redsemlac.com\/semmexico\/wp-json\/wp\/v2\/posts\/62911\/revisions"}],"wp:featuredmedia":[{"embeddable":true,"href":"https:\/\/redsemlac.com\/semmexico\/wp-json\/wp\/v2\/media\/62912"}],"wp:attachment":[{"href":"https:\/\/redsemlac.com\/semmexico\/wp-json\/wp\/v2\/media?parent=62911"}],"wp:term":[{"taxonomy":"category","embeddable":true,"href":"https:\/\/redsemlac.com\/semmexico\/wp-json\/wp\/v2\/categories?post=62911"},{"taxonomy":"post_tag","embeddable":true,"href":"https:\/\/redsemlac.com\/semmexico\/wp-json\/wp\/v2\/tags?post=62911"}],"curies":[{"name":"wp","href":"https:\/\/api.w.org\/{rel}","templated":true}]}}