{"id":62904,"date":"2023-02-20T10:49:39","date_gmt":"2023-02-20T16:49:39","guid":{"rendered":"https:\/\/redsemlac.com\/semmexico\/?p=62904"},"modified":"2023-02-20T10:49:41","modified_gmt":"2023-02-20T16:49:41","slug":"son-y-seran-nicaraguenses-la-carta-con-la-que-cientos-de-personalidades-apoyan-a-quienes-por-estar-en-la-oposicion-se-les-despojo-de-su-nacionalidad","status":"publish","type":"post","link":"https:\/\/redsemlac.com\/semmexico\/son-y-seran-nicaraguenses-la-carta-con-la-que-cientos-de-personalidades-apoyan-a-quienes-por-estar-en-la-oposicion-se-les-despojo-de-su-nacionalidad\/","title":{"rendered":"\u00abSon y ser\u00e1n nicarag\u00fcenses\u00bb: la carta con la que cientos de personalidades apoyan a quienes por estar en la oposici\u00f3n se les despoj\u00f3 de su nacionalidad"},"content":{"rendered":"\n<ul class=\"wp-block-list\">\n<li><strong>Cunde la condena y el azoro de un acto nunca registrado en la historia moderna, menos en Am\u00e9rica Latina. <\/strong><strong><\/strong><\/li>\n\n\n\n<li><strong>La escritora mexicana Elena Poniatowska Amor, una de las firmantes de una carta de 466 personalidades de Am\u00e9rica Latina.<\/strong><\/li>\n<\/ul>\n\n\n\n<p class=\"wp-block-paragraph\"><strong>Redacci\u00f3n<\/strong><strong><\/strong><\/p>\n\n\n\n<p class=\"wp-block-paragraph\">SemM\u00e9xico\/Agencias, Ciudad de M\u00e9xico, 20&nbsp; de febrero del 2023.-Un grupo de personalidades de la cultura y la pol\u00edtica firmaron una carta en la que expresan su preocupaci\u00f3n por las recientes acciones de las autoridades de Nicaragua contra cientos de hombres y mujeres de la oposici\u00f3n a quienes les han quitado la nacionalidad y enviado al exilio.<\/p>\n\n\n\n<p class=\"wp-block-paragraph\">\u00abExhortamos a la comunidad internacional a que se pronuncie y asuma un papel activo en todas las acciones que puedan llevar al cese de los abusos y las violaciones a los derechos humanos cometidos por el r\u00e9gimen Ortega-Murillo\u00bb, se\u00f1ala el texto, que ha sido firmado por&nbsp;Mario Vargas Llosa&nbsp;(premio Nobel),&nbsp;Elena Poniatowska&nbsp;(ganadora del Premio Cervantes), y otras 464 personalidades, la mayor\u00eda de ellas latinoamericanas.<\/p>\n\n\n\n<p class=\"wp-block-paragraph\">Daniel Ortega es el presidente de Nicaragua y su esposa, Rosario Murillo, es vicepresidenta.<\/p>\n\n\n\n<p class=\"wp-block-paragraph\">Entre los firmantes de la carta tambi\u00e9n est\u00e1n los expresidentes de Costa Rica&nbsp;Luis Guillermo Sol\u00eds&nbsp;(2014-2018) y&nbsp;Carlos Alvarado Quesada&nbsp;(2018-2022).<\/p>\n\n\n\n<p class=\"wp-block-paragraph\">\u00abExhortamos tambi\u00e9n al gobierno nicarag\u00fcense a que detenga la represi\u00f3n contra su pueblo\u00bb, prosigue la carta titulada \u00abSon y ser\u00e1n nicarag\u00fcenses\u00bb.<\/p>\n\n\n\n<figure class=\"wp-block-gallery has-nested-images columns-default is-cropped wp-block-gallery-1 is-layout-flex wp-block-gallery-is-layout-flex\">\n<figure class=\"wp-block-image size-large\"><a href=\"https:\/\/redsemlac.com\/semmexico\/wp-content\/uploads\/2023\/02\/Imagen1-6.jpg\"><img loading=\"lazy\" decoding=\"async\" width=\"270\" height=\"152\" data-id=\"62905\" src=\"https:\/\/redsemlac.com\/semmexico\/wp-content\/uploads\/2023\/02\/Imagen1-6.jpg\" alt=\"\" class=\"wp-image-62905\"\/><\/a><\/figure>\n\n\n\n<figure class=\"wp-block-image size-large\"><a href=\"https:\/\/redsemlac.com\/semmexico\/wp-content\/uploads\/2023\/02\/Imagen2-7.jpg\"><img loading=\"lazy\" decoding=\"async\" width=\"289\" height=\"162\" data-id=\"62906\" src=\"https:\/\/redsemlac.com\/semmexico\/wp-content\/uploads\/2023\/02\/Imagen2-7.jpg\" alt=\"\" class=\"wp-image-62906\"\/><\/a><\/figure>\n<\/figure>\n\n\n\n<p class=\"wp-block-paragraph\">Sergio Ram\u00edrez sobre el despojo de su nacionalidad ordenado por las autoridades de Nicaragua: \u00abTe pueden despellejar, pero tu pa\u00eds no te lo quitan ni aunque te dejen en carne viva\u00bb.<\/p>\n\n\n\n<p class=\"wp-block-paragraph\">Qu\u00e9 significa ser ap\u00e1trida y qu\u00e9 supone que un pa\u00eds despoje de la nacionalidad a sus ciudadanas y ciudadanos como ha hecho Nicaragua con m\u00e1s de 300 personas opositoras<\/p>\n\n\n\n<p class=\"wp-block-paragraph\">\u00abQuitarles la nacionalidad e invocar un destierro a las y los nicarag\u00fcenses liberados es una muestra de la crueldad de este r\u00e9gimen\u00bb: entrevista con la escritora Gioconda Belli.<\/p>\n\n\n\n<h2 class=\"wp-block-heading\"><strong>La justicia de Nicaragua despoja de su nacionalidad a los escritores Sergio Ram\u00edrez y Gioconda Belli y a otras 92 personas<\/strong><\/h2>\n\n\n\n<p class=\"wp-block-paragraph\">El 9 de febrero, Nicaragua liber\u00f3 a 222 personas presas, que fueron acusadas de \u00abtraidores\/as a la patria\u00bb y deportados v\u00eda a\u00e9rea a Estados Unidos.<\/p>\n\n\n<div class=\"wp-block-image\">\n<figure class=\"alignleft size-full\"><a href=\"https:\/\/redsemlac.com\/semmexico\/wp-content\/uploads\/2023\/02\/Imagen4-3.jpg\"><img loading=\"lazy\" decoding=\"async\" width=\"335\" height=\"189\" src=\"https:\/\/redsemlac.com\/semmexico\/wp-content\/uploads\/2023\/02\/Imagen4-3.jpg\" alt=\"\" class=\"wp-image-62907\"\/><\/a><figcaption class=\"wp-element-caption\"><strong><em>El premio nobel de literatura Mario Vargas Llosa es uno de los 466 firmantes de la carta.<\/em><\/strong><\/figcaption><\/figure>\n<\/div>\n\n\n<p class=\"wp-block-paragraph\">Poco despu\u00e9s, la Asamblea Nacional nicarag\u00fcense, controlada por el oficialismo, aprob\u00f3 por unanimidad una reforma constitucional que despoja de la nacionalidad a quienes sean declarados \u00abtraidores de la patria\u00bb.<\/p>\n\n\n\n<p class=\"wp-block-paragraph\">Dentro de los 222 opositoras y opositores deportados hab\u00eda j\u00f3venes universitarios, militantes pol\u00edticos, l\u00edderes campesinos, sacerdotes y periodistas\u2026<\/p>\n\n\n\n<p class=\"wp-block-paragraph\">\u00abUn derecho humano fundamental\u00bb<\/p>\n\n\n\n<p class=\"wp-block-paragraph\">La carta asegura que las acciones del gobierno nicarag\u00fcense \u00abviolan el derecho humano fundamental a tener una nacionalidad y la prohibici\u00f3n a que\u00a0se prive arbitrariamente\u00a0de ella a cualquier ser humano consignada\u00bb.<\/p>\n\n\n\n<p class=\"wp-block-paragraph\">Seg\u00fan el documento, dichos derechos est\u00e1n estipulados en el art\u00edculo 13 de la Declaraci\u00f3n Universal de Derechos Humanos y en el art\u00edculo 20 de la Convenci\u00f3n Americana sobre Derechos Humanos.<\/p>\n\n\n\n<p class=\"wp-block-paragraph\">El mi\u00e9rcoles, las autoridades ampliaron la lista de afectadas y afectados, despojando a otros 92 nicarag\u00fcenses de su nacionalidad.<\/p>\n\n\n\n<p class=\"wp-block-paragraph\">Los nuevos nombres inclu\u00edan el escritor y premio Cervantes de literatura&nbsp;Sergio Ram\u00edrez&nbsp;y la poeta&nbsp;Gioconda Belli.<\/p>\n\n\n\n<p class=\"wp-block-paragraph\">La carta concluye destacando un conjunto de medidas controvertidas que el oficialismo, dirigido por el presidente Daniel Ortega, ha impulsado en los \u00faltimos a\u00f1os.<\/p>\n\n\n\n<p class=\"wp-block-paragraph\">Estas incluyen el cierre de universidades -que la oposici\u00f3n tilda como una \u00abforma de control\u00bb ante la rebeli\u00f3n estudiantil de 2018, que dej\u00f3 328 muertos, cerca de 2.000 heridos y cientos de detenidos-, as\u00ed como la cancelaci\u00f3n del estatus legal de m\u00e1s de 3.000 organizaciones no gubernamentales y el cierre de medios de comunicaci\u00f3n en el pa\u00eds.<\/p>\n\n\n\n<h2 class=\"wp-block-heading\"><strong>Lo dicho por la escritora feminista Gioconda Belli<\/strong><\/h2>\n\n\n\n<p class=\"wp-block-paragraph\">L<strong>a escritora Gioconda Belli&nbsp;<\/strong>fue una de las&nbsp;<strong>94 personas de Nicaragua&nbsp;<\/strong>a quienes el r\u00e9gimen de Daniel Ortega despoj\u00f3 de su nacionalidad este mi\u00e9rcoles 15 de febrero.<\/p>\n\n\n<div class=\"wp-block-image\">\n<figure class=\"alignleft size-full\"><a href=\"https:\/\/redsemlac.com\/semmexico\/wp-content\/uploads\/2023\/02\/Imagen5-2.jpg\"><img loading=\"lazy\" decoding=\"async\" width=\"331\" height=\"186\" src=\"https:\/\/redsemlac.com\/semmexico\/wp-content\/uploads\/2023\/02\/Imagen5-2.jpg\" alt=\"\" class=\"wp-image-62908\"\/><\/a><\/figure>\n<\/div>\n\n\n<p class=\"wp-block-paragraph\">Se trata de una medida que ya ejecutaron la semana pasada cuando&nbsp;desterraron a 222 presos y presas pol\u00edticas&nbsp;a&nbsp;<strong>Estados Unidos<\/strong>, a los que tambi\u00e9n les quitaron la nacionalidad e inhabilitaron para ejercer cargos p\u00fablicos o de elecci\u00f3n popular durante toda su vida.<\/p>\n\n\n\n<p class=\"wp-block-paragraph\">Estas acciones, que se amparan en una ley que aprob\u00f3 el Parlamento de Nicaragua bajo el control de Ortega, han sido condenadas por las y los afectados, adem\u00e1s de pa\u00edses como Estados Unidos y de la Uni\u00f3n Europea.<\/p>\n\n\n\n<h2 class=\"wp-block-heading\"><strong>Belli responde con su poema Nicaragua<\/strong><\/h2>\n\n\n\n<p class=\"wp-block-paragraph\">Belli, una de las escritoras m\u00e1s destacadas del pa\u00eds centroamericano y que en su juventud fue parte del\u00a0<strong>Frente Sandinista<\/strong>\u00a0<strong>de Liberaci\u00f3n Nacional<\/strong>\u00a0que se opuso a la dictadura de Anastasio Somoza en los 80, respondi\u00f3 con un poema al despojo de su nacionalidad:<\/p>\n\n\n\n<pre class=\"wp-block-verse\"><strong><em>Arranco de tu pelo a los que te venden te roban y te abusan \r\nte cuento cuentos en la esquina de mi almohada\r\nte arropo y te tapo los ojos\r\npara que no veas los verdugos que llegan a cortarte la cabeza.\r\nPalabras digo puesto que son ellas la argamasa de mi vida\r\ny a punta de palabras te imagino una y otra vez renacida genial,\r\ndespojada de cuanta polilla te corroe d\u00eda a d\u00eda los cimientos\r\ny te amo patria de mis sue\u00f1os y mis penas\r\ny te llevo conmigo para lavarte las manchas en secreto susurrarte esperanzas\r\ny prometerte curas y encantos que te salven.\r<\/em><\/strong><\/pre>\n\n\n\n<p class=\"wp-block-paragraph\">\u201cNunca imagin\u00e9 que iba a tener que vivir de nuevo en el exilio, jam\u00e1s nos hubi\u00e9ramos imaginado que pod\u00eda pasar, no estaba lista para exiliarme\u201d, dijo Bello a la agencia Efe el pasado 9 de febrero cuando cumpli\u00f3 su primer a\u00f1o de exilio en Espa\u00f1a, tras haber abandonado Nicaragua por el hostigamiento del gobierno.<\/p>\n\n\n\n<h2 class=\"wp-block-heading\"><strong>Condena por retiro de nacionalidad<\/strong><\/h2>\n\n\n\n<p class=\"wp-block-paragraph\">Junto al tambi\u00e9n escritor y Premio Cervantes 2017,&nbsp;<strong>Sergio Ram\u00edrez<\/strong>, Belli ha sido una de las m\u00e1s fuertes cr\u00edticas a la razzia que comenz\u00f3 el r\u00e9gimen sandinista en 2018, a\u00f1o cuando una serie de protestas contra el gobierno fueron reprimidas, llevaron al encarcelamiento de cientos de pol\u00edticos, estudiantes, sacerdotes, adem\u00e1s del cierre de medios de comunicaci\u00f3n, la clausura de ONG y m\u00e1s recientemente el retiro de nacionalidad de quienes se oponen a Ortega.<\/p>\n\n\n\n<p class=\"wp-block-paragraph\">\u201cEstas acciones&nbsp;son injustificable y corren el riesgo de profundizar el aislamiento internacional de Nicaragua\u201d, dijo este jueves el Servicio Europeo de Acci\u00f3n Exterior en un comunicado.<\/p>\n\n\n\n<p class=\"wp-block-paragraph\">En esta nueva lista se encuentra el periodista y director del medio de comunicaci\u00f3n, Carlos Chamorro; el exembajador de Nicaragua ante la Organizaci\u00f3n de Estados Americanos (OEA), Arturo McFields; el excanciller Norman Caldera; el exmagistrado Rafael Sol\u00eds y la defensora de derechos humanos Vilma N\u00fa\u00f1ez.<\/p>\n\n\n\n<h2 class=\"wp-block-heading\"><strong>Estados Unidos condena a Ortega<\/strong><\/h2>\n\n\n\n<p class=\"wp-block-paragraph\">El subsecretario de Asuntos del Hemisferio Occidental del Departamento de Estado de EE.UU, Brian Nichols, tambi\u00e9n se pronunci\u00f3 en contra de la medida de Daniel Ortega y su esposa y vicepresidenta del pa\u00eds, Rosario Murillo.<\/p>\n\n\n\n<p class=\"wp-block-paragraph\">\u201cCondenamos las acciones de hoy (15.02.2023) del gobierno de Nicaragua de quitarle la nacionalidad a otras y otros 94 ciudadanos nicarag\u00fcenses. Este acto deplorable aleja m\u00e1s a los nicarag\u00fcenses de la democracia que se merecen\u201d, escribi\u00f3 en su cuenta de Twitter.<\/p>\n\n\n\n<p class=\"wp-block-paragraph\">Por su parte, Carlos Chamorro tambi\u00e9n cuestion\u00f3 las acciones del gobierno nicarag\u00fcense y acus\u00f3 a Ortega y Murillo de cometer \u201cacciones delictivas\u201d.<\/p>\n\n\n\n<p class=\"wp-block-paragraph\">\u201cNicaragua dej\u00f3 de ser una sociedad en la que se respeta la ley y la Constituci\u00f3n, para imponer la ley de la venganza, el capricho y el odio contra las y los ciudadanos que aspiran a vivir en una sociedad libre\u201d, dijo en declaraciones a Confidencial.<\/p>\n\n\n\n<h2 class=\"wp-block-heading\"><strong>M\u00e9xico<\/strong><strong><\/strong><\/h2>\n\n\n\n<p class=\"wp-block-paragraph\">El gobierno de M\u00e9xico, liderado por Andr\u00e9s Manuel L\u00f3pez Obrador, se declar\u00f3 el jueves pasado \u201catento\u201d a los acontecimientos en el pa\u00eds centroamericano.<\/p>\n\n\n\n<p class=\"wp-block-paragraph\">\u201cM\u00e9xico ha dado puntual seguimiento a la situaci\u00f3n de las personas nicarag\u00fcenses deportadas de Nicaragua\u201d, afirm\u00f3 la Secretar\u00eda de Relaciones Exteriores (SRE) en un comunicado en respuesta a preguntas de EFE.<\/p>\n\n\n\n<p class=\"wp-block-paragraph\">En este sentido, sostuvo que \u201cconforme a uno de sus principios torales de pol\u00edtica exterior\u201d, M\u00e9xico \u201cse mantendr\u00e1 atento a que se respeten y protejan los derechos humanos de este grupo de personas, incluidos sus derechos a la nacionalidad y a no ser privada de \u00e9sta de manera arbitraria\u201d.<\/p>\n\n\n\n<p class=\"wp-block-paragraph\">\u201cY al uso y goce de sus bienes y propiedad a menos que \u00e9sta sea confiscada o restringida por causas justificadas previstas en las leyes y mediante el pago de una indemnizaci\u00f3n justa\u201d, agreg\u00f3.<\/p>\n\n\n\n<p class=\"wp-block-paragraph\">M\u00e9xico ha mantenido una pol\u00e9mica ambig\u00fcedad ante la aguda crisis pol\u00edtica que vive Nicaragua y las denuncias de represi\u00f3n a opositoras y opositores por parte del gobierno de Ortega.<\/p>\n\n\n\n<p class=\"wp-block-paragraph\">SEM\/MG<\/p>\n","protected":false},"excerpt":{"rendered":"<p>Cunde la condena y el azoro de un acto nunca registrado en la historia moderna, menos en Am\u00e9rica Latina. <\/p>\n","protected":false},"author":3,"featured_media":62909,"comment_status":"open","ping_status":"open","sticky":false,"template":"","format":"standard","meta":{"_monsterinsights_skip_tracking":false,"footnotes":""},"categories":[53],"tags":[],"class_list":["post-62904","post","type-post","status-publish","format-standard","has-post-thumbnail","category-internacional"],"_links":{"self":[{"href":"https:\/\/redsemlac.com\/semmexico\/wp-json\/wp\/v2\/posts\/62904","targetHints":{"allow":["GET"]}}],"collection":[{"href":"https:\/\/redsemlac.com\/semmexico\/wp-json\/wp\/v2\/posts"}],"about":[{"href":"https:\/\/redsemlac.com\/semmexico\/wp-json\/wp\/v2\/types\/post"}],"author":[{"embeddable":true,"href":"https:\/\/redsemlac.com\/semmexico\/wp-json\/wp\/v2\/users\/3"}],"replies":[{"embeddable":true,"href":"https:\/\/redsemlac.com\/semmexico\/wp-json\/wp\/v2\/comments?post=62904"}],"version-history":[{"count":0,"href":"https:\/\/redsemlac.com\/semmexico\/wp-json\/wp\/v2\/posts\/62904\/revisions"}],"wp:featuredmedia":[{"embeddable":true,"href":"https:\/\/redsemlac.com\/semmexico\/wp-json\/wp\/v2\/media\/62909"}],"wp:attachment":[{"href":"https:\/\/redsemlac.com\/semmexico\/wp-json\/wp\/v2\/media?parent=62904"}],"wp:term":[{"taxonomy":"category","embeddable":true,"href":"https:\/\/redsemlac.com\/semmexico\/wp-json\/wp\/v2\/categories?post=62904"},{"taxonomy":"post_tag","embeddable":true,"href":"https:\/\/redsemlac.com\/semmexico\/wp-json\/wp\/v2\/tags?post=62904"}],"curies":[{"name":"wp","href":"https:\/\/api.w.org\/{rel}","templated":true}]}}