{"id":62901,"date":"2023-02-20T10:19:34","date_gmt":"2023-02-20T16:19:34","guid":{"rendered":"https:\/\/redsemlac.com\/semmexico\/?p=62901"},"modified":"2023-02-20T10:20:23","modified_gmt":"2023-02-20T16:20:23","slug":"cuba-evocacion-de-fina-garcia-marruz-una-poeta-singular","status":"publish","type":"post","link":"https:\/\/redsemlac.com\/semmexico\/cuba-evocacion-de-fina-garcia-marruz-una-poeta-singular\/","title":{"rendered":"Cuba: Evocaci\u00f3n de Fina Garc\u00eda Marruz, una poeta singular"},"content":{"rendered":"\n<p class=\"wp-block-paragraph\"><strong>Sara M\u00e1s<\/strong><\/p>\n\n\n\n<p class=\"wp-block-paragraph\">SemM\u00e9xico\/SEMlac, La Habana, Cuba, 20 de febrero del 2023.- La intelectual cubana Fina Garc\u00eda Marruz (1923-2022) fue recordada el 13 de febrero, a prop\u00f3sito de su centenario, en el espacio Foro Literario de la Uni\u00f3n de Escritores y Artistas de Cuba (UNEAC), como parte de la 31 edici\u00f3n de la Feria Internacional del Libro de La Habana, que se desarroll\u00f3 del 9 al 19 de febrero.<\/p>\n\n\n\n<p class=\"wp-block-paragraph\">Poeta, ensayista e investigadora de la cultura cubana, Fina estaba en la zona entre el artista y el ser, y escribi\u00f3 poemas de apasionada belleza que no se hab\u00edan compuesto jam\u00e1s en la lengua espa\u00f1ola, al decir del poeta Eliseo Diego, se record\u00f3 en la jornada.<\/p>\n\n\n\n<p class=\"wp-block-paragraph\">Para la narradora y ensayista Ivette Fuentes de la Paz, evocarla remite de inmediato a la gran escritora y poeta, pero sobre todo tambi\u00e9n al ser humano que tend\u00eda la mano y ayudaba siempre, incluso en los momentos m\u00e1s cr\u00edticos.<\/p>\n\n\n\n<p class=\"wp-block-paragraph\">\u00abFue una persona capaz de estar en todos los \u00e1mbitos, sencillos y enormes, y abarcarlos con una gran humildad\u00bb, rememor\u00f3 la doctora en Ciencias Filol\u00f3gicas al referirse a su don de estar presente en todos los espacios, los de la exquisitez literaria y los de la vida cotidiana en familia, casi siempre entremezclados. Una mujer que era fuerte y sonre\u00eda a la vez, apunt\u00f3.<\/p>\n\n\n\n<p class=\"wp-block-paragraph\">\u00abLa suya es una obra que le crece a uno entre las manos\u00bb, expres\u00f3 el poeta Roberto M\u00e9ndez, cuando disert\u00f3 ante el p\u00fablico sobre lo exterior en la poes\u00eda de Fina Garc\u00eda Marruz, cuya tendencia a la modestia y timidez social hac\u00edan que muchas veces su obra, muy personal y singular, pasara a un segundo plano, sostuvo M\u00e9ndez.<\/p>\n\n\n\n<p class=\"wp-block-paragraph\">Con una estrecha relaci\u00f3n profesional con su esposo, el tambi\u00e9n escritor Cintio Vitier (1921-2009), ambos fueron apasionados estudiosos de la obra de Jos\u00e9 Mart\u00ed y emprendieron juntos no pocos proyectos literarios. A muchos que les vieron trabajar as\u00ed por a\u00f1os, les daba la impresi\u00f3n de que ella era la colaboradora de Cintio, reflexion\u00f3 M\u00e9ndez, porque la timidez de Fina hac\u00eda que las conversaciones se dirigieran a \u00e9l y ella quedaba colocada como en un segundo plano.<\/p>\n\n\n\n<p class=\"wp-block-paragraph\">Lamentablemente, esto ha pasado tambi\u00e9n, a veces, con la investigaci\u00f3n y ubicaci\u00f3n de Fina en la cultura cubana, algo que empieza a cambiar con los acercamientos m\u00e1s recientes a su obra, sostuvo el profesor, ensayista y cr\u00edtico de arte.<\/p>\n\n\n\n<p class=\"wp-block-paragraph\">El tambi\u00e9n miembro de la Academia Cubana de la Lengua narr\u00f3 algunas an\u00e9cdotas sobre escenas que vivi\u00f3 junto a Fina como anfitriona y la describi\u00f3 como la persona que pod\u00eda entablar un gran recorrido literario mientras cocinaba con naturalidad los alimentos que ofrecer\u00eda a sus invitadas e invitados. \u00abEn ning\u00fan momento sent\u00ed la tensi\u00f3n entre la Fina figura literaria y la Fina dom\u00e9stica\u00bb, asegur\u00f3.<\/p>\n\n\n\n<p class=\"wp-block-paragraph\">M\u00e9ndez hizo referencia a la que, desde los or\u00edgenes de su poes\u00eda, trataba de hablar de lo exterior y de lo humilde. \u00abCuando tantos poetas en el mundo se dedican a las esencias y las profundidades, Fina parece mostrarnos lo mejor de la realidad desde la apariencia\u00bb, valor\u00f3.<\/p>\n\n\n\n<p class=\"wp-block-paragraph\">Citando un ensayo de la escritora, aludi\u00f3 a algunas de sus ideas y esencias. \u00abQue ning\u00fan acto que realicemos en el d\u00eda, ni a\u00fan el m\u00e1s modesto, sea mec\u00e1nico; que podamos tender la cama con la misma inspiraci\u00f3n con que antes se iba a ver la ca\u00edda del crep\u00fasculo. La mujer que cose un roto, la que enciende el fuego, la que barre el polvo, contribuye tambi\u00e9n al orden del mundo, a la caridad m\u00e1s misteriosa; sirve a la luz\u00bb.<\/p>\n\n\n\n<p class=\"wp-block-paragraph\">La m\u00e1s peque\u00f1a de cuatro hermanos creci\u00f3 en una familia de fuerte ambiente cultural y muy interesada por el arte, en sus diversas manifestaciones: ballet, cine, circo, m\u00fasica y teatro; expresiones que lo mismo emergen en su obra que asociadas a momentos de su vida, se\u00f1al\u00f3 Josefina de Diego Garc\u00eda Marruz, escritora y sobrina de Fina. \u00abEn sus versos encuentro consuelo, alegr\u00eda y paz\u00bb, dijo Fef\u00e9.<\/p>\n\n\n\n<p class=\"wp-block-paragraph\">Apasionada de la danza, Fina Garc\u00eda Marruz fue tambi\u00e9n admiradora y amiga de la fundadora y directora del Ballet Nacional de Cuba, la bailarina Alicia Alonso, rememor\u00f3 Pedro Sim\u00f3n, investigador y cr\u00edtico de arte.<\/p>\n\n\n\n<p class=\"wp-block-paragraph\">La poeta segu\u00eda las presentaciones y comentarios de ballet, se inspir\u00f3 muchas veces en ese arte, hizo aportes y valoraciones al desarrollo de esa manifestaci\u00f3n art\u00edstica y le dedic\u00f3 poemas y escritos, incluido un libreto que luego Alicia convirti\u00f3 en coreograf\u00eda. \u00abPor su forma de analizar la danza, sus contribuciones merecen un estudio profundo que est\u00e1 por hacerse\u00bb, puntualiz\u00f3 Sim\u00f3n.<\/p>\n\n\n\n<p class=\"wp-block-paragraph\">En vida Fina, afortunadamente, fue distinguida con numerosos reconocimientos, como los premios Nacional de Literatura en 1990, el Iberoamericano de Poes\u00eda Pablo Neruda en 2007 y el Federico Garc\u00eda Lorca y Reina Sof\u00eda en 2011, entre muchos otros. Dej\u00f3 tambi\u00e9n una extensa obra de poes\u00eda, ensayos y cr\u00edtica que han sido traducidos a varios idiomas.<\/p>\n\n\n\n<p class=\"wp-block-paragraph\">Recordando la modestia y timidez de su madre, el m\u00fasico Jos\u00e9 Mar\u00eda Vitier imagin\u00f3 ante los asistentes cu\u00e1l podr\u00eda haber sido la reacci\u00f3n de ella ante ese sentido homenaje.<\/p>\n\n\n\n<p class=\"wp-block-paragraph\">\u00abA mam\u00e1 no le hubiera gustado nada esto, ustedes lo saben\u00bb, les dijo poco antes de interpretar varias piezas al piano, a manera de cierre de la velada. \u00abEn vida no le gustaba el protagonismo; pero qui\u00e9n sabe, a lo mejor en sobrevida s\u00ed lo est\u00e9 disfrutando\u00bb, a\u00f1adi\u00f3, agradecido por el justo y cercano reconocimiento que le brindaron a la escritora amistades, familiares, escritoras, escritores y p\u00fablico que la admiran.<\/p>\n\n\n\n<p class=\"wp-block-paragraph\"><a href=\"mailto:masfarias5@gmail.com\">masfarias5@gmail.com<\/a><\/p>\n\n\n\n<p class=\"wp-block-paragraph\">SEM\/MG<\/p>\n","protected":false},"excerpt":{"rendered":"<p>a intelectual cubana Fina Garc\u00eda Marruz (1923-2022) fue recordada el 13 de febrero, a prop\u00f3sito de su centenario, en el espacio Foro Literario de la Uni\u00f3n de Escritores y Artistas de Cuba (UNEAC), como parte de la 31 edici\u00f3n de la Feria Internacional del Libro de La Habana<\/p>\n","protected":false},"author":3,"featured_media":62902,"comment_status":"open","ping_status":"open","sticky":false,"template":"","format":"standard","meta":{"_monsterinsights_skip_tracking":false,"footnotes":""},"categories":[53],"tags":[],"class_list":["post-62901","post","type-post","status-publish","format-standard","has-post-thumbnail","category-internacional"],"_links":{"self":[{"href":"https:\/\/redsemlac.com\/semmexico\/wp-json\/wp\/v2\/posts\/62901","targetHints":{"allow":["GET"]}}],"collection":[{"href":"https:\/\/redsemlac.com\/semmexico\/wp-json\/wp\/v2\/posts"}],"about":[{"href":"https:\/\/redsemlac.com\/semmexico\/wp-json\/wp\/v2\/types\/post"}],"author":[{"embeddable":true,"href":"https:\/\/redsemlac.com\/semmexico\/wp-json\/wp\/v2\/users\/3"}],"replies":[{"embeddable":true,"href":"https:\/\/redsemlac.com\/semmexico\/wp-json\/wp\/v2\/comments?post=62901"}],"version-history":[{"count":0,"href":"https:\/\/redsemlac.com\/semmexico\/wp-json\/wp\/v2\/posts\/62901\/revisions"}],"wp:featuredmedia":[{"embeddable":true,"href":"https:\/\/redsemlac.com\/semmexico\/wp-json\/wp\/v2\/media\/62902"}],"wp:attachment":[{"href":"https:\/\/redsemlac.com\/semmexico\/wp-json\/wp\/v2\/media?parent=62901"}],"wp:term":[{"taxonomy":"category","embeddable":true,"href":"https:\/\/redsemlac.com\/semmexico\/wp-json\/wp\/v2\/categories?post=62901"},{"taxonomy":"post_tag","embeddable":true,"href":"https:\/\/redsemlac.com\/semmexico\/wp-json\/wp\/v2\/tags?post=62901"}],"curies":[{"name":"wp","href":"https:\/\/api.w.org\/{rel}","templated":true}]}}