{"id":62897,"date":"2023-02-19T16:09:10","date_gmt":"2023-02-19T22:09:10","guid":{"rendered":"https:\/\/redsemlac.com\/semmexico\/?p=62897"},"modified":"2023-02-19T16:09:12","modified_gmt":"2023-02-19T22:09:12","slug":"protestan-mineros-y-familiares-de-coahuila-en-cdmx-por-pasta-de-conchos","status":"publish","type":"post","link":"https:\/\/redsemlac.com\/semmexico\/protestan-mineros-y-familiares-de-coahuila-en-cdmx-por-pasta-de-conchos\/","title":{"rendered":"Protestan mineros y familiares de Coahuila en CDMX por Pasta de Conchos"},"content":{"rendered":"\n<p class=\"wp-block-paragraph\">Oficia Monse\u00f1or Ra\u00fal Vera L\u00f3pez misa en el plant\u00f3n<\/p>\n\n\n\n<p class=\"wp-block-paragraph\">El obispo em\u00e9rito de la Di\u00f3cesis de Saltillo, Monse\u00f1or Fray Ra\u00fal Vera L\u00f3pez, ofici\u00f3 la ma\u00f1ana de este domingo en la Ciudad de M\u00e9xico una misa en memoria de los 65 mineros muertos hoy hace 17 a\u00f1os<\/p>\n\n\n\n<p class=\"wp-block-paragraph\">En el aniversario de la tragedia de Pasta de Conchos, en la norte\u00f1a comunidad de San Juan de Sabinas, del Estado de Coahuila, no dejan de pedir justicia<\/p>\n\n\n\n<p class=\"wp-block-paragraph\">Sergio Rodr\u00edguez<\/p>\n\n\n\n<p class=\"wp-block-paragraph\">SemM\u00e9xico\/ El Siglo de Torre\u00f3n, Ciudad de M\u00e9xico, 19 de febrero, 2023.- El evento eucar\u00edstico se llev\u00f3 en la v\u00eda p\u00fablica, sobre la avenida Paseo de la Reforma, frente al antimonumenta de Pasta de Conchos en la capital del pa\u00eds.<\/p>\n\n\n\n<p class=\"wp-block-paragraph\">Al acto lit\u00fargico asistieron viudas, familiares, amistades y ciudadan\u00eda que realizaron una protesta por los mineros fallecidos en la explosi\u00f3n de la mina 8, Pasta de Conchos, propiedad del Grupo M\u00e9xico.<\/p>\n\n\n\n<p class=\"wp-block-paragraph\">Las mujeres han resistido estos 17 a\u00f1os, en algunos casos est\u00e1n pendientes las indemnizaciones; dijeron que no hay prevenci\u00f3n y los \u201caccidentes\u201d se siguen sucediendo. A lo largo de estos 3 lustros han contado con la compa\u00f1\u00eda del obispo em\u00e9rito y ciudadan\u00eda diversa de la regi\u00f3n carbon\u00edfera.<\/p>\n\n\n\n<p class=\"wp-block-paragraph\">63 de los 65 cuerpos permanecen enterrados en el sitio.&nbsp;<strong>En 17 a\u00f1os no han podido rescatar los restos humanos.<\/strong><\/p>\n\n\n\n<p class=\"wp-block-paragraph\">Durante la homil\u00eda, Monse\u00f1or Ra\u00fal Vera se\u00f1al\u00f3 \u201cno vamos a renunciar a la exigencia de justicia, porque no somos c\u00f3mplices de quienes da\u00f1an a los mineros y sus familias\u201d.<\/p>\n\n\n\n<p class=\"wp-block-paragraph\">Pasta de Conchos es un complejo minero rico en yacimientos de carb\u00f3n, que despu\u00e9s de la explosi\u00f3n ocurrida la madrugada del 19 de febrero de 2006 fue donado por su propietario, Grupo M\u00e9xico, al Gobierno Federal.<\/p>\n\n\n\n<p class=\"wp-block-paragraph\">La organizaci\u00f3n no gubernamental Familia Pasta de Conchos, creada despu\u00e9s del desastre,&nbsp;<strong>exigi\u00f3 a las autoridades federales el rescate de los cuerpos de los 63 mineros fallecidos,<\/strong>&nbsp;medidas para evitar la repetici\u00f3n de tragedias como esta, y castigo para los responsables de lo ocurrido.<\/p>\n\n\n\n<p class=\"wp-block-paragraph\">En m\u00e1s de tres lustros ninguno de estos puntos ha sido cumplido, indic\u00f3 la ONG.<\/p>\n\n\n\n<p class=\"wp-block-paragraph\">En agosto de 2022, en Villa Agujita, municipio de Sabinas, colaps\u00f3 otra mina de carb\u00f3n, que atrap\u00f3 y mat\u00f3 a 10 trabajadores, a 24 kil\u00f3metros de distancia de Pasta de Conchos.<\/p>\n\n\n\n<p class=\"wp-block-paragraph\">Igual que en esta tragedia de San Juan de Sabinas, los cuerpos de los mineros de Agujita no han podido ser rescatados.<\/p>\n\n\n\n<p class=\"wp-block-paragraph\"><strong>AHORA HAY 63 PASTA DE CONCHOS M\u00c1S 10 DE EL PINABETE<\/strong><\/p>\n\n\n\n<p class=\"wp-block-paragraph\">La organizaci\u00f3n la Familia Pasta de Conchos afirm\u00f3 que durante de 4 a\u00f1os de la administraci\u00f3n federal \u201cni rescate, ni verdad, ni justicia\u201d se ha dado a las mortales v\u00edctimas de Pasta de Conchos ni a sus deudos.<\/p>\n\n\n\n<p class=\"wp-block-paragraph\">Tambi\u00e9n denunci\u00f3 que el gobierno federal no implement\u00f3 medidas para evitar que se repitieran estas tragedias, y la mina tipo pozo El Pinabete que cobr\u00f3 la vida de 10 trabajadores pone eso en evidencia.<\/p>\n\n\n\n<p class=\"wp-block-paragraph\">Las y los manifestantes en solidaridad con los 10 mineros muertos en Villa Agujita colocaron en la antimonumenta sus cascos con los de los fallecidos en Pasta de Conchos.<\/p>\n\n\n\n<p class=\"wp-block-paragraph\">Luego de la misa y plant\u00f3n frente al antimonumenta, ubicada frente la Bolsa Mexicana de Valores, los protestantes programaron realizar otro plant\u00f3n frente a las oficinas de comisi\u00f3n Federal de electricidad (CFE), responsables del hasta hoy infructuoso rescate de los 73 cuerpos sin vida de los mineros de Pasta de Conchos y El Pinabete.<\/p>\n","protected":false},"excerpt":{"rendered":"<p>En el aniversario de la tragedia de Pasta de Conchos, en la norte\u00f1a comunidad de San Juan de Sabinas, del Estado de Coahuila, no dejan de pedir justicia<\/p>\n","protected":false},"author":3,"featured_media":62899,"comment_status":"open","ping_status":"open","sticky":false,"template":"","format":"standard","meta":{"_monsterinsights_skip_tracking":false,"footnotes":""},"categories":[47],"tags":[],"class_list":["post-62897","post","type-post","status-publish","format-standard","has-post-thumbnail","category-no-mas-impunidad"],"_links":{"self":[{"href":"https:\/\/redsemlac.com\/semmexico\/wp-json\/wp\/v2\/posts\/62897","targetHints":{"allow":["GET"]}}],"collection":[{"href":"https:\/\/redsemlac.com\/semmexico\/wp-json\/wp\/v2\/posts"}],"about":[{"href":"https:\/\/redsemlac.com\/semmexico\/wp-json\/wp\/v2\/types\/post"}],"author":[{"embeddable":true,"href":"https:\/\/redsemlac.com\/semmexico\/wp-json\/wp\/v2\/users\/3"}],"replies":[{"embeddable":true,"href":"https:\/\/redsemlac.com\/semmexico\/wp-json\/wp\/v2\/comments?post=62897"}],"version-history":[{"count":0,"href":"https:\/\/redsemlac.com\/semmexico\/wp-json\/wp\/v2\/posts\/62897\/revisions"}],"wp:featuredmedia":[{"embeddable":true,"href":"https:\/\/redsemlac.com\/semmexico\/wp-json\/wp\/v2\/media\/62899"}],"wp:attachment":[{"href":"https:\/\/redsemlac.com\/semmexico\/wp-json\/wp\/v2\/media?parent=62897"}],"wp:term":[{"taxonomy":"category","embeddable":true,"href":"https:\/\/redsemlac.com\/semmexico\/wp-json\/wp\/v2\/categories?post=62897"},{"taxonomy":"post_tag","embeddable":true,"href":"https:\/\/redsemlac.com\/semmexico\/wp-json\/wp\/v2\/tags?post=62897"}],"curies":[{"name":"wp","href":"https:\/\/api.w.org\/{rel}","templated":true}]}}