{"id":62888,"date":"2023-02-19T14:38:21","date_gmt":"2023-02-19T20:38:21","guid":{"rendered":"https:\/\/redsemlac.com\/semmexico\/?p=62888"},"modified":"2023-02-19T14:38:23","modified_gmt":"2023-02-19T20:38:23","slug":"conmemoran-centenario-de-maria-teresa-rodriguez-rodriguez-primera-directora-del-conservatorio-nacional-de-musica","status":"publish","type":"post","link":"https:\/\/redsemlac.com\/semmexico\/conmemoran-centenario-de-maria-teresa-rodriguez-rodriguez-primera-directora-del-conservatorio-nacional-de-musica\/","title":{"rendered":"Conmemoran centenario de Mar\u00eda Teresa Rodr\u00edguez Rodr\u00edguez, primera directora del Conservatorio Nacional de M\u00fasica"},"content":{"rendered":"\n<p class=\"wp-block-paragraph\">La instituci\u00f3n acad\u00e9mica del Inbal le rendir\u00e1 homenaje con un programa de m\u00fasica mexicana &nbsp;<\/p>\n\n\n\n<p class=\"wp-block-paragraph\">Consolid\u00f3 la excelencia musical y elev\u00f3 el nivel de ense\u00f1anza: Silvia Navarrete &nbsp;<\/p>\n\n\n\n<p class=\"wp-block-paragraph\">Libertad L\u00f3pez<\/p>\n\n\n\n<p class=\"wp-block-paragraph\">SemM\u00e9xico, Ciudad de M\u00e9xico, 19 de febrero, 2023.- El pr\u00f3ximo jueves se recordar\u00e1 a Mar\u00eda Teresa Rodr\u00edguez Rodr\u00edguez por el centenario de su nacimiento y a 10 a\u00f1os de su muerte. Para el siglo XX musical de M\u00e9xico su nombre enmarca la historia de la m\u00fasica en el pa\u00eds, una pianista cuya trayectoria es ejemplo para las mexicanas. Fue la primera mujer en dirigir el Conservatorio Nacional de M\u00fasica (CNM), de 1988 a 1991.<\/p>\n\n\n\n<p class=\"wp-block-paragraph\">Ella habla de su obra, por si misma:<\/p>\n\n\n\n<p class=\"wp-block-paragraph\">\u201cEl piano no s\u00f3lo es un compa\u00f1ero<\/p>\n\n\n\n<p class=\"wp-block-paragraph\">y un amigo, ha sido esa parte de mi vida,<\/p>\n\n\n\n<p class=\"wp-block-paragraph\">sin la cual yo no podr\u00eda vivir\u201d.&nbsp;<\/p>\n\n\n\n<p class=\"wp-block-paragraph\">Mar\u00eda Teresa Rodr\u00edguez<\/p>\n\n\n\n<p class=\"wp-block-paragraph\">S\u00ed, fue la artista que hizo hablar al piano, que lo hizo hasta sus 90 a\u00f1os, dejando una estela de conocimiento de los acordes del piano, donde generaciones nacidas en los a\u00f1os 50, la apreciaron en el Palacio de las Bellas Artes, cuando ello era un plus en la educaci\u00f3n secundaria, ahora desaparecida. Fue una interprete sensacional, se pueden escuchar sus interpretaciones de la obra para piano, por ejemplo, de Carlos Ch\u00e1vez.<\/p>\n\n\n\n<p class=\"wp-block-paragraph\">Hoy la Secretar\u00eda de Cultura del Gobierno de M\u00e9xico y el Instituto Nacional de Bellas Artes y Literatura (Inbal) conmemoran el centenario de su natalicio, para recordar a la artista, a la maestra y la mujer que trasmiti\u00f3 a generaciones el sentido musical que cura el alma.<\/p>\n\n\n\n<p class=\"wp-block-paragraph\">Mar\u00eda Teresa Rodr\u00edguez naci\u00f3 en Pachuca, Hidalgo el 18 de febrero de 1923, Considerada ni\u00f1a prodigio aprendi\u00f3 lenguaje musical y ejecuci\u00f3n de piano a los cuatro a\u00f1os de edad y debut\u00f3 a los ocho a\u00f1os tocando obras de&nbsp;Bach, Mozart, Chopin, Debussy y Beethoven.<\/p>\n\n\n\n<p class=\"wp-block-paragraph\">Hija de madre y padre ilustrados, su infancia estuvo inmersa e involucrada con la m\u00fasica. Su mam\u00e1 fue maestra de piano, y su pap\u00e1 cantante. Ella estudi\u00f3 bajo la tutela del maestro, pianista y compositor,&nbsp;Antonio Gomezanda. Se recibi\u00f3 como concertista a los catorce a\u00f1os de edad, y uno de sus sinodales en su examen fue Manuel M. Ponce. Continu\u00f3 sus estudios en Estados Unidos&nbsp;con el maestro ruso&nbsp;Alexander Boroysky.<\/p>\n\n\n\n<p class=\"wp-block-paragraph\">Fue solista de las principales orquestas de M\u00e9xico, y de orquestas como la&nbsp;Sinf\u00f3nica de Boston, la Sinf\u00f3nica de Dallas, la Sinf\u00f3nica de Cuba, la&nbsp;Filarm\u00f3nica de Mosc\u00fa, la Filarm\u00f3nica de Londres.<\/p>\n\n\n\n<p class=\"wp-block-paragraph\">A ella le debemos la difusi\u00f3n y la obra completa para piano de&nbsp;Carlos Ch\u00e1vez, en na grabaci\u00f3n de&nbsp;en 1981.<\/p>\n\n\n\n<p class=\"wp-block-paragraph\">El Inbal, a trav\u00e9s del Conservatorio Nacional de M\u00fasica, rememorar\u00e1 su centenario con el&nbsp;<em>Concierto de celebraci\u00f3n<\/em>, el cual se realizar\u00e1 en el Auditorio&nbsp;<em>Silvestre Revueltas<\/em>, donde participar\u00e1n el D\u00fao Cadena-De la Sierra, con Beatriz Jim\u00e9nez en el violonchelo, y el pianista Tonatiuh de la Sierra; adem\u00e1s de Alfredo Isaac Aguilar, al piano; jueves 23 de febrero a las 18:00, entrada libre.&nbsp;<br>&nbsp; Previamente, a las 13:00 horas se llevar\u00e1 a cabo la&nbsp;<em>Sesi\u00f3n de escucha. Archivo personal sonoro<\/em>; en la cual estar\u00e1n Tonatiuh de la Sierra y Theo Hern\u00e1ndez, investigador del&nbsp;<em>Cat\u00e1logo de m\u00fasica de concierto<\/em>&nbsp;de la Fonoteca Nacional. Asimismo, se interpretar\u00e1n&nbsp;obras Robert Schumann y Johannes Brahms. La actividad se realizar\u00e1 en la Sala 4&nbsp;<em>Agust\u00edn Caballero<\/em>, del Conservatorio Nacional de M\u00fasica.&nbsp;<\/p>\n\n\n\n<figure class=\"wp-block-image size-large\"><a href=\"https:\/\/redsemlac.com\/semmexico\/wp-content\/uploads\/2023\/02\/Maria-teresa-rodriquez-02.jpg\"><img decoding=\"async\" src=\"https:\/\/redsemlac.com\/semmexico\/wp-content\/uploads\/2023\/02\/Maria-teresa-rodriquez-02-1024x701.jpg\" alt=\"\" class=\"wp-image-62890\"\/><\/a><\/figure>\n\n\n\n<p class=\"wp-block-paragraph\"><strong>De ella se dice y se sabe<\/strong><\/p>\n\n\n\n<p class=\"wp-block-paragraph\">En opini\u00f3n de la maestra Silva Navarrete, actual directora del CNM, Mar\u00eda Teresa Rodr\u00edguez es una figura de gran importancia en el medio musical mexicano, \u201cuna ni\u00f1a prodigio que desarroll\u00f3 aptitudes sobresalientes, con una formaci\u00f3n excepcional, de excelencia, lo que la convirti\u00f3 en gran m\u00fasico\u201d. En 1952 fue becada por el Inbal para estudiar en Europa.&nbsp;<\/p>\n\n\n\n<p class=\"wp-block-paragraph\">Luego o a la par de su di\u00e1logo y aprendizaje con Carlos Ch\u00e1vez, su actuaci\u00f3n junto a la Orquesta Sinf\u00f3nica Nacional, dirigida por Jos\u00e9 Pablo Moncayo, le abri\u00f3 las puertas a las salas de \u00c1msterdam, Londres, Madrid y otras ciudades europeas.<\/p>\n\n\n\n<p class=\"wp-block-paragraph\">Como solista de orquesta colabor\u00f3 con renombradas orquestas sinf\u00f3nicas tanto de M\u00e9xico como de varios pa\u00edses, bajo las batutas de importantes directores como Igor Markevitch, Jos\u00e9 Pablo Moncayo, Arthur Fiedler, Kyril Kondrashin, Carlos Ch\u00e1vez, Luis Herrera de la Fuente y Eduardo Mata.<\/p>\n\n\n\n<p class=\"wp-block-paragraph\">Se\u00f1alada por la cr\u00edtica y las fuentes de reconocimiento, por su talento y dedicaci\u00f3n, se cuentan entre sus reconocimientos la de Hu\u00e9sped distinguida de la ciudad de&nbsp;Denver Colorado, en 1986.<\/p>\n\n\n\n<p class=\"wp-block-paragraph\">Orden al M\u00e9rito Cultural otorgada por el gobierno de&nbsp;Polonia&nbsp;por difundir la obra de Chopin, en 1991.<\/p>\n\n\n\n<p class=\"wp-block-paragraph\">Premio a la Excelencia Acad\u00e9mica del INBA en 1996.<\/p>\n\n\n\n<p class=\"wp-block-paragraph\">Homenaje durante el Festival Instrumenta Verano, realizado en&nbsp;Oaxaca&nbsp;en 2005.<\/p>\n\n\n\n<p class=\"wp-block-paragraph\">Medalla de Oro de Bellas Artes por el INBA y recital homenaje en el Palacio de Bellas Artes&nbsp;en 2006, por sus 75 a\u00f1os de trayectoria art\u00edstica.<\/p>\n\n\n\n<p class=\"wp-block-paragraph\">Medalla \u201cPedro Mar\u00eda Anaya\u201d por la LIX Legislatura del Congreso del&nbsp;Estado de Hidalgo&nbsp;en 2008.<\/p>\n\n\n\n<p class=\"wp-block-paragraph\">Premio Nacional de Ciencias y Artes en el \u00e1rea de Bellas Artes por la Secretar\u00eda de Educaci\u00f3n P\u00fablica en 2008.<\/p>\n\n\n\n<p class=\"wp-block-paragraph\">Presea \u201cJuan Cris\u00f3stomo Doria\u201d por la\u00a0Universidad Aut\u00f3noma del Estado de Hidalgo\u00a0durante la\u00a0Feria Universitaria del Libro,\u00a0de 2013.<\/p>\n\n\n\n<p class=\"wp-block-paragraph\"><strong>La Maestra<\/strong><\/p>\n\n\n\n<p class=\"wp-block-paragraph\">Silvia Navarrete afirma que el sello de la maestra Rodr\u00edguez como directora del CNM fue la excelencia en la ense\u00f1anza de la ejecuci\u00f3n musical. \u201cHizo muchas gestiones para que los estudiantes del Conservatorio lograran el alto nivel que se requiere en la m\u00fasica. Era una mujer con una claridad absoluta y una visi\u00f3n amplia de sus objetivos y de c\u00f3mo pod\u00eda realizarlos. Una mujer pr\u00e1ctica, directa y eficiente\u201d.<br>\u00a0<br>Con motivo de este centenario, el CNM le rendir\u00e1 un homenaje en el que participar\u00e1 la comunidad del Conservatorio con un programa de m\u00fasica mexicana, de la cual la maestra Rodr\u00edguez fue reivindicadora.\u00a0<\/p>\n\n\n\n<p class=\"wp-block-paragraph\">De 1960 a 1964, Mar\u00eda Teresa Rodr\u00edguez colabor\u00f3 con\u00a0Carlos Ch\u00e1vez en su taller de composici\u00f3n en el CNM, donde tambi\u00e9n imparti\u00f3 clases. \u201cUna de las obras que recuerdo con m\u00e1s admiraci\u00f3n es su interpretaci\u00f3n magistral del\u00a0<em>Concierto para piano y orquesta<\/em>, del maestro Ch\u00e1vez, una pieza dif\u00edcil desde el punto de vista t\u00e9cnico y musical\u201d, coment\u00f3 la directora del Conservatorio.\u00a0<\/p>\n\n\n\n<p class=\"wp-block-paragraph\">\u201cEn plena madurez volvi\u00f3 a interpretar este concierto con la Orquesta Filarm\u00f3nica de la Ciudad de M\u00e9xico, fue una ejecuci\u00f3n inolvidable, emblem\u00e1tica. Es una de las grabaciones que tenemos en la cual se escucha su gran calidad como ejecutante.\u00a0<\/p>\n\n\n\n<p class=\"wp-block-paragraph\">Formadora de grandes pianistas que siguen en activo, como Eva Alc\u00e1zar y Mauricio Nader, entre muchos otros, dej\u00f3 un gran legado como maestra, ejecutante y directora del CNM, donde consolid\u00f3 la excelencia musical y elev\u00f3 el nivel de ense\u00f1anza. Tuvo un solo hijo: Tonatiuh de la Sierra.<\/p>\n\n\n\n<p class=\"wp-block-paragraph\">Adem\u00e1s, Mar\u00eda Teresa Rodr\u00edguez fue docente en la Escuela Superior de M\u00fasica y solista de importantes orquestas, como la\u00a0Sinf\u00f3nica de Boston, la\u00a0Sinf\u00f3nica de Dallas, la Sinf\u00f3nica de Cuba, la\u00a0Filarm\u00f3nica de Mosc\u00fa, la\u00a0Filarm\u00f3nica de Londres, entre otras.<\/p>\n\n\n\n<p class=\"wp-block-paragraph\">Grab\u00f3 la obra completa para piano de&nbsp;Carlos Ch\u00e1vez en 1981. Ofreci\u00f3 recitales con&nbsp;Manuel M. Ponce,&nbsp;Juli\u00e1n Carrillo&nbsp;y&nbsp;Claudio Arrau. Fue miembro del jurado en el&nbsp;Concurso Internacional de Piano&nbsp;<em>Fryderyk Chopin<\/em>, en 1970; del Concurso Internacional Ciudad de Montevideo, en 1972, y del Concurso Interestatal en&nbsp;San Antonio, Texas, en 1980. En su honor, el gobierno de Veracruz&nbsp;instituy\u00f3 el Premio&nbsp;<em>Mar\u00eda Teresa Rodr\u00edguez<\/em>. &nbsp;<\/p>\n\n\n\n<p class=\"wp-block-paragraph\">Entre los reconocimientos que obtuvo destacan: el Premio a la Excelencia Acad\u00e9mica del Inbal, en 1996; la Medalla de Oro de Bellas Artes,&nbsp;en 2006; y el Premio Nacional de Ciencias y Artes, en 2008, adem\u00e1s de considerarla hu\u00e9sped distinguida de la ciudad de&nbsp;Denver, en 1986; recibi\u00f3 la Orden al M\u00e9rito Cultural otorgada por el gobierno de&nbsp;Polonia&nbsp;por difundir la obra de Chopin, en 1991, entre otros.<\/p>\n","protected":false},"excerpt":{"rendered":"<p>El pr\u00f3ximo jueves se recordar\u00e1 a Mar\u00eda Teresa Rodr\u00edguez Rodr\u00edguez por el centenario de su nacimiento y a 10 a\u00f1os de su muerte.<\/p>\n","protected":false},"author":3,"featured_media":62889,"comment_status":"open","ping_status":"open","sticky":false,"template":"","format":"standard","meta":{"_monsterinsights_skip_tracking":false,"footnotes":""},"categories":[45,46],"tags":[],"class_list":["post-62888","post","type-post","status-publish","format-standard","has-post-thumbnail","category-cultura","category-cultura-cultura"],"_links":{"self":[{"href":"https:\/\/redsemlac.com\/semmexico\/wp-json\/wp\/v2\/posts\/62888","targetHints":{"allow":["GET"]}}],"collection":[{"href":"https:\/\/redsemlac.com\/semmexico\/wp-json\/wp\/v2\/posts"}],"about":[{"href":"https:\/\/redsemlac.com\/semmexico\/wp-json\/wp\/v2\/types\/post"}],"author":[{"embeddable":true,"href":"https:\/\/redsemlac.com\/semmexico\/wp-json\/wp\/v2\/users\/3"}],"replies":[{"embeddable":true,"href":"https:\/\/redsemlac.com\/semmexico\/wp-json\/wp\/v2\/comments?post=62888"}],"version-history":[{"count":0,"href":"https:\/\/redsemlac.com\/semmexico\/wp-json\/wp\/v2\/posts\/62888\/revisions"}],"wp:featuredmedia":[{"embeddable":true,"href":"https:\/\/redsemlac.com\/semmexico\/wp-json\/wp\/v2\/media\/62889"}],"wp:attachment":[{"href":"https:\/\/redsemlac.com\/semmexico\/wp-json\/wp\/v2\/media?parent=62888"}],"wp:term":[{"taxonomy":"category","embeddable":true,"href":"https:\/\/redsemlac.com\/semmexico\/wp-json\/wp\/v2\/categories?post=62888"},{"taxonomy":"post_tag","embeddable":true,"href":"https:\/\/redsemlac.com\/semmexico\/wp-json\/wp\/v2\/tags?post=62888"}],"curies":[{"name":"wp","href":"https:\/\/api.w.org\/{rel}","templated":true}]}}