{"id":62886,"date":"2023-02-19T14:31:42","date_gmt":"2023-02-19T20:31:42","guid":{"rendered":"https:\/\/redsemlac.com\/semmexico\/?p=62886"},"modified":"2023-02-19T14:31:44","modified_gmt":"2023-02-19T20:31:44","slug":"alfa-omega-separacion-de-poderes-no-divisiony-algo-mas","status":"publish","type":"post","link":"https:\/\/redsemlac.com\/semmexico\/alfa-omega-separacion-de-poderes-no-divisiony-algo-mas\/","title":{"rendered":"Alfa Omega| Separaci\u00f3n De Poderes, No Divisi\u00f3n\u2026y Algo M\u00e1s"},"content":{"rendered":"\n<p class=\"wp-block-paragraph\"><em>Elocuente Posici\u00f3n Presidencial Entre Poderes<\/em><\/p>\n\n\n\n<p class=\"wp-block-paragraph\"><em>Reclama 12 Millones de Pesos, Por Da\u00f1o Moral<\/em><\/p>\n\n\n\n<p class=\"wp-block-paragraph\"><em>Medidas Caprichosas Para Cambiar la Historia<\/em><\/p>\n\n\n\n<p class=\"wp-block-paragraph\">Jorge Herrera Valenzuela<\/p>\n\n\n\n<p class=\"wp-block-paragraph\">SemM\u00e9xico, Ciudad de M\u00e9xico, 19 de febrero, 2023.- Lo acontecido en la integraci\u00f3n del pres\u00eddium en el Teatro de la Rep\u00fablica, en Quer\u00e9taro, es punto de comentario. En la ceremonia del 5 de febrero la y los dos&nbsp; oradores hablaron con claridad y precisi\u00f3n de lo aprobado por los Constituyentes de 1917, en relaci\u00f3n con la divisi\u00f3n de poderes y la independencia para su actuaci\u00f3n en sus respectivos \u00e1mbitos. Lo primero qued\u00f3 anulado esa ma\u00f1ana.<\/p>\n\n\n\n<p class=\"wp-block-paragraph\">Por primera vez el presidente de M\u00e9xico no estuvo flanqueado por los representantes de los poderes Legislativo y Judicial. El cambio de ubicaci\u00f3n se hizo cuando el titular del Ejecutivo hac\u00eda su aparici\u00f3n en el pres\u00eddium. El diputado Santiago Creel Miranda y la ministra presidenta Norma Luc\u00eda Pi\u00f1a Hern\u00e1ndez fueron desplazados de sus lugares. Se les alej\u00f3 a un extremo.<\/p>\n\n\n\n<p class=\"wp-block-paragraph\">Eso no puedo comentarlo de otra manera ni, con otras palabras, simplemente presenciamos la sustituci\u00f3n de la divisi\u00f3n de poderes por la separaci\u00f3n de poderes. Cuatro d\u00edas despu\u00e9s se repiti\u00f3 \u201cla primera transformaci\u00f3n\u201d, al recordarse La Marcha de la Lealtad. Los representantes de dos poderes fueron enviados \u201clejitos\u201d del Comandante General de las Fuerzas Armadas, el tabasque\u00f1o.<\/p>\n\n\n\n<p class=\"wp-block-paragraph\">El domingo 19, al celebrarse el D\u00eda del Ej\u00e9rcito, a la derecha estar\u00e1 el Secretario de la Defensa Nacional y a la izquierda, el de Marina. Muy cerquita sentar\u00e1n al Secretario de Gobernaci\u00f3n y tal vez haya un sitio de honor para la esposa del inquilino de Palacio Nacional.<\/p>\n\n\n\n<p class=\"wp-block-paragraph\">Esa ocurrencia presidencial o capricho tabasque\u00f1o, como Usted guste, probablemente termine en un cincuenta por ciento el 1 de septiembre al principiar el nuevo per\u00edodo ordinario de sesiones del Congreso de la Uni\u00f3n y el diputado PANista Creel Miranda ya no sea presidente. Dif\u00edcil veo que a la ministra presidenta de la Suprema Corte de Justicia de la Naci\u00f3n y presidenta del Consejo Federal de la Judicatura, el titular del Ejecutivo le salude de mano.<\/p>\n\n\n\n<p class=\"wp-block-paragraph\">12 MILLONES DE PESOS, POR DA\u00d1O MOTAL<\/p>\n\n\n\n<p class=\"wp-block-paragraph\">Podr\u00eda comentar que es incre\u00edble el cinismo de algunas personas, cuya conducta p\u00fablica es vergonzosa en el desempe\u00f1o en funciones gubernamentales y en la v\u00eda p\u00fablica.<\/p>\n\n\n\n<p class=\"wp-block-paragraph\">M\u00e1s grave que en el ejercicio de la c\u00e1tedra, a nivel universitario, a la par de impartir conocimientos como historiador, Pedro dedic\u00f3 tiempo para el acoso sexual a sus alumnas en el Instituto Tecnol\u00f3gico Aut\u00f3nomo de M\u00e9xico, el reconocido ITAM. No fue una ni dos las denuncias p\u00fablicas contra el sujeto, sino se contaron por decenas.<\/p>\n\n\n\n<p class=\"wp-block-paragraph\">En la breve y negativa trayectoria de este veracruzano de 51 a\u00f1os de edad y de nombre Pedro Agust\u00edn Salmer\u00f3n Sangin\u00e9s, act\u00faa seguro de tener la protecci\u00f3n de una importante dama en este sexenio. El historiador ha hecha p\u00fablica una demanda civil. Est\u00e1 reclamando, a sus acusadoras, el pago de \u00a1Doce Millones de pesos porque sus exalumnas le causaron da\u00f1o moral!<\/p>\n\n\n\n<p class=\"wp-block-paragraph\">Dos hechos sirven para fundamentar que, Salmer\u00f3n Sangin\u00e9s, carece de memoria o pretende hacerse notorio a base de mentiras. En las denuncias ante la autoridad correspondiente, se afirm\u00f3 que el referido individuo no ha sido exhonerado, tampoco est\u00e1 preocupado porque goza de IMPUNIDAD y es sabedor de ser amigo del inquilino de Palacio Nacional.&nbsp;<\/p>\n\n\n\n<p class=\"wp-block-paragraph\">Al iniciarse este sexenio el Presidente de M\u00e9xico lo nombr\u00f3 director general del Instituto Nacional de Estudios Hist\u00f3ricos de las Revoluciones Mexicanas, el INEHRM. En el mes de septiembre de 2019 tuvo que presentar su renuncia, despu\u00e9s de afirmar que los integrantes de la Liga Comunista 23 de septiembre, formaban un comando de j\u00f3venes valientes\u201d. A esa organizaci\u00f3n se atribuy\u00f3 el frustrado secuestro y asesinato del empresario regiomontano Eugenio Garza Sada.<\/p>\n\n\n\n<p class=\"wp-block-paragraph\">Tras el esc\u00e1ndalo y las protestas que surgieron, no tuvo m\u00e1s salida que firmar una carta de renuncia. Poco tiempo pas\u00f3, se calm\u00f3 el temporal y el Presidente de M\u00e9xico lo propuso como candidato a embajador en Panam\u00e1. Las denuncias de las alumnas del ITAM provocaron un nuevo esc\u00e1ndalo que rebot\u00f3 en el Cauce del Canal de Panam\u00e1, cuyo gobierno argument\u00f3 que se hizo p\u00fablico el nombramiento sin cubrir el protocolo respectivo.<\/p>\n\n\n\n<p class=\"wp-block-paragraph\">Total, una \u201cdeclinaci\u00f3n\u201d del susodicho Salmer\u00f3n Sangin\u00e9s puso final al asunto, contra la voluntad de quienes mantienen el arropamiento del nada ilustre historiador especializado en el tema de la Revoluci\u00f3n Mexicana. Hoy es el director del Archivo del Registro Nacional Agrario.<\/p>\n\n\n\n<p class=\"wp-block-paragraph\">Este se\u00f1or que demanda una indemnizaci\u00f3n millonaria por da\u00f1o moral, seguro est\u00e1 de que todo mundo olvid\u00f3 que, en la capital de Colima, despu\u00e9s de consumir tacos y encontrarse ebrio tuvo un intercambio de golpes con el taquero. Lo tuvieron encerrado en la c\u00e1rcel municipal, de donde subrepticiamente lo sacaron para que acudiera al evento donde present\u00f3 un libro de su autor\u00eda.<\/p>\n\n\n\n<p class=\"wp-block-paragraph\">CAMBIOS HIST\u00d3RICOS EN LA CAPITAL<\/p>\n\n\n\n<p class=\"wp-block-paragraph\">Recib\u00ed un correo electr\u00f3nico, cuya parte inicial he de comentar y compartir con Ustedes. Respeto la redacci\u00f3n de los dos p\u00e1rrafos iniciales. Su autor, un acad\u00e9mico, cronista reconocido nacionalmente y estudioso de la Historia de M\u00e9xico. Autor de libros, ensayos y art\u00edculos de tem\u00e1tica hist\u00f3rica. \u00c9l es Jaime Orozco Barbosa.<\/p>\n\n\n\n<p class=\"wp-block-paragraph\">\u201cInicio aqu\u00ed la elaboraci\u00f3n de un texto que debe ser ampliado referente a los atropellos, disfrazados de actos de gobierno, en que se ha destruido, por un lado, el patrimonio cultural o art\u00edstico de la Ciudad de M\u00e9xico, durante el gobierno de Claudia Sheinbaum Pardo.<\/p>\n\n\n\n<p class=\"wp-block-paragraph\">\u201cAsimismo, y para no variar, la destrucci\u00f3n de las instituciones, por el gobierno de AMLO, en su sexenio, que desafortunadamente todav\u00eda tendr\u00e1 tiempo para continuar esa destrucci\u00f3n en lo que queda del 2023\u201c. (agreg\u00f3, termina el 30 de septiembre de 2024)<\/p>\n\n\n\n<p class=\"wp-block-paragraph\">Califica de retiro arbitrario el monumento a Crist\u00f3bal Col\u00f3n, construido, fundido y colocado en la primera Glorieta de Paseo de la Reforma, en el Siglo XIX. \u201cArgumentaron \u2013escribi\u00f3 Orozco Barbosa\u2014que no se deber\u00eda hacer homenaje a los que fueron genocidas y explotadores de los ind\u00edgenas\u201d. Tambi\u00e9n quitaron la estatua que estaba frente al edificio de la Alcald\u00eda Cuauht\u00e9moc, en la Plaza Buenavista, desde 1892.<\/p>\n\n\n\n<p class=\"wp-block-paragraph\">Junto con Col\u00f3n, el que estaba en el Paseo de la Emperatriz, hoy Paseo de la Reforma, quitaron las estatuas de los frailes franciscanos Bartolom\u00e9 de las Casas, Pedro de Gante, Juan P\u00e9rez de Marchena y Diego Deza. Ellos quedaron clasificados, por la actual administraci\u00f3n de la Ciudad de M\u00e9xico, como genocidas y esclavistas.<\/p>\n\n\n\n<p class=\"wp-block-paragraph\">Cuentan las malas lenguas, los informadores oficiosos, que los cambios en la Historia de M\u00e9xico, son producto de la esposa del Presidente de M\u00e9xico, as\u00ed como las cartas firmadas por el tabasque\u00f1o para que Espa\u00f1a y El Vaticano pidan perd\u00f3n por los da\u00f1os causados durante la Conquista y la Evangelizaci\u00f3n. Nada de lo asentado en este p\u00e1rrafo corresponde al escrito del cronista Orozco Barbosa.<\/p>\n\n\n\n<p class=\"wp-block-paragraph\">Los cambios ordenados por la cient\u00edfica Sheinbaum Pardo est\u00e1n: la milenaria avenida Puente de Alvarado, hoy es la Calzada M\u00e9xico Tenochtitl\u00e1n. Al nombre de la Estaci\u00f3n Z\u00f3calo, de la L\u00ednea 2 del Metro, se le agrega la palabra Tenochtitl\u00e1n. Donde estuvo El \u00c1rbol de la Noche Triste, hoy el lugar se denomina El \u00c1rbol de la Noche Victoriosa. Bueno y ni qu\u00e9 comentar sobre la Glorieta de la Palma, en Paseo de la Reforma, en la que los genios plantaron (?) un ahuehuete, que ya est\u00e1 listo para servir como le\u00f1a.<\/p>\n\n\n\n<p class=\"wp-block-paragraph\">ENV\u00cdO DOBLE P\u00c9SAME<\/p>\n\n\n\n<p class=\"wp-block-paragraph\">La ma\u00f1ana del jueves pasado, me embarg\u00f3 la tristeza.<\/p>\n\n\n\n<p class=\"wp-block-paragraph\">Mi querida amiga Marina Azuela Herrera pronunci\u00f3 cinco palabras: \u201cMami ya est\u00e1 con Dios\u201d. &nbsp;Lac\u00f3nico mensaje telef\u00f3nico.<\/p>\n\n\n\n<p class=\"wp-block-paragraph\">Su Se\u00f1ora madre fue la cantante potosina que fue conocida como \u201cMaril\u00fa, La Mu\u00f1equita que Canta\u201d y en vida llev\u00f3 el nombre de Marina Herrera Arag\u00f3n. A los 12 a\u00f1os gan\u00f3 su primer concurso cantando en la radio de Tampico, despu\u00e9s brill\u00f3 en un teatro de Monterrey y a los 17 a\u00f1os form\u00f3 parte de la pel\u00edcula \u201cLos Hijos de Don Venancio\u201d.<\/p>\n\n\n\n<p class=\"wp-block-paragraph\">Maril\u00fa estuvo casada con el caricaturista David Carrillo. Deja tres hijas, Marina, Elvira y Gabriela, a quienes les env\u00edo un abrazo solidario. En 2015 se fue David, quien entonces era el Decano de los Dibujantes Diaristas. Contaba 95 a\u00f1os de edad, misma edad a la que Maril\u00fa nos dej\u00f3; ella cumplir\u00eda 96 en julio pr\u00f3ximo.<\/p>\n\n\n\n<p class=\"wp-block-paragraph\">\u201cLe comunico el desenlace de mi Sr. Padre. La muerte es un principio de la vida y me reh\u00faso al dolor, porque mi pap\u00e1 tuvo una gran vida\u201d. Ese mensaje recib\u00ed, tambi\u00e9n el jueves 16, de parte del licenciado Enrique Arrieta.<\/p>\n\n\n\n<p class=\"wp-block-paragraph\">El abogado Dar\u00edo Arrieta Leyva muri\u00f3 a los 95 a\u00f1os.&nbsp; Ameritado jurista. Fue presidente Municipal de su natal Iguala, Guerrero. Procurador General de Justicia en ese Estado. Destac\u00f3 como diputado federal en dos legislaturas. Ocup\u00f3 la subdirecci\u00f3n jur\u00eddica de Caminos y Puentes Federal.<\/p>\n\n\n\n<p class=\"wp-block-paragraph\">Bohemio inigualable. Gustaba de la poes\u00eda y mantuvo una rectitud en todo el desempe\u00f1o de sus funciones y en el ejercicio de la abogac\u00eda. Convivimos mucho familiarmente con sus primos Vicky \u00c1ngeles y Luis Mu\u00f1oz Segura, quienes tambi\u00e9n descansan en paz.<\/p>\n\n\n\n<p class=\"wp-block-paragraph\">Para toda la Familia Arrieta, mi p\u00e9same y despido a un fraternal amigo, de pensamiento revolucionario, liberal y siempre auxiliando a quien recurr\u00eda a \u00e9l. Dar\u00edo fue inhumado en Iguala, en la tumba donde est\u00e1n los restos de su pap\u00e1, de Chelito su esposa y de su hijo Dar\u00edo.<\/p>\n\n\n\n<p class=\"wp-block-paragraph\">jherrerav@live.com.mx<\/p>\n","protected":false},"excerpt":{"rendered":"<p>Por primera vez el presidente de M\u00e9xico no estuvo flanqueado por los representantes de los poderes Legislativo y Judicial. El cambio de ubicaci\u00f3n se hizo cuando el titular del Ejecutivo hac\u00eda su aparici\u00f3n en el pres\u00eddium. El diputado Santiago Creel Miranda y la ministra presidenta Norma Luc\u00eda Pi\u00f1a Hern\u00e1ndez fueron desplazados de sus lugares. Se les alej\u00f3 a un extremo.<\/p>\n","protected":false},"author":3,"featured_media":38023,"comment_status":"open","ping_status":"open","sticky":false,"template":"","format":"standard","meta":{"_monsterinsights_skip_tracking":false,"footnotes":""},"categories":[94,35],"tags":[],"class_list":["post-62886","post","type-post","status-publish","format-standard","has-post-thumbnail","category-jorge-herrera-valenzuela","category-opinion"],"_links":{"self":[{"href":"https:\/\/redsemlac.com\/semmexico\/wp-json\/wp\/v2\/posts\/62886","targetHints":{"allow":["GET"]}}],"collection":[{"href":"https:\/\/redsemlac.com\/semmexico\/wp-json\/wp\/v2\/posts"}],"about":[{"href":"https:\/\/redsemlac.com\/semmexico\/wp-json\/wp\/v2\/types\/post"}],"author":[{"embeddable":true,"href":"https:\/\/redsemlac.com\/semmexico\/wp-json\/wp\/v2\/users\/3"}],"replies":[{"embeddable":true,"href":"https:\/\/redsemlac.com\/semmexico\/wp-json\/wp\/v2\/comments?post=62886"}],"version-history":[{"count":0,"href":"https:\/\/redsemlac.com\/semmexico\/wp-json\/wp\/v2\/posts\/62886\/revisions"}],"wp:featuredmedia":[{"embeddable":true,"href":"https:\/\/redsemlac.com\/semmexico\/wp-json\/wp\/v2\/media\/38023"}],"wp:attachment":[{"href":"https:\/\/redsemlac.com\/semmexico\/wp-json\/wp\/v2\/media?parent=62886"}],"wp:term":[{"taxonomy":"category","embeddable":true,"href":"https:\/\/redsemlac.com\/semmexico\/wp-json\/wp\/v2\/categories?post=62886"},{"taxonomy":"post_tag","embeddable":true,"href":"https:\/\/redsemlac.com\/semmexico\/wp-json\/wp\/v2\/tags?post=62886"}],"curies":[{"name":"wp","href":"https:\/\/api.w.org\/{rel}","templated":true}]}}