{"id":62874,"date":"2023-02-19T12:58:29","date_gmt":"2023-02-19T18:58:29","guid":{"rendered":"https:\/\/redsemlac.com\/semmexico\/?p=62874"},"modified":"2023-02-19T12:59:08","modified_gmt":"2023-02-19T18:59:08","slug":"familiares-de-personas-desaparecidas-piden-no-legislar-desde-el-desconocimiento","status":"publish","type":"post","link":"https:\/\/redsemlac.com\/semmexico\/familiares-de-personas-desaparecidas-piden-no-legislar-desde-el-desconocimiento\/","title":{"rendered":"Familiares de personas desaparecidas piden no legislar desde el desconocimiento"},"content":{"rendered":"\n<p class=\"wp-block-paragraph\"><strong>Piden no aprobar Dictamen que reforma Art\u00edculo 17 Constitucional\u00a0<\/strong><\/p>\n\n\n\n<p class=\"wp-block-paragraph\">Elda Montiel<\/p>\n\n\n\n<p class=\"wp-block-paragraph\">SemM\u00e9xico, Cd. de M\u00e9xico, 18 de febrero 2023.- La C\u00e1mara de Diputados podr\u00eda aprobar una modificaci\u00f3n constitucional, respecto de la desaparici\u00f3n, contraria a los derechos humanos y su progresividad, advierten familiares que piden audiencia y escucha de las y los legisladores.<\/p>\n\n\n\n<p class=\"wp-block-paragraph\">Lo que piden es parar la reforma que podr\u00eda aprobarse por el pleno en breve. Se trata de una redacci\u00f3n que insin\u00faa no se buscar\u00e1 a una persona desaparecida que est\u00e9 vinculada a investigaci\u00f3n ministerial, o sea, se excluyen a ciertas personas desaparecidas y se abre la puerta a la injusticia.<\/p>\n\n\n\n<p class=\"wp-block-paragraph\">Explican que se pretend\u00eda elevar a rango constitucional el tema de las desapariciones, por el tama\u00f1o y crisis de \u00e9stas en M\u00e9xico, pero que se modific\u00f3 la redacci\u00f3n original propuesta por quienes viven la desaparici\u00f3n de familiares. Que no se apruebe, piden en &nbsp;&nbsp;una carta firmada por&nbsp;&nbsp; 528 familiares, 130 colectivos de familias, 31 organizaciones y 47 personas solidarias.<\/p>\n\n\n\n<p class=\"wp-block-paragraph\">Familiares y colectivas de personas desparecidas detallan en su petici\u00f3n a las y los diputados de las LXV Legislatura, simplemente no aprobar el Dictamen que en materia de protecci\u00f3n y b\u00fasqueda de personas desaparecidas adiciona un p\u00e1rrafo d\u00e9cimo al Art\u00edculo 17 de la Constituci\u00f3n.<\/p>\n\n\n\n<p class=\"wp-block-paragraph\">Explicaron que esa reforma, lejos de sumar y fortalecer los procesos en la b\u00fasqueda de las v\u00edctimas de desaparici\u00f3n abre la coartada perfecta para que las \u00e1reas de procuraci\u00f3n de justicia evadan la responsabilidad para realizar las investigaciones correspondientes. Asimismo, solicitan escucha a las propuestas de familiares y colectivas de personas desaparecidas para que conozcan la realidad de lo que se vive y no legislen desde el desconocimiento. Dicen que debe respetarse el principio pro persona y tomar las medidas que mejor protejan a la persona, en este caso la persona desaparecida y sus familiares.<\/p>\n\n\n\n<p class=\"wp-block-paragraph\"><\/p>\n\n\n\n<figure class=\"wp-block-image size-full\"><a href=\"https:\/\/redsemlac.com\/semmexico\/wp-content\/uploads\/2023\/02\/familiares-desaparecidos-02.jpg\"><img loading=\"lazy\" decoding=\"async\" width=\"197\" height=\"256\" src=\"https:\/\/redsemlac.com\/semmexico\/wp-content\/uploads\/2023\/02\/familiares-desaparecidos-02.jpg\" alt=\"\" class=\"wp-image-62876\"\/><\/a><\/figure>\n\n\n\n<p class=\"wp-block-paragraph\">Esta inconformidad la hicieron llegar a la C\u00e1mara de Diputados al entregar un oficio el 16 de febrero en que precisan que la Comisi\u00f3n de Puntos Constitucionales no respet\u00f3 la propuesta inicial del dictamen propuesto por la diputada Erika Vanessa del Castillo Ibarra en el 2022. Es decir que esa propuesta buscaba darles rango constitucional a los derechos de las personas desaparecidas y sus familias, esto es: ser buscadas, hip\u00f3tesis de b\u00fasqueda con vida, obligaciones del estado para la protecci\u00f3n para todas las personas contra las desapariciones, derechos a la investigaci\u00f3n de la desaparici\u00f3n, a la plena identificaci\u00f3n de ser localizadas sin vida, a la entrega digna de los restos, y a la personalidad jur\u00eddica.<\/p>\n\n\n\n<figure class=\"wp-block-image size-full\"><a href=\"https:\/\/redsemlac.com\/semmexico\/wp-content\/uploads\/2023\/02\/familiares-desaparecidos-03.jpg\"><img loading=\"lazy\" decoding=\"async\" width=\"659\" height=\"851\" src=\"https:\/\/redsemlac.com\/semmexico\/wp-content\/uploads\/2023\/02\/familiares-desaparecidos-03.jpg\" alt=\"\" class=\"wp-image-62877\"\/><\/a><\/figure>\n\n\n\n<p class=\"wp-block-paragraph\">Lo dictaminado, al contrario, se\u00f1alan que modifica la redacci\u00f3n de la propuesta inicial: \u201cEl Estado proteger\u00e1 a las personas contra las desapariciones, las buscara bajo hip\u00f3tesis de vida, <strong>SIN ESTAR VINCULADO A LA INVESTIGACION MINISTERIAL; <\/strong>preservara su personalidad conforme a la Ley y de encontrarlas sin vida, las identificar\u00e1 y entregar\u00e1 de forma digna a quien tenga derecho\u201d.<\/p>\n\n\n\n<p class=\"wp-block-paragraph\">Se\u00f1alan que esta redacci\u00f3n representa n\u00edtidamente lo inaceptable de una reforma contraria a lo que han exigido las familias de personas desaparecidas.<\/p>\n\n\n\n<p class=\"wp-block-paragraph\">Detallan que est\u00e1n conscientes de que las facultades de investigaci\u00f3n y forenses son exclusivas del ministerio p\u00fablico y este dictamen abre la coartada perfecta para que las autoridades competentes y responsables de las obligaciones para atender la crisis de desaparici\u00f3n, las de seguridad p\u00fablica y jurisdiccionales, como las polic\u00edas, las fiscal\u00edas general y locales, los jueces civiles y penales, evadan la responsabilidad que les corresponde para realizar todas las diligencias ministeriales y forenses necesarias de investigar para buscar, localizar con vida, perseguir el delito, identificar con las mejores pr\u00e1cticas forenses a las personas encontradas sin vida, hacer entrega digna de los restos reconocer la personalidad jur\u00eddica a las personas desaparecidas a trav\u00e9s de la declaraci\u00f3n especial de ausencia por desaparici\u00f3n.<\/p>\n\n\n\n<p class=\"wp-block-paragraph\">Las familias se entrevistaron con la diputada promoverte a la que le cuestionaron no haberlos escuchado y tomar una decisi\u00f3n tan trascendente sin tener conocimiento de la realidad que viven las v\u00edctimas directas de las personas desaparecidas que son las familias, por lo que exigen ser tomados en cuenta en todo lo relativo a b\u00fasquedas de personas desaparecidas. &nbsp;<\/p>\n\n\n\n<p class=\"wp-block-paragraph\">La diputada, les se\u00f1alo que no puede bajar ya el dictamen porque est\u00e1 pr\u00f3ximo a subir al pleno.<\/p>\n\n\n\n<p class=\"wp-block-paragraph\">Las familias est\u00e1n convencidas que toda reforma que toque sus derechos debe ser progresiva, de lo contrario, piden reformen desde el desconocimiento y la insensibilidad lo que no viven ni sufren en su realidad cotidiana.<\/p>\n\n\n\n<p class=\"wp-block-paragraph\">Afirman que aprobar dicho dictamen sin escuchar a los familiares adem\u00e1s de un retroceso la aleja de la posibilidad de encontrar a sus familiares, por lo que se pronuncian \u00a1Sin las familias No!<\/p>\n\n\n\n<p class=\"wp-block-paragraph\">La petici\u00f3n la firman 528 familiares, 130 colectivos de familiares, 31 organizaciones solidarias y 47 personas solidarias.<\/p>\n","protected":false},"excerpt":{"rendered":"<p>La C\u00e1mara de Diputados podr\u00eda aprobar una modificaci\u00f3n constitucional, respecto de la desaparici\u00f3n, contraria a los derechos humanos y su progresividad, advierten familiares que piden audiencia y escucha de las y los legisladores.<\/p>\n","protected":false},"author":3,"featured_media":62875,"comment_status":"open","ping_status":"open","sticky":false,"template":"","format":"standard","meta":{"_monsterinsights_skip_tracking":false,"footnotes":""},"categories":[47],"tags":[],"class_list":["post-62874","post","type-post","status-publish","format-standard","has-post-thumbnail","category-no-mas-impunidad"],"_links":{"self":[{"href":"https:\/\/redsemlac.com\/semmexico\/wp-json\/wp\/v2\/posts\/62874","targetHints":{"allow":["GET"]}}],"collection":[{"href":"https:\/\/redsemlac.com\/semmexico\/wp-json\/wp\/v2\/posts"}],"about":[{"href":"https:\/\/redsemlac.com\/semmexico\/wp-json\/wp\/v2\/types\/post"}],"author":[{"embeddable":true,"href":"https:\/\/redsemlac.com\/semmexico\/wp-json\/wp\/v2\/users\/3"}],"replies":[{"embeddable":true,"href":"https:\/\/redsemlac.com\/semmexico\/wp-json\/wp\/v2\/comments?post=62874"}],"version-history":[{"count":0,"href":"https:\/\/redsemlac.com\/semmexico\/wp-json\/wp\/v2\/posts\/62874\/revisions"}],"wp:featuredmedia":[{"embeddable":true,"href":"https:\/\/redsemlac.com\/semmexico\/wp-json\/wp\/v2\/media\/62875"}],"wp:attachment":[{"href":"https:\/\/redsemlac.com\/semmexico\/wp-json\/wp\/v2\/media?parent=62874"}],"wp:term":[{"taxonomy":"category","embeddable":true,"href":"https:\/\/redsemlac.com\/semmexico\/wp-json\/wp\/v2\/categories?post=62874"},{"taxonomy":"post_tag","embeddable":true,"href":"https:\/\/redsemlac.com\/semmexico\/wp-json\/wp\/v2\/tags?post=62874"}],"curies":[{"name":"wp","href":"https:\/\/api.w.org\/{rel}","templated":true}]}}