{"id":62866,"date":"2023-02-19T12:43:08","date_gmt":"2023-02-19T18:43:08","guid":{"rendered":"https:\/\/redsemlac.com\/semmexico\/?p=62866"},"modified":"2023-02-19T12:57:35","modified_gmt":"2023-02-19T18:57:35","slug":"tras-17-anos-de-la-tragedia-en-pasta-de-conchos-sin-cuerpo-no-hay-delito-continua-ciclo-de-impunidad","status":"publish","type":"post","link":"https:\/\/redsemlac.com\/semmexico\/tras-17-anos-de-la-tragedia-en-pasta-de-conchos-sin-cuerpo-no-hay-delito-continua-ciclo-de-impunidad\/","title":{"rendered":"Tras 17 a\u00f1os de la tragedia en Pasta de Conchos, \u2018sin cuerpo no hay delito\u2019; contin\u00faa ciclo de impunidad"},"content":{"rendered":"\n<p class=\"wp-block-paragraph\">Elvira Espinoza Mart\u00ednez rompe el silencio, no hay justicia y no hay verdad \u00bfQui\u00e9n protege a minera M\u00e9xico?<\/p>\n\n\n\n<p class=\"wp-block-paragraph\">Las familias de los mineros han sido v\u00edctimas de una larga demora para saber qu\u00e9 fue lo que sucedi\u00f3 mientras hay arreglos con la CFE<\/p>\n\n\n<div class=\"wp-block-image\">\n<figure class=\"aligncenter size-large is-resized\"><a href=\"https:\/\/redsemlac.com\/semmexico\/wp-content\/uploads\/2023\/02\/17-anos-pasta-de-conchos-01.jpg\"><img loading=\"lazy\" decoding=\"async\" src=\"https:\/\/redsemlac.com\/semmexico\/wp-content\/uploads\/2023\/02\/17-anos-pasta-de-conchos-01-1024x768.jpg\" alt=\"\" class=\"wp-image-62868\" width=\"428\" height=\"321\"\/><\/a><\/figure>\n<\/div>\n\n\n<p class=\"has-small-font-size wp-block-paragraph\">Constantemente se ha exigido que el caso no quede impune, pero las plegarias de las familias aun no son escuchadas.\u00a0FOTO: archivo SemM\u00e9xico<\/p>\n\n\n\n<p class=\"wp-block-paragraph\">&nbsp;Sara Lovera<\/p>\n\n\n\n<p class=\"wp-block-paragraph\">SemM\u00e9xico, Ciudad de M\u00e9xico, 19 de febrero, 2023.- Todav\u00eda la recuerdo, cuando nos cont\u00f3 a Soledad Jarqu\u00edn Edgar y a m\u00ed, que en esos d\u00edas terminaba su casa; luego la vimos deambular sin sitio durante los primeros tiempos desde la tragedia y convertirse en vocera de todas las viudas y las familias. Mesurada, inteligente, ella ha tenido claro desde el primer momento cu\u00e1nto quisieron enga\u00f1arlas y manipularlas.<\/p>\n\n\n\n<p class=\"wp-block-paragraph\">Y luego la vimos c\u00f3mo fue elegida para representar y luego c\u00f3mo se retir\u00f3, hoy le dice a Armando R\u00edos, reportero de Vanguardia, que este gobierno no hizo justicia.<\/p>\n\n\n\n<p class=\"wp-block-paragraph\">La explosi\u00f3n ocurrida en&nbsp;Pasta de Conchos&nbsp;cumple este domingo 19 de febrero 17 a\u00f1os sin justicia, pero tambi\u00e9n sin cambios para la realidad de toda una regi\u00f3n, donde las oportunidades, m\u00e1s all\u00e1 del carb\u00f3n, son completamente escasas, peor para las mujeres y ahora el carb\u00f3n tiene una explotaci\u00f3n miserable.<\/p>\n\n\n\n<p class=\"wp-block-paragraph\">Aquella noche<\/p>\n\n\n\n<p class=\"wp-block-paragraph\">El turno de tercera de aquel 19 de febrero del 2006, en la mina 8 de la Unidad Pasta de Conchos, -el trabajo en las minas se divide en 3 turnos, el de tercera es nocturno- hubiera transcurrido con regularidad si las autoridades hubieran garantizado la seguridad suficiente para que 65 familias de la&nbsp;Regi\u00f3n Carbon\u00edfera de Coahuila&nbsp;volvieran a ver con vida a sus seres queridos.<\/p>\n\n\n\n<p class=\"wp-block-paragraph\">Uno de ellos era&nbsp;Jorge Bladimir Mu\u00f1oz, que en septiembre pr\u00f3ximo cumplir\u00eda 51 a\u00f1os y quien, al igual que muchos de sus compa\u00f1eros, se encontrar\u00eda en el \u00faltimo rango de su vida laboral, a la espera de una jubilaci\u00f3n adecuada.<\/p>\n\n\n\n<p class=\"wp-block-paragraph\">Pero lo ocurrido en Pasta de Conchos fue una prueba de que&nbsp;las mineras no aprendieron de siniestros anteriores, y casi dos d\u00e9cadas despu\u00e9s sigue revelando que las autoridades no tienen mano firme sobre la extracci\u00f3n del recurso.<\/p>\n\n\n\n<figure class=\"wp-block-image size-large\"><a href=\"https:\/\/redsemlac.com\/semmexico\/wp-content\/uploads\/2023\/02\/17-anos-pasta-de-conchos-02.jpg\"><img decoding=\"async\" src=\"https:\/\/redsemlac.com\/semmexico\/wp-content\/uploads\/2023\/02\/17-anos-pasta-de-conchos-02-1024x768.jpg\" alt=\"\" class=\"wp-image-62869\"\/><\/a><\/figure>\n\n\n\n<p class=\"has-small-font-size wp-block-paragraph\">Las familias de los fallecidos en Pasta de Conchos siguen esperando justicia, mientras siguen ocurriendo tragedias fatales en minas.&nbsp;FOTO: archivo semm\u00e9xico<\/p>\n\n\n\n<p class=\"wp-block-paragraph\"><strong>\u00bfQU\u00c9 PAS\u00d3 CON LA JUSTICIA?<\/strong><strong><\/strong><\/p>\n\n\n\n<p class=\"wp-block-paragraph\">Desde ese lugar del recuerdo, de la familia, la viuda hace el recuento a 17 a\u00f1os de que Coahuila y ahora volvi\u00f3 a atraer la atenci\u00f3n internacional.&nbsp;Elvira Espinoza Mart\u00ednez, viuda de Bladimir, o \u201cBladi\u201d como le llama, recuerda que, desde el a\u00f1o de la tragedia, la demanda eminente de las familias fue que los mineros deb\u00edan ser rescatados para obtener no solo justicia, sino la verdad de lo ocurrido, y esa fue una de las primeras promesas de las autoridades. El primer acercamiento de la justicia al caso Pasta de Conchos empez\u00f3 en Coahuila con una investigaci\u00f3n de oficio iniciada por la entonces&nbsp;Procuradur\u00eda General de Justicia del Estado, que design\u00f3 a&nbsp;Jorge R\u00edos Coss&nbsp;como fiscal especial del caso, teniendo como una de sus tareas primordiales, por su figura de Ministerio P\u00fablico, sostener el contacto directo con los afectados.<\/p>\n\n\n\n<p class=\"wp-block-paragraph\">Aquella investigaci\u00f3n inici\u00f3 desde el 2006 y varios meses despu\u00e9s deriv\u00f3 en la causa penal 200\/2007 judicializada ante el&nbsp;Juzgado de Primera Instancia en Materia Penal del Distrito Judicial de Sabinas&nbsp;por el delito de homicidio culposo.<\/p>\n\n\n\n<p class=\"wp-block-paragraph\">Elvira Espinoza Mart\u00ednez recuerda que, en aquel proceso, su crecimiento, su compresi\u00f3n, c\u00f3mo se integraron quienes forman la Organizaci\u00f3n de Familiares de Pasta de Conchos desde donde solicitaron a la PGJE ser coadyuvante en el caso, con el objetivo de mostrar pruebas de que el delito podr\u00eda ser m\u00e1s grave en t\u00e9rminos de&nbsp;negligencia, y para ello ten\u00edan incluso fotograf\u00edas del interior de las minas, las cuales nunca se integraron como elementos de prueba.<\/p>\n\n\n\n<p class=\"wp-block-paragraph\">En esta causa penal exist\u00edan cinco \u00f3rdenes de aprehensi\u00f3n: contra el gerente de la mina,&nbsp;Rub\u00e9n Escudero; los superintendentes,&nbsp;Ferm\u00edn Gonz\u00e1lez&nbsp;y&nbsp;Sergio Rico, as\u00ed como contra&nbsp;Emilio Rodr\u00edguez&nbsp;y&nbsp;Antonio Campos, encargados de la ingenier\u00eda en seguridad de la mina 8, quienes estaban entre un total de 11 supuestos responsables.<\/p>\n\n\n\n<p class=\"wp-block-paragraph\">Seg\u00fan la solicitud de informaci\u00f3n FGE-UT\/1607\/220, esta causa fue concluida por el Poder Judicial de Coahuila luego de que se lleg\u00f3 a la reparaci\u00f3n del da\u00f1o a las v\u00edctimas indirectas; sin embargo, existen testigos de que la PGJE no logr\u00f3 un acuerdo conjunto con las v\u00edctimas en pro de ser reparadas y \u00fanicamente les comunic\u00f3 que el caso concluir\u00eda, que los trabajos terminar\u00edan y que pasaran a una oficina a proporcionar sus datos.<\/p>\n\n\n\n<p class=\"wp-block-paragraph\">\u201cSe supone que el Ministerio P\u00fablico nos representa a las v\u00edctimas y que debe estarnos informando; hubo ocasiones en que asist\u00edamos a pedir informes,&nbsp;llev\u00e1bamos pruebas, nos las recib\u00edan, pero no fueron tomadas en cuenta. Cuando resulta la reparaci\u00f3n, en ning\u00fan momento el MP nos pregunta si estamos de acuerdo o no. Solo determin\u00f3 que esa ser\u00eda la conclusi\u00f3n del caso y legalmente para nosotros no es correcto\u201d, explica la viuda.<\/p>\n\n\n\n<p class=\"wp-block-paragraph\">De acuerdo con Elvira Espinoza Mart\u00ednez, desde abril del 2007, hace 10 a\u00f1os, la empresa no ha tenido ning\u00fan acercamiento con las familias, y cuando se tuvo, \u00fanicamente fue con los ingenieros que coordinaron ese primer proyecto de rescate.<\/p>\n\n\n\n<p class=\"wp-block-paragraph\">Desde aquel entonces, recuerda que uno de los varios motivos que anteriormente les hab\u00edan manifestado para no abrir las minas, era que el agua que corr\u00eda por la zona de las minas se hab\u00eda contaminado con enfermedades que pod\u00edan representar un peligro para los rescatistas, como el&nbsp;VIH.<\/p>\n\n\n\n<p class=\"wp-block-paragraph\">\u201cEl discurso de la empresa se basaba en dos peritajes, que dec\u00edan que pod\u00eda haber contaminaci\u00f3n del agua en la mina por diferentes enfermedades entre las que se encontraban el VIH, hepatitis y tuberculosis, que pon\u00edan en riesgo a los rescatistas.&nbsp;El Gobierno mexicano acept\u00f3 eso\u201d, dijo.<\/p>\n\n\n\n<p class=\"wp-block-paragraph\">Tiempo despu\u00e9s, mientras Javier Lozano estaba en la STPS, se hizo un nuevo peritaje donde se aprob\u00f3 que las condiciones de la mina eran riesgosas, pero en un segundo momento tambi\u00e9n aprobaron que, de cambiar esas condiciones, se podr\u00eda ingresar, lo cual result\u00f3 confuso y maleable para las familias. Al paso de los a\u00f1os, la OFPC pidi\u00f3 a la Secretar\u00eda de Econom\u00eda cancelar la concesi\u00f3n a Grupo M\u00e9xico como parte de una penalizaci\u00f3n, pero la dependencia les neg\u00f3 la petici\u00f3n, respondiendo que no ten\u00edan personalidad jur\u00eddica para solicitarlo.<\/p>\n\n\n\n<figure class=\"wp-block-image size-large\"><a href=\"https:\/\/redsemlac.com\/semmexico\/wp-content\/uploads\/2023\/02\/17-anos-pasta-de-conchos-03.jpg\"><img decoding=\"async\" src=\"https:\/\/redsemlac.com\/semmexico\/wp-content\/uploads\/2023\/02\/17-anos-pasta-de-conchos-03-1024x768.jpg\" alt=\"\" class=\"wp-image-62867\"\/><\/a><\/figure>\n\n\n\n<p class=\"wp-block-paragraph\">Tambi\u00e9n recibieron asesor\u00eda de personal de la Procuradur\u00eda General de Justicia, con lo que las familias supieron que, aunque la investigaci\u00f3n hab\u00eda sido atra\u00edda por esa instancia, a la par se hab\u00eda concluido, debido a que, por el abandono del rescate, no pod\u00edan investigar las causas del derrumbe y, por ende, la muerte de los mineros, es decir que para las autoridades&nbsp;\u201csin cuerpo, no hay delito\u201d.<\/p>\n\n\n\n<p class=\"wp-block-paragraph\">Llega el 2010 y&nbsp;Trinidad Cant\u00fa, madre de&nbsp;Ra\u00fal Villasana, decide entregar una petici\u00f3n ante la CIDH firmada por 58 familiares de los mineros, donde la petici\u00f3n permanente se hizo de nuevo:&nbsp;abrir la mina y extraer los 63 cuerpos.<\/p>\n\n\n\n<p class=\"wp-block-paragraph\">\u201cNosotros siempre, hasta la fecha, hemos dicho que la justicia en Pasta de Conchos empieza con el rescate, porque cuando se llegue a entrar, ellos podr\u00edan ver las condiciones en las que estaba, aunque ahorita, pues, ya estamos a 17 a\u00f1os, l\u00f3gico que la condici\u00f3n ha cambiado. Para nosotros, abrir, revelaba la verdad que tanto buscamos: \u00bfqu\u00e9 fue lo que pas\u00f3?\u201d, dice Elvira.<\/p>\n\n\n\n<p class=\"wp-block-paragraph\">La petici\u00f3n o queja a la instancia internacional no fue admitida hasta ocho a\u00f1os despu\u00e9s, cuando en 2018 la CIDH acepta la queja contra el Estado mexicano,&nbsp;considerando que hubo violaciones a los derechos humanos en el caso, y que las familias ya hab\u00edan agotado las instancias correspondientes en el pa\u00eds.<\/p>\n\n\n\n<p class=\"wp-block-paragraph\">Despu\u00e9s de admitir el recurso, la CIDH inici\u00f3 un procedimiento para que el Estado mexicano concluya el caso por una \u201csoluci\u00f3n amistosa\u201d con la que se previene que las autoridades vayan a un juicio internacional.<\/p>\n\n\n\n<p class=\"wp-block-paragraph\">Esta queja ha sido representada por la OFPC y el Centro Prodh, y en febrero del 2021 el Gobierno de&nbsp;Andr\u00e9s Manuel L\u00f3pez Obrador&nbsp;formaliz\u00f3 el inicio de los trabajos que encabezar\u00eda Comisi\u00f3n Federal de Electricidad para el rescate meses despu\u00e9s.<\/p>\n\n\n\n<p class=\"wp-block-paragraph\">En ese aspecto, Elvira dice que s\u00ed reconocen que es el primer Gobierno que les dice que s\u00ed a la apertura de minas, pero las obras est\u00e1n varadas desde noviembre del 2022 y&nbsp;no se avanz\u00f3 ni el 50% en ellas, seg\u00fan los informes de la CFE.<\/p>\n\n\n\n<p class=\"wp-block-paragraph\">El proyecto, que se encuentra vigente, plantea en un inicio que para finales del 2023 la obra est\u00e9 concluida, pero en la pr\u00e1ctica no se observa un avance que vaya a permitir finalizar en ese tiempo, seg\u00fan las familias.<\/p>\n\n\n\n<p class=\"wp-block-paragraph\">En una entrevista concedida a VANGUARDIA, Elvira Espinoza se\u00f1al\u00f3 que las acciones han estado varadas porque la CFE no tiene experiencia en minas y espec\u00edficamente en trabajos de rescate.<\/p>\n\n\n\n<p class=\"wp-block-paragraph\">Como parte de las obras, el Gobierno mexicano tambi\u00e9n dijo que se instalar\u00eda un memorial en Pasta de Conchos para recordar la tragedia, pero tambi\u00e9n se se\u00f1al\u00f3 negligencia de la Secretar\u00eda del Trabajo y Previsi\u00f3n Social, ya que la obra ha sido bloqueada por las familias, al considerar que, si no hay rescate, no hay memorial.<\/p>\n\n\n\n<p class=\"wp-block-paragraph\"><strong>SIGUEN LAS MUERTES<\/strong><strong><\/strong><\/p>\n\n\n\n<p class=\"wp-block-paragraph\">Sobre Pasta de Conchos, la Comisi\u00f3n Nacional de Derechos Humanos emiti\u00f3 la recomendaci\u00f3n 26\/2006, en la que solicit\u00f3 garant\u00edas de no repetici\u00f3n de actos similares; sin embargo, las muertes en minas han seguido, incluso de forma masiva, como sucedi\u00f3 en junio del 2021 en Rancher\u00edas, donde quedaron atrapados siete trabajadores, y ahora, en El Pinabete, con la muerte de 10 mineros.<\/p>\n\n\n\n<p class=\"wp-block-paragraph\">Esta situaci\u00f3n, ha sido lamentada abiertamente por la Organizaci\u00f3n de Familiares de Pasta de Conchos, quienes lamentan que la tragedia por la cual pasaron parece ser una realidad continua que transcurre en su regi\u00f3n con alta impunidad.<\/p>\n\n\n\n<p class=\"wp-block-paragraph\">Espec\u00edficamente en el tema de Rancher\u00edas, la Organizaci\u00f3n de Familiares de Pasta de Conchos, tambi\u00e9n se ha mostrado sorprendida, pues en el caso de los 63 mineros atrapados, el Gobierno mexicano infer\u00eda que mientras no hubiera cuerpos no se pod\u00eda avanzar mucho por la v\u00eda penal, pero en ese caso las operaciones contin\u00faan normal, pese a que ah\u00ed la mina fue abierta y todos los cuerpos rescatados para proceder con una investigaci\u00f3n profunda y aplicar responsabilidades.<\/p>\n\n\n\n<p class=\"wp-block-paragraph\">Este domingo, la organizaci\u00f3n realizar\u00e1 una manifestaci\u00f3n en el antimonumenta ubicado en el Paseo de la Reforma de la Ciudad de M\u00e9xico.<\/p>\n","protected":false},"excerpt":{"rendered":"<p>Elvira Espinoza Mart\u00ednez rompe el silencio, no hay justicia y no hay verdad \u00bfQui\u00e9n protege a minera M\u00e9xico?<\/p>\n","protected":false},"author":3,"featured_media":62878,"comment_status":"open","ping_status":"open","sticky":false,"template":"","format":"standard","meta":{"_monsterinsights_skip_tracking":false,"footnotes":""},"categories":[47],"tags":[],"class_list":["post-62866","post","type-post","status-publish","format-standard","has-post-thumbnail","category-no-mas-impunidad"],"_links":{"self":[{"href":"https:\/\/redsemlac.com\/semmexico\/wp-json\/wp\/v2\/posts\/62866","targetHints":{"allow":["GET"]}}],"collection":[{"href":"https:\/\/redsemlac.com\/semmexico\/wp-json\/wp\/v2\/posts"}],"about":[{"href":"https:\/\/redsemlac.com\/semmexico\/wp-json\/wp\/v2\/types\/post"}],"author":[{"embeddable":true,"href":"https:\/\/redsemlac.com\/semmexico\/wp-json\/wp\/v2\/users\/3"}],"replies":[{"embeddable":true,"href":"https:\/\/redsemlac.com\/semmexico\/wp-json\/wp\/v2\/comments?post=62866"}],"version-history":[{"count":0,"href":"https:\/\/redsemlac.com\/semmexico\/wp-json\/wp\/v2\/posts\/62866\/revisions"}],"wp:featuredmedia":[{"embeddable":true,"href":"https:\/\/redsemlac.com\/semmexico\/wp-json\/wp\/v2\/media\/62878"}],"wp:attachment":[{"href":"https:\/\/redsemlac.com\/semmexico\/wp-json\/wp\/v2\/media?parent=62866"}],"wp:term":[{"taxonomy":"category","embeddable":true,"href":"https:\/\/redsemlac.com\/semmexico\/wp-json\/wp\/v2\/categories?post=62866"},{"taxonomy":"post_tag","embeddable":true,"href":"https:\/\/redsemlac.com\/semmexico\/wp-json\/wp\/v2\/tags?post=62866"}],"curies":[{"name":"wp","href":"https:\/\/api.w.org\/{rel}","templated":true}]}}