{"id":62858,"date":"2023-02-19T11:21:34","date_gmt":"2023-02-19T17:21:34","guid":{"rendered":"https:\/\/redsemlac.com\/semmexico\/?p=62858"},"modified":"2023-02-19T11:21:38","modified_gmt":"2023-02-19T17:21:38","slug":"la-4t-ve-a-pasta-de-conchos-como-un-riesgo-para-amlo","status":"publish","type":"post","link":"https:\/\/redsemlac.com\/semmexico\/la-4t-ve-a-pasta-de-conchos-como-un-riesgo-para-amlo\/","title":{"rendered":"La 4T ve a Pasta de Conchos como un \u00abriesgo\u00bb para AMLO"},"content":{"rendered":"\n<p class=\"has-small-font-size wp-block-paragraph\">Pasta de Conchos. Cr\u00e9ditos: Cuartoscuro<\/p>\n\n\n\n<p class=\"wp-block-paragraph\">La Agenda Nacional de Riesgos 2023 ve al movimiento de viudas y familiares de Pasta de Conchos como un riesgo para el gobierno<\/p>\n\n\n\n<p class=\"wp-block-paragraph\">Hoy 17 aniversario, movilizaci\u00f3n en la antimonumenta de Paseo de la Reforma<\/p>\n\n\n\n<p class=\"wp-block-paragraph\">Marco Antonio Mart\u00ednez<\/p>\n\n\n\n<p class=\"wp-block-paragraph\">SemM\u00e9xico\/La Silla Rota, 19 de febrero, 2023.- En el&nbsp;17 aniversario&nbsp;de la tragedia de&nbsp;Pasta de Conchos, Coahuila, en la que murieron 65 mineros en la Mina 8 del que entonces era terreno propiedad de Grupo M\u00e9xico, el&nbsp;movimiento de viudas y familiares&nbsp;de los trabajadores cuyos cuerpos quedaron atrapados representa un&nbsp;riesgo nacional&nbsp;para el gobierno de la 4T, as\u00ed lo ve la&nbsp;Secretar\u00eda de Gobernaci\u00f3n.<\/p>\n\n\n\n<p class=\"wp-block-paragraph\">As\u00ed lo establece el documento de la Agenda Nacional de Riesgos 2023, elaborado por la&nbsp;Segob, encabezada por&nbsp;Ad\u00e1n Augusto L\u00f3pez.<\/p>\n\n\n\n<p class=\"wp-block-paragraph\">En el documento se establece que el movimiento podr\u00eda ser un riesgo en la conmemoraci\u00f3n del&nbsp;17 aniversario&nbsp;de la tragedia de&nbsp;Pasta de Conchos, este&nbsp;19 de febrero, debido a que los trabajos de rescate est\u00e1n atrasados&nbsp;y con conflictos con las empresas proveedoras de las que a su vez ganaron la licitaci\u00f3n para ser encargadas del rescate, a cargo de la Comisi\u00f3n Federal de Electricidad (CFE).<\/p>\n\n\n\n<p class=\"wp-block-paragraph\">Adem\u00e1s, el movimiento hist\u00f3rico de las viudas que ha significado un ejemplo para otros grupos de mujeres en el pa\u00eds, tambi\u00e9n molesta. Ellas hoy etuvieron en la ma\u00f1ana en la Antimonumenta de Paseo de la Reforma.<\/p>\n\n\n\n<p class=\"wp-block-paragraph\"><strong>UN DESASTRE<\/strong><\/p>\n\n\n\n<p class=\"wp-block-paragraph\">Debido a ello, familiares de los mineros consideraron que los trabajos \u201cse han convertido en un desastre\u201d. La raz\u00f3n es que la obra que se le asign\u00f3 a la&nbsp;Comisi\u00f3n Federal de Electricidad&nbsp;-que la organizaci\u00f3n&nbsp;Pasta de Conchos&nbsp;consider\u00f3 era una decisi\u00f3n err\u00f3nea, ya que la&nbsp;CFE&nbsp;carece de experiencia en miner\u00eda- va atrasada, adem\u00e1s que el presidente&nbsp;Andr\u00e9s Manuel L\u00f3pez Obrador&nbsp;incumpli\u00f3 su promesa de visitar el lugar cada seis meses.<\/p>\n\n\n\n<p class=\"wp-block-paragraph\">Ante esa situaci\u00f3n, las viudas y familiares de los mineros amenazaron con impedir el ingreso de personal de Proacon y Terra, las empresas contratadas por la&nbsp;CFE, ni dejar que se contin\u00fae con el levantamiento del Memorial, que bajo ese contexto representa para ellos \u201cuna gran ofensa\u201d.<\/p>\n\n\n\n<p class=\"wp-block-paragraph\">Para acelerar los trabajos, en la reuni\u00f3n del 17 de enero entre la&nbsp;CFE&nbsp;y los familiares de los mineros, estos \u00faltimos propusieron que las tareas se asignaran a empresas locales, lo que la&nbsp;CFE&nbsp;rechaz\u00f3 porque asegur\u00f3 que no cumplen con los requisitos de especializaci\u00f3n.<\/p>\n\n\n\n<p class=\"wp-block-paragraph\">El Sindicato Nacional de Trabajadores Mineros Metal\u00fargicos y Similares de la Rep\u00fablica Mexicana&nbsp;tambi\u00e9n se ha sumado a la inconformidad de las viudas y familiares de los trabajadores que quedaron atrapados.<\/p>\n\n\n\n<p class=\"wp-block-paragraph\">Su dirigente, Javier Mart\u00ednez Valadez,&nbsp;calific\u00f3 al rescate prometido por el presidente de una \u201csimulaci\u00f3n\u201d, ya que los tiempos no corresponden a lo que se anunci\u00f3, y a los \u00fanicos que se afecta es a los deudos.<\/p>\n\n\n\n<figure class=\"wp-block-image size-full\"><a href=\"https:\/\/redsemlac.com\/semmexico\/wp-content\/uploads\/2023\/02\/4t-riesgo-02.png\"><img loading=\"lazy\" decoding=\"async\" width=\"768\" height=\"442\" src=\"https:\/\/redsemlac.com\/semmexico\/wp-content\/uploads\/2023\/02\/4t-riesgo-02.png\" alt=\"\" class=\"wp-image-62864\"\/><\/a><\/figure>\n\n\n\n<p class=\"wp-block-paragraph\"><strong>VAN ATRASADOS<\/strong><\/p>\n\n\n\n<p class=\"wp-block-paragraph\">El plan de trabajo preve\u00eda que para abril de este a\u00f1o se concluir\u00eda la primera etapa, sin embargo, Familia Pasta de Conchos ha informado que apenas las lumbreras o tiros verticales tienen un avance del 30 por ciento y los inclinados del 06.44 por ciento.<\/p>\n\n\n\n<p class=\"wp-block-paragraph\">El documento informa que tambi\u00e9n ha habido quejas por parte de las empresas contratadas por la&nbsp;CFE. Rescatistas suyos se\u00f1alaron que la&nbsp;CFE&nbsp;ignor\u00f3 sus peticiones de mayor seguridad y denunciaron adeudos millonarios a proveedores que dejaron de fiarles combustible indispensable para las labores de rescate.<\/p>\n\n\n\n<p class=\"wp-block-paragraph\">Adem\u00e1s, cuestionaron el despido de m\u00e1s de 200 personas, a quienes no se indemniz\u00f3 conforme a la ley, por lo que aseguraron que el rescate de los 63 cuerpos no concluir\u00e1 en 2024 como se ten\u00eda previsto.<\/p>\n\n\n\n<figure class=\"wp-block-image size-full\"><a href=\"https:\/\/redsemlac.com\/semmexico\/wp-content\/uploads\/2023\/02\/4t-riesgo-03.jpg\"><img loading=\"lazy\" decoding=\"async\" width=\"768\" height=\"400\" src=\"https:\/\/redsemlac.com\/semmexico\/wp-content\/uploads\/2023\/02\/4t-riesgo-03.jpg\" alt=\"\" class=\"wp-image-62863\"\/><\/a><\/figure>\n\n\n\n<p class=\"wp-block-paragraph\">El documento revela que la conmemoraci\u00f3n de la tragedia no se llevar\u00e1 a cabo en la mina, como en otros a\u00f1os, sino que se har\u00e1 frente al antimonumenta dedicado a los 63 mineros, sobre Reforma, a la altura de la Bolsa Mexicana de Valores, al mediod\u00eda. La demanda es la misma que desde hace 17 a\u00f1os, exigir el rescate de los 63 mineros que a\u00fan permanecen sepultados.<\/p>\n\n\n\n<figure class=\"wp-block-image size-full\"><a href=\"https:\/\/redsemlac.com\/semmexico\/wp-content\/uploads\/2023\/02\/4t-riesgo-04.jpg\"><img loading=\"lazy\" decoding=\"async\" width=\"768\" height=\"400\" src=\"https:\/\/redsemlac.com\/semmexico\/wp-content\/uploads\/2023\/02\/4t-riesgo-04.jpg\" alt=\"\" class=\"wp-image-62862\"\/><\/a><\/figure>\n\n\n\n<p class=\"wp-block-paragraph\">El documento de la Agenda Nacional de Riesgos incluye 22 eventos que considera riesgos, que van desde las algunas fechas previstas en la agenda del presidente L\u00f3pez Obrador, hasta eventos como manifestaciones en contra del Plan B de la Reforma electoral, el tercer aniversario de la huelga en Notimex, la elecci\u00f3n extraordinaria en Tamaulipas, el emplazamiento a huelga por parte de sindicatos universitarios, o movilizaciones de la Coordinadora Nacional de Trabajadores de la Educaci\u00f3n.<\/p>\n\n\n\n<p class=\"wp-block-paragraph\"><strong>PROMESA<\/strong><\/p>\n\n\n\n<p class=\"wp-block-paragraph\">Durante su campa\u00f1a como candidato a la presidencia, Andr\u00e9s Manuel L\u00f3pez Obrador prometi\u00f3 que en caso de llegar a la presidencia \u00e9l s\u00ed rescatar\u00eda a los mineros atrapados, algo que no hicieron sus predecesores, Vicente Fox, quien estaba como titular del Ejecutivo cuando ocurri\u00f3 la tragedia, y luego Felipe Calder\u00f3n y Enrique Pe\u00f1a Nieto.<\/p>\n\n\n\n<p class=\"wp-block-paragraph\">Sin embargo, los trabajos de rescate comenzaron apenas el a\u00f1o pasado. Al inicio de la presente administraci\u00f3n, la dependencia encargada de llevarlos a cabo fue la Secretar\u00eda del Trabajo, encabezada por&nbsp;Luisa Mar\u00eda Alcalde, que consult\u00f3 a expertos mexicanos y extranjeros sobre la mejor forma de hacerlo.<\/p>\n\n\n\n<figure class=\"wp-block-image size-full\"><a href=\"https:\/\/redsemlac.com\/semmexico\/wp-content\/uploads\/2023\/02\/4t-riesgo-05.jpg\"><img loading=\"lazy\" decoding=\"async\" width=\"768\" height=\"400\" src=\"https:\/\/redsemlac.com\/semmexico\/wp-content\/uploads\/2023\/02\/4t-riesgo-05.jpg\" alt=\"\" class=\"wp-image-62861\"\/><\/a><\/figure>\n\n\n\n<p class=\"wp-block-paragraph\">Pero ya que estaban los estudios, la Comisi\u00f3n Federal de Electricidad se hizo cargo en 2021. La comisi\u00f3n, adem\u00e1s, en cuanto est\u00e9 el rescate, podr\u00e1 volver a explotar carb\u00f3n en la mina, ya que as\u00ed lo acord\u00f3 con los familiares.<\/p>\n\n\n\n<p class=\"wp-block-paragraph\"><strong>JUSTICIA<\/strong><\/p>\n\n\n\n<p class=\"wp-block-paragraph\">En entrevista con&nbsp;La Silla Rota&nbsp;el a\u00f1o pasado, la activista e integrante de Familia Pasta de Conchos, Cristina Auerbach, consider\u00f3 que el gobierno de Andr\u00e9s Manuel L\u00f3pez Obrador ha dejado pendiente con los familiares de los mineros el tema de la justicia.<\/p>\n\n\n\n<p class=\"wp-block-paragraph\">Adem\u00e1s, record\u00f3 que la organizaci\u00f3n present\u00f3 una queja contra el gobierno mexicano ante la Comisi\u00f3n Interamericana de Derechos Humanos, y aunque hubo un intento de la&nbsp;Secretar\u00eda de Gobernaci\u00f3n&nbsp;de llegar a una \u201csoluci\u00f3n amistosa\u201d al respecto, no ocurri\u00f3 porque la intenci\u00f3n es que el proceso siga.<\/p>\n\n\n\n<figure class=\"wp-block-image size-full\"><a href=\"https:\/\/redsemlac.com\/semmexico\/wp-content\/uploads\/2023\/02\/4t-riesgo-06.png\"><img loading=\"lazy\" decoding=\"async\" width=\"768\" height=\"438\" src=\"https:\/\/redsemlac.com\/semmexico\/wp-content\/uploads\/2023\/02\/4t-riesgo-06.png\" alt=\"\" class=\"wp-image-62860\"\/><\/a><\/figure>\n\n\n\n<p class=\"wp-block-paragraph\">Adem\u00e1s del rescate en Pasta de Conchos est\u00e1 pendiente el del pozo de extracci\u00f3n de carb\u00f3n de El Pinabete, tambi\u00e9n en Coahuila. En el predio, ubicado en el municipio de Sabinas, quedaron atrapados 10 mineros desde el 3 de julio pasado. Ah\u00ed tambi\u00e9n la CFE es la encargada de los trabajos de rescate.<\/p>\n","protected":false},"excerpt":{"rendered":"<p>La Agenda Nacional de Riesgos 2023 ve al movimiento de viudas y familiares de Pasta de Conchos como un riesgo para el gobierno<\/p>\n","protected":false},"author":3,"featured_media":62859,"comment_status":"open","ping_status":"open","sticky":false,"template":"","format":"standard","meta":{"_monsterinsights_skip_tracking":false,"footnotes":""},"categories":[54],"tags":[],"class_list":["post-62858","post","type-post","status-publish","format-standard","has-post-thumbnail","category-mujeres"],"_links":{"self":[{"href":"https:\/\/redsemlac.com\/semmexico\/wp-json\/wp\/v2\/posts\/62858","targetHints":{"allow":["GET"]}}],"collection":[{"href":"https:\/\/redsemlac.com\/semmexico\/wp-json\/wp\/v2\/posts"}],"about":[{"href":"https:\/\/redsemlac.com\/semmexico\/wp-json\/wp\/v2\/types\/post"}],"author":[{"embeddable":true,"href":"https:\/\/redsemlac.com\/semmexico\/wp-json\/wp\/v2\/users\/3"}],"replies":[{"embeddable":true,"href":"https:\/\/redsemlac.com\/semmexico\/wp-json\/wp\/v2\/comments?post=62858"}],"version-history":[{"count":0,"href":"https:\/\/redsemlac.com\/semmexico\/wp-json\/wp\/v2\/posts\/62858\/revisions"}],"wp:featuredmedia":[{"embeddable":true,"href":"https:\/\/redsemlac.com\/semmexico\/wp-json\/wp\/v2\/media\/62859"}],"wp:attachment":[{"href":"https:\/\/redsemlac.com\/semmexico\/wp-json\/wp\/v2\/media?parent=62858"}],"wp:term":[{"taxonomy":"category","embeddable":true,"href":"https:\/\/redsemlac.com\/semmexico\/wp-json\/wp\/v2\/categories?post=62858"},{"taxonomy":"post_tag","embeddable":true,"href":"https:\/\/redsemlac.com\/semmexico\/wp-json\/wp\/v2\/tags?post=62858"}],"curies":[{"name":"wp","href":"https:\/\/api.w.org\/{rel}","templated":true}]}}