{"id":62851,"date":"2023-02-18T13:22:48","date_gmt":"2023-02-18T19:22:48","guid":{"rendered":"https:\/\/redsemlac.com\/semmexico\/?p=62851"},"modified":"2023-02-18T13:22:50","modified_gmt":"2023-02-18T19:22:50","slug":"juana-de-arco-combate-en-escena-la-violencia-de-genero","status":"publish","type":"post","link":"https:\/\/redsemlac.com\/semmexico\/juana-de-arco-combate-en-escena-la-violencia-de-genero\/","title":{"rendered":"Juana de Arco combate en escena la violencia de g\u00e9nero"},"content":{"rendered":"\n<p class=\"has-small-font-size wp-block-paragraph\">\u00abDios te har\u00e1 invencible con esta espada\u00bb es una obra escrita por Alonso Barrera, en la que Mar\u00eda Aura encarna a Juana de Arco. Foto Cortes\u00eda | La F\u00e1brica<\/p>\n\n\n\n<p class=\"wp-block-paragraph\">Protagonizada por Mar\u00eda Aura, esta obra de La F\u00e1brica Teatro revisita la figura de esta hero\u00edna del siglo XV para hablar sobre el contexto actual en el pa\u00eds<\/p>\n\n\n\n<p class=\"wp-block-paragraph\">Donna Oliveros<\/p>\n\n\n\n<p class=\"wp-block-paragraph\">SemM\u00e9xico\/ Diario de Quer\u00e9taro, OEM, 18 de febrero, 2023.- Juana de Arco&nbsp;ha vuelto a empu\u00f1ar su espada para liderar un ej\u00e9rcito; esta vez no lo har\u00e1 en nombre de dios ni del rey de Francia, sino a t\u00edtulo de todas las mujeres.<\/p>\n\n\n\n<p class=\"wp-block-paragraph\">Esta historia se cuenta en&nbsp;<em>Dios te har\u00e1 invencible con esta espada<\/em>, una obra escrita por Alonso Barrera, en la que&nbsp;Mar\u00eda Aura encarna a esta hero\u00edna del siglo XV&nbsp;para hablar sobre la violencia contra las mujeres y el feminismo en la \u00e9poca actual.<\/p>\n\n\n\n<h4 class=\"wp-block-heading\"><a href=\"https:\/\/www.diariodequeretaro.com.mx\/cultura\/teatro\/y-la-pedagogia-en-la-educacion-teatral-9596648.html\">\u00bfY la pedagog\u00eda en la educaci\u00f3n teatral?<\/a><\/h4>\n\n\n\n<p class=\"wp-block-paragraph\">Se estren\u00f3 el 4 de febrero en La F\u00e1brica Teatro, y&nbsp;es el resultado de un proyecto de cinco a\u00f1os de trabajo, en la que participaron escritoras, feministas y teatreras para delinear el montaje.<\/p>\n\n\n\n<p class=\"wp-block-paragraph\">Mar\u00eda Aura&nbsp;confiesa en entrevista que&nbsp;se trata de uno de los trabajos m\u00e1s importantes de su carrera, pues no solo tuvo que memorizar m\u00e1s de 30 p\u00e1ginas de di\u00e1logo;&nbsp;aprender tiro con arco y manejar una espada en escena, tambi\u00e9n tuvo que adentrarse en el dolor, la angustia y frustraci\u00f3n de su personaje.<\/p>\n\n\n\n<p class=\"wp-block-paragraph\"><em>\u201cEs muy duro hacer este mon\u00f3logo, nunca hab\u00eda hecho algo similar; es un viaje emocional muy fuerte en escena que me ha obligado a estirar mis capacidades actorales\u201d.<\/em><\/p>\n\n\n\n<p class=\"wp-block-paragraph\">Sobre el proyecto, cuenta que&nbsp;surge en un contexto donde los \u00edndices de violencia de g\u00e9nero han escalado, y el feminismo se ha polarizado entre quienes apoyan y no a las acciones m\u00e1s radicales del movimiento.<\/p>\n\n\n\n<p class=\"wp-block-paragraph\"><em>\u201cTenemos al feminismo radical que dice, \u00bfC\u00f3mo no voy a incendiar la ciudad? \u00bfC\u00f3mo no voy a destrozar los monumentos si est\u00e1n desapareciendo ni\u00f1as y mujeres?\u2026es comprensible (..) No podemos no hacerlo, no sentir esa frustraci\u00f3n, ese coraje, esa furia ante la cantidad de feminicidios y desapariciones, trata de personas y todo lo que sucede actualmente en el pa\u00eds\u00bb.<\/em><\/p>\n\n\n\n<p class=\"wp-block-paragraph\"><em>\u201cY por eso el personaje de Juana de Arco era perfecto para esta puesta en escena; [en nuestra historia] ella es una guerrera que toma las armas y se va a la guerra para defender a las mujeres\u201d.<\/em><\/p>\n\n\n\n<p class=\"wp-block-paragraph\">Aunque&nbsp;<em>Dios te har\u00e1 invencible con esta espada&nbsp;<\/em>es una historia cruda que confronta en todo momento al p\u00fablico, Mar\u00eda Aura asevera que tambi\u00e9n ofrece&nbsp;<em>\u201cun poco de esperanza dentro del horror\u201d.<\/em><\/p>\n\n\n\n<figure class=\"wp-block-image size-full\"><a href=\"https:\/\/redsemlac.com\/semmexico\/wp-content\/uploads\/2023\/02\/juana-de-arco-obra-02.jpg\"><img loading=\"lazy\" decoding=\"async\" width=\"720\" height=\"480\" src=\"https:\/\/redsemlac.com\/semmexico\/wp-content\/uploads\/2023\/02\/juana-de-arco-obra-02.jpg\" alt=\"\" class=\"wp-image-62854\"\/><\/a><\/figure>\n\n\n\n<p class=\"wp-block-paragraph\">La compa\u00f1\u00eda teatral dedic\u00f3 esta obra a la memoria de la primera actriz mexicana Marta Aura. Foto: Cortes\u00eda | La F\u00e1brica<\/p>\n\n\n\n<p class=\"wp-block-paragraph\">Asimismo,&nbsp;reconoce el compromiso del director y dramaturgo Alonso Barrera&nbsp;en la creaci\u00f3n de esta obra, pues es el&nbsp;<em>\u201cgranito de arena\u201d&nbsp;<\/em>que aporta La F\u00e1brica Teatro a la reflexi\u00f3n sobre estas problem\u00e1ticas.<\/p>\n\n\n\n<p class=\"wp-block-paragraph\"><em>\u201cEs un gran dramaturgo y para m\u00ed es lo que mejor que ha escrito; es una obra po\u00e9tica, profunda, dolorosa, inteligente, maravillosa y que adem\u00e1s habla del gran ser humano que \u00e9l es, pues siendo hombre no es indiferente y no es ciego ante la violencia que existe en nuestro pa\u00eds contra las mujeres, eso me hace amarlo m\u00e1s y admirarlo m\u00e1s cada d\u00eda\u201d,<\/em>&nbsp;dice la actriz sobre su esposo.<a href=\"https:\/\/www.diariodequeretaro.com.mx\/cultura\/teatro\/\"><\/a><\/p>\n\n\n\n<h4 class=\"wp-block-heading\"><a href=\"https:\/\/www.diariodequeretaro.com.mx\/cultura\/teatro\/con-cats-buscan-abrir-paso-al-teatro-musical-en-queretaro-9443471.html\">Con Cats buscan abrir paso al teatro musical en Quer\u00e9taro<\/a><\/h4>\n\n\n\n<p class=\"wp-block-paragraph\">Cabe mencionar que&nbsp;la compa\u00f1\u00eda dedic\u00f3 esta obra a la memoria de la primera actriz mexicana Marta Aura&nbsp;(1942-2022), reconocida por sus m\u00e1s de 60 a\u00f1os de carrera en cine, televisi\u00f3n y teatro.<\/p>\n\n\n\n<p class=\"wp-block-paragraph\"><em>\u201cCada funci\u00f3n que doy yo s\u00e9 que Marta est\u00e1 ah\u00ed gui\u00e1ndome, ayud\u00e1ndome, acompa\u00f1\u00e1ndome y que adem\u00e1s s\u00e9 que estar\u00eda orgullosa de que estamos haciendo esta obra\u201d,<\/em>&nbsp;asinti\u00f3 la actriz sobre su t\u00eda, junto a quien hizo&nbsp;<em>Coraje (2022),<\/em>&nbsp;la que fue su \u00faltima pel\u00edcula.<\/p>\n\n\n\n<p class=\"wp-block-paragraph\"><em>\u201cFue hermoso estar con ella en esa pel\u00edcula y verla brillar; su trabajo fue tan hermoso, preciso, profundo y tan \u00edntimo porque adem\u00e1s es una pel\u00edcula casi biogr\u00e1fica, el personaje pr\u00e1cticamente es ella contando su historia\u201d.<\/em><\/p>\n\n\n\n<p class=\"wp-block-paragraph\"><em>Dios te har\u00e1 invencible con esta espada<\/em>&nbsp;permanecer\u00e1 en la cartelera del Foro de La F\u00e1brica s\u00e1bados y domingos de febrero a las 19:00 horas.<\/p>\n\n\n\n<p class=\"wp-block-paragraph\">El costo general es de 250 pesos y de 200 para estudiantes con credencial vigente. Para reservar se puede marcar al 4423258829; mandar un whatsapp al 442 779 3977 o por inbox de Facebook (<a href=\"https:\/\/www.facebook.com\/forodelafabrica\">@forodelafabrica<\/a>).<\/p>\n\n\n\n<p class=\"wp-block-paragraph\">Esta obra fue realizada con el apoyo del Sistema de Apoyos a la Creaci\u00f3n y Proyectos Culturales (Fonca), a trav\u00e9s del Programa de Est\u00edmulo a la Creaci\u00f3n y Desarrollo Art\u00edstico (PECDA) Quer\u00e9taro 2022.<\/p>\n\n\n\n<p class=\"wp-block-paragraph\"><strong>COMENTARIOS<\/strong><\/p>\n\n\n\n<p class=\"wp-block-paragraph\">&#8216;Mar\u00eda Aura de vida a Juana de Arco, en la lucha por defender a las mujeres en M\u00e9xico&#8217;<\/p>\n\n\n\n<p class=\"wp-block-paragraph\"><em>\u00abDios te har\u00e1 invencible con esta espada\u00bb, es una obra de teatro que est\u00e1 en Quer\u00e9taro, dijo Mariana Linares Cruz, periodista y productora.<\/em><\/p>\n\n\n\n<figure class=\"wp-block-image size-full\"><a href=\"https:\/\/redsemlac.com\/semmexico\/wp-content\/uploads\/2023\/02\/juana-de-arco-obra-03.jpg\"><img loading=\"lazy\" decoding=\"async\" width=\"960\" height=\"540\" src=\"https:\/\/redsemlac.com\/semmexico\/wp-content\/uploads\/2023\/02\/juana-de-arco-obra-03.jpg\" alt=\"\" class=\"wp-image-62855\"\/><\/a><\/figure>\n\n\n\n<p class=\"wp-block-paragraph\">Actriz Mar\u00eda Aura.Cr\u00e9ditos: Cuartoscuro<\/p>\n\n\n\n<p class=\"wp-block-paragraph\">En su colaboraci\u00f3n con&nbsp;Ana Francisca Vega, en la&nbsp;Tercera Emisi\u00f3n&nbsp;de&nbsp;MVS Noticias,&nbsp;Mariana Linares Cruz,&nbsp;periodista y productora, habl\u00f3 de la recomendaci\u00f3n de la obra en Quer\u00e9taro \u201cDios te har\u00e1 invencible con esta espada\u201d con la actriz&nbsp;Mar\u00eda Aura.&nbsp;<\/p>\n\n\n\n<p class=\"wp-block-paragraph\"><em>\u00abCuando leo un t\u00edtulo, a veces es necesario para acercarme a un libro\u00bb, coment\u00f3.&nbsp;<\/em><\/p>\n\n\n\n<p class=\"wp-block-paragraph\">Mar\u00eda Aura en \u201cDios te har\u00e1 invencible con esta espada\u201d<\/p>\n\n\n\n<p class=\"wp-block-paragraph\">Consider\u00f3 que la actriz es una mujer que pone cuerpo, alma y voz a casa una de sus interpretaciones, as\u00ed sean una novela o un poema.&nbsp;<\/p>\n\n\n\n<p class=\"wp-block-paragraph\">Indic\u00f3 que en la producci\u00f3n interpreta a Juana de Arco, personaje hist\u00f3rico de la historia francesa, qui\u00e9n busc\u00f3 liberar a su pueblo, pero finalmente falleci\u00f3 quemada en la hoguera a los 19 a\u00f1os, al ser acusada de bruja.&nbsp;<\/p>\n\n\n\n<p class=\"wp-block-paragraph\">Mariana Linares Cruz a\u00f1adi\u00f3 que, en la obra, Juana de Arco quiere liderar a un ej\u00e9rcito para defender a las mujeres en M\u00e9xico.&nbsp;<\/p>\n","protected":false},"excerpt":{"rendered":"<p>Protagonizada por Mar\u00eda Aura, esta obra de La F\u00e1brica Teatro revisita la figura de esta hero\u00edna del siglo XV para hablar sobre el contexto actual en el pa\u00eds<\/p>\n","protected":false},"author":3,"featured_media":62853,"comment_status":"open","ping_status":"open","sticky":false,"template":"","format":"standard","meta":{"_monsterinsights_skip_tracking":false,"footnotes":""},"categories":[45,46],"tags":[],"class_list":["post-62851","post","type-post","status-publish","format-standard","has-post-thumbnail","category-cultura","category-cultura-cultura"],"_links":{"self":[{"href":"https:\/\/redsemlac.com\/semmexico\/wp-json\/wp\/v2\/posts\/62851","targetHints":{"allow":["GET"]}}],"collection":[{"href":"https:\/\/redsemlac.com\/semmexico\/wp-json\/wp\/v2\/posts"}],"about":[{"href":"https:\/\/redsemlac.com\/semmexico\/wp-json\/wp\/v2\/types\/post"}],"author":[{"embeddable":true,"href":"https:\/\/redsemlac.com\/semmexico\/wp-json\/wp\/v2\/users\/3"}],"replies":[{"embeddable":true,"href":"https:\/\/redsemlac.com\/semmexico\/wp-json\/wp\/v2\/comments?post=62851"}],"version-history":[{"count":0,"href":"https:\/\/redsemlac.com\/semmexico\/wp-json\/wp\/v2\/posts\/62851\/revisions"}],"wp:featuredmedia":[{"embeddable":true,"href":"https:\/\/redsemlac.com\/semmexico\/wp-json\/wp\/v2\/media\/62853"}],"wp:attachment":[{"href":"https:\/\/redsemlac.com\/semmexico\/wp-json\/wp\/v2\/media?parent=62851"}],"wp:term":[{"taxonomy":"category","embeddable":true,"href":"https:\/\/redsemlac.com\/semmexico\/wp-json\/wp\/v2\/categories?post=62851"},{"taxonomy":"post_tag","embeddable":true,"href":"https:\/\/redsemlac.com\/semmexico\/wp-json\/wp\/v2\/tags?post=62851"}],"curies":[{"name":"wp","href":"https:\/\/api.w.org\/{rel}","templated":true}]}}