{"id":62820,"date":"2023-02-18T12:14:47","date_gmt":"2023-02-18T18:14:47","guid":{"rendered":"https:\/\/redsemlac.com\/semmexico\/?p=62820"},"modified":"2023-02-18T12:14:49","modified_gmt":"2023-02-18T18:14:49","slug":"el-ezln-en-el-congreso-de-la-union-por-la-justicia-la-concordia-el-dialogo-y-la-justicia-libro-de-beatriz-paredes-rangel","status":"publish","type":"post","link":"https:\/\/redsemlac.com\/semmexico\/el-ezln-en-el-congreso-de-la-union-por-la-justicia-la-concordia-el-dialogo-y-la-justicia-libro-de-beatriz-paredes-rangel\/","title":{"rendered":"\u201cEl EZLN en el Congreso de la Uni\u00f3n\u201d, por la justicia, la concordia, el di\u00e1logo y la justicia: \u00a0libro de Beatriz Paredes Rangel"},"content":{"rendered":"\n<figure class=\"wp-block-image size-full\"><a href=\"https:\/\/redsemlac.com\/semmexico\/wp-content\/uploads\/2023\/02\/el-ezln-libro-02.jpg\"><img loading=\"lazy\" decoding=\"async\" width=\"696\" height=\"450\" src=\"https:\/\/redsemlac.com\/semmexico\/wp-content\/uploads\/2023\/02\/el-ezln-libro-02.jpg\" alt=\"\" class=\"wp-image-62823\"\/><\/a><\/figure>\n\n\n\n<p class=\"wp-block-paragraph\">Se presenta en el Senado de la Rep\u00fablica un testimonio de cuando en el Congreso hab\u00eda pluralidad racional y entendimiento de las diferencias<\/p>\n\n\n\n<p class=\"wp-block-paragraph\">El libro recoge debates en el congreso, discursos de los y las zapatistas en tribuna, como el de Esther; esta publicaci\u00f3n puede ser eslab\u00f3n para la justicia y desarrollo en las comunidades ind\u00edgenas\u00a0<\/p>\n\n\n\n<p class=\"wp-block-paragraph\">Libertad L\u00f3pez\u00a0<\/p>\n\n\n\n<p class=\"wp-block-paragraph\">SemM\u00e9xico, Ciudad de M\u00e9xico, 18 de febrero, 2023.- En el marco de la conmemoraci\u00f3n del 27 aniversario de la firma de los Acuerdos de San Andr\u00e9s Larr\u00e1inzar, -16 de febrero de 1996- que entre sus objetivos est\u00e1 el reconocimiento de los derechos colectivos de pueblos y comunidades ind\u00edgenas, se present\u00f3 en el Senado el libro \u201cEl EZLN en el Congreso de la Uni\u00f3n\u201d, de la senadora Beatriz Paredes Rangel.&nbsp;<\/p>\n\n\n\n<p class=\"wp-block-paragraph\">En la presentaci\u00f3n organizada por el Instituto Belisario Dom\u00ednguez (IBD), la senadora confi\u00f3 en que esta publicaci\u00f3n ser\u00e1 un eslab\u00f3n m\u00e1s en el esfuerzo de las comunidades ind\u00edgenas y sus alianzas para que existan condiciones de libertad, justicia y desarrollo en sus comunidades.&nbsp;<\/p>\n\n\n\n<p class=\"wp-block-paragraph\">La legisladora de la bancada del Partido de la Revoluci\u00f3n Institucional PRI detall\u00f3 que este libro habla sobre un hecho relevante para el Congreso de la Uni\u00f3n y no sobre el movimiento zapatista, pues ya existe mucha informaci\u00f3n alrededor del Ejercito Zapatista de Liberaci\u00f3n Nacional (EZLN).&nbsp;<\/p>\n\n\n\n<figure class=\"wp-block-image size-large\"><a href=\"https:\/\/redsemlac.com\/semmexico\/wp-content\/uploads\/2023\/02\/el-ezln-libro-03.jpg\"><img decoding=\"async\" src=\"https:\/\/redsemlac.com\/semmexico\/wp-content\/uploads\/2023\/02\/el-ezln-libro-03-1024x768.jpg\" alt=\"\" class=\"wp-image-62821\"\/><\/a><\/figure>\n\n\n\n<p class=\"wp-block-paragraph\">Respeto a las diferencias: Esther&nbsp;<\/p>\n\n\n\n<p class=\"wp-block-paragraph\">Asimismo, dijo que el prop\u00f3sito de este libro es registrar uno de los momentos m\u00e1s importantes en la historia del Congreso Mexicano, que fue cuando el EZLN tom\u00f3 la Tribuna de la C\u00e1mara de Diputados, a trav\u00e9s de la comandante Esther el 28 de marzo de 2001 donde ella dijo a las y los legisladores, en su discurso, luego de afirmar que las y los zapatistas quer\u00edan ser escuchados y dialogar, se refiri\u00f3 a s\u00ed misma:<\/p>\n\n\n\n<p class=\"wp-block-paragraph\">\u201cY es un s\u00edmbolo tambi\u00e9n que sea yo, una mujer pobre, ind\u00edgena y zapatista, quien tome primero la palabra y sea el m\u00edo el mensaje central de nuestra palabra como zapatistas.<\/p>\n\n\n\n<p class=\"wp-block-paragraph\">Hace unos d\u00edas, en este recinto legislativo, se dio una discusi\u00f3n muy fuerte y, en una votaci\u00f3n muy cerrada, gan\u00f3 la posici\u00f3n mayoritaria.<\/p>\n\n\n\n<p class=\"wp-block-paragraph\">Quienes pensaron diferente y obraron en consecuencia no fueron a dar a la c\u00e1rcel, ni se les persigue, ni mucho menos fueron muertos.<\/p>\n\n\n\n<p class=\"wp-block-paragraph\">Aqu\u00ed, en este Congreso, hay diferencias marcadas, algunas de ellas hasta contradictorias, y hay respeto a esas diferencias\u2026\u201d<\/p>\n\n\n\n<p class=\"wp-block-paragraph\">En ese sentido, puntualiz\u00f3 que el texto tambi\u00e9n tiene el objetivo de que quienes estudian los asuntos ind\u00edgenas y los mecanismos de democracia participativa puedan dar seguimiento a c\u00f3mo se construyen estos espacios y se encadena la realidad social para que las instituciones puedan evolucionar.&nbsp;<\/p>\n\n\n\n<p class=\"wp-block-paragraph\">Beatriz Paredes Rangel detall\u00f3 que en el libro se encuentran los discursos de las personas ind\u00edgenas en tribuna; los debates entre los Grupos Parlamentarios para que este hecho fuera realidad; as\u00ed como la legislaci\u00f3n que se gener\u00f3 tras estos eventos trascendentes para la vida parlamentaria.&nbsp;<\/p>\n\n\n\n<p class=\"wp-block-paragraph\">Adem\u00e1s, la presidenta de la Comisi\u00f3n de Relaciones Exteriores Am\u00e9rica Latina y el Caribe destac\u00f3 el papel del Senado de la Rep\u00fablica cuando formul\u00f3 la Ley General de Concordia y Pacificaci\u00f3n, pues fue una alternativa para que el lanzamiento insurgente no deviniera en una represi\u00f3n generalizada en algunas zonas de nuestro pa\u00eds. &nbsp;<\/p>\n\n\n\n<p class=\"wp-block-paragraph\">Paredes Rangel asegur\u00f3 que a\u00fan hay pendientes por resolver en los pueblos originarios, los cuales s\u00f3lo podr\u00e1n resolverse con una gran alianza entre todos los sectores, pues provienen de siglos de marginaci\u00f3n. &nbsp;<\/p>\n\n\n\n<p class=\"wp-block-paragraph\">El senador Eduardo Ram\u00edrez, del Grupo Parlamentario de Morena, record\u00f3 que el 1 de enero de 1994 las y los integrantes del movimiento zapatista tomaron cinco cabeceras municipales del estado de Chiapas: San Crist\u00f3bal de las Casas, Altamirano, Las Margaritas, Ocosingo y Chanal.&nbsp;<\/p>\n\n\n\n<p class=\"wp-block-paragraph\">Asent\u00f3 que este fue un momento estelar de la historia mexicana que gener\u00f3 nuevos paradigmas pol\u00edticos, econ\u00f3micos y sociol\u00f3gicos. Adem\u00e1s, destac\u00f3 el trabajo de la Comisi\u00f3n para la Concordia y Pacificaci\u00f3n, en donde la discriminaci\u00f3n, la pobreza y la marginaci\u00f3n en la que viv\u00edan las comunidades ind\u00edgenas; \u201ceste movimiento visibiliz\u00f3 a un pa\u00eds distinto\u201d.&nbsp;<\/p>\n\n\n\n<p class=\"wp-block-paragraph\">El tambi\u00e9n presidente de la Comisi\u00f3n de Puntos Constitucionales dijo que la participaci\u00f3n del EZLN en la C\u00e1mara de Diputados puso al descubierto no s\u00f3lo los problemas de Chiapas, sino de las comunidades ind\u00edgenas de todas las entidades del pa\u00eds; \u201ces un parteaguas de la historia y es un momento para contar\u201d.&nbsp;<\/p>\n\n\n\n<p class=\"wp-block-paragraph\">A partir de este hecho, subray\u00f3 el legislador, se abri\u00f3 un nuevo ejercicio parlamentario en nuestro pa\u00eds y ahora, a m\u00e1s de 25 a\u00f1os, se tiene una visi\u00f3n de pa\u00eds distinta, pues los pueblos originarios tienen m\u00e1s acceso a la informaci\u00f3n y se busca que cuenten con condiciones mejores de vida; sin embargo, denunci\u00f3 que a\u00fan hay asignaturas pendientes.&nbsp;<\/p>\n\n\n\n<p class=\"wp-block-paragraph\">A su vez, el exdiputado Jaime Mart\u00ednez Veloz indic\u00f3 que, tras el levantamiento del EZLN en 1994, el Estado mexicano plante\u00f3 una serie de acciones para enfrentar este tema tan complejo, a pesar de que en ese tiempo s\u00f3lo hab\u00eda cuatro partidos representados en el Congreso de la Uni\u00f3n: PRI, PAN, PRD y PT. &nbsp;<\/p>\n\n\n\n<p class=\"wp-block-paragraph\">Entre ellas, puntualiz\u00f3 est\u00e1 la Ley para el Dialogo Conciliaci\u00f3n y la Paz Digna en Chiapas, la cual se aprob\u00f3 por unanimidad y logr\u00f3 retomar el di\u00e1logo para que el 16 de febrero de 1996 se firmaran los Acuerdos de Larr\u00e1inzar.&nbsp;<\/p>\n\n\n\n<p class=\"wp-block-paragraph\">Este primer convenio de paz entre el Gobierno Federal y el EZLN permiti\u00f3 que integrantes del movimiento zapatista y de los pueblos originarios pudieran hablar en la tribuna del Congreso de la Uni\u00f3n, explic\u00f3 Mart\u00ednez Veloz.&nbsp;<\/p>\n\n\n\n<p class=\"wp-block-paragraph\">Discurso de la Comandanta Esther en la tribuna del Congreso de la Uni\u00f3n<\/p>\n\n\n\n<p class=\"wp-block-paragraph\">HONORABLE CONGRESO DE LA UNI\u00d3N:<\/p>\n\n\n\n<p class=\"wp-block-paragraph\">LEGISLADORAS Y LEGISLADORES DE LA JUNTA DE COORDINACI\u00d3N POL\u00cdTICA DE LA C\u00c1MARA DE DIPUTADOS:<\/p>\n\n\n\n<p class=\"wp-block-paragraph\">LEGISLADORES Y LEGISLADORAS DE LAS COMISIONES UNIDAS DE PUNTOS CONSTITUCIONALES Y DE ASUNTOS IND\u00cdGENAS DE LA C\u00c1MARA DE DIPUTADOS:<\/p>\n\n\n\n<p class=\"wp-block-paragraph\">LEGISLADORES Y LEGISLADORAS DE LAS COMISIONES DE PUNTOS CONSTITUCIONALES, DE ASUNTOS IND\u00cdGENAS Y DE ESTUDIOS LEGISLATIVOS DE<\/p>\n\n\n\n<p class=\"wp-block-paragraph\">LA C\u00c1MARA DE SENADORES:<\/p>\n\n\n\n<p class=\"wp-block-paragraph\">LEGISLADORES Y LEGISLADORAS DE LA COMISI\u00d3N DE CONCORDIA Y PACIFICACI\u00d3N:<\/p>\n\n\n\n<p class=\"wp-block-paragraph\">DIPUTADOS Y DIPUTADAS:<\/p>\n\n\n\n<p class=\"wp-block-paragraph\">SENADORES Y SENADORAS:<\/p>\n\n\n\n<p class=\"wp-block-paragraph\">HERMANOS Y HERMANAS DEL CONGRESO NACIONAL IND\u00cdGENA:<\/p>\n\n\n\n<p class=\"wp-block-paragraph\">HERMANOS Y HERMANAS DE LOS TODOS LOS PUEBLOS INDIOS DE M\u00c9XICO:<\/p>\n\n\n\n<p class=\"wp-block-paragraph\">HERMANOS Y HERMANAS DE OTROS PA\u00cdSES:<\/p>\n\n\n\n<p class=\"wp-block-paragraph\">PUEBLO DE M\u00c9XICO:<\/p>\n\n\n\n<p class=\"wp-block-paragraph\">POR MI VOZ HABLA LA VOZ DEL EJ\u00c9RCITO ZAPATISTA DE LIBERACI\u00d3N NACIONAL.<\/p>\n\n\n\n<p class=\"wp-block-paragraph\">LA PALABRA QUE TRAE \u00c9STA NUESTRA VOZ ES UN CLAMOR.<\/p>\n\n\n\n<p class=\"wp-block-paragraph\">PERO NUESTRA PALABRA ES DE RESPETO PARA ESTA TRIBUNA Y PARA TODAS Y TODOS LOS QUE NOS ESCUCHAN.<\/p>\n\n\n\n<p class=\"wp-block-paragraph\">NO RECIBIR\u00c1N DE NOSOTROS NI INSULTOS NI GROSER\u00cdAS.<\/p>\n\n\n\n<p class=\"wp-block-paragraph\">NO HAREMOS LO MISMO QUE AQUEL QUE EL D\u00cdA PRIMERO DE DICIEMBRE DEL A\u00d1O 2000 ROMPI\u00d3 EL RESPETO A ESTE RECINTO LEGISLATIVO.<\/p>\n\n\n\n<p class=\"wp-block-paragraph\">LA PALABRA QUE TRAEMOS ES VERDADERA.<\/p>\n\n\n\n<p class=\"wp-block-paragraph\">NO VENIMOS A HUMILLAR A NADIE.<\/p>\n\n\n\n<p class=\"wp-block-paragraph\">NO VENIMOS A VENCER A NADIE.<\/p>\n\n\n\n<p class=\"wp-block-paragraph\">NO VENIMOS A SUPLANTAR A NADIE.<\/p>\n\n\n\n<p class=\"wp-block-paragraph\">NO VENIMOS A LEGISLAR.<\/p>\n\n\n\n<p class=\"wp-block-paragraph\">VENIMOS A QUE NOS ESCUCHEN Y A ESCUCHARLOS.<\/p>\n\n\n\n<p class=\"wp-block-paragraph\">VENIMOS A DIALOGAR.<\/p>\n\n\n\n<p class=\"wp-block-paragraph\">SABEMOS QUE NUESTRA PRESENCIA EN ESTA TRIBUNA PROVOC\u00d3 AGRIAS DISCUSIONES Y ENFRENTAMIENTOS.<\/p>\n\n\n\n<p class=\"wp-block-paragraph\">HUBO QUIENES APOSTARON A QUE USAR\u00cdAMOS ESTA OPORTUNIDAD PARA INSULTAR O COBRAR CUENTAS PENDIENTES Y QUE TODO ERA PARTE DE UNA ESTRATEGIA PARA GANAR POPULARIDAD P\u00daBLICA.<\/p>\n\n\n\n<p class=\"wp-block-paragraph\">QUIENES AS\u00cd PENSARON NO EST\u00c1N PRESENTES.<\/p>\n\n\n\n<p class=\"wp-block-paragraph\">PERO HUBO QUIENES APOSTARON Y CONFIARON EN NUESTRA PALABRA. ESOS NOS ABRIERON ESTA PUERTA DE DI\u00c1LOGO Y SON LOS QUE EST\u00c1N PRESENTES.<\/p>\n\n\n\n<p class=\"wp-block-paragraph\">NOSOTROS SOMOS ZAPATISTAS.<\/p>\n\n\n\n<p class=\"wp-block-paragraph\">NO TRAICIONAREMOS LA CONFIANZA Y FE QUE MUCHOS EN ESTE PARLAMENTO Y EN EL PUEBLO DE M\u00c9XICO PUSIERON EN NUESTRA PALABRA.<\/p>\n\n\n\n<p class=\"wp-block-paragraph\">QUIENES APOSTARON A PRESTAR O\u00cdDO ATENTO A NUESTRA PALABRA RESPETUOSA, GANARON.<\/p>\n\n\n\n<p class=\"wp-block-paragraph\">QUIENES APOSTARON A CERRAR LAS PUERTAS AL DI\u00c1LOGO PORQUE TEM\u00cdAN UNA CONFRONTACI\u00d3N, PERDIERON.<\/p>\n\n\n\n<p class=\"wp-block-paragraph\">PORQUE LOS ZAPATISTAS TRAEMOS PALABRA DE VERDAD Y RESPETO.<\/p>\n\n\n\n<p class=\"wp-block-paragraph\">ALGUNOS HABR\u00c1N PENSADO QUE ESTA TRIBUNA SER\u00cdA OCUPADA POR EL SUP MARCOS Y QUE SER\u00cdA \u00c9L QUIEN DAR\u00cdA EL MENSAJE CENTRAL DE LOS ZAPATISTAS.<\/p>\n\n\n\n<p class=\"wp-block-paragraph\">YA VEN QUE NO ES AS\u00cd.<\/p>\n\n\n\n<p class=\"wp-block-paragraph\">EL SUBCOMANDANTE INSURGENTE MARCOS ES ESO, UN SUBCOMANDANTE.<\/p>\n\n\n\n<p class=\"wp-block-paragraph\">NOSOTROS SOMOS LOS COMANDANTES, LOS QUE MANDAMOS EN COM\u00daN, LOS QUE MANDAMOS OBEDECIENDO A NUESTROS PUEBLOS.<\/p>\n\n\n\n<p class=\"wp-block-paragraph\">AL SUP Y A QUIEN COMPARTE CON \u00c9L ESPERANZAS Y ANHELOS LES DIMOS LA MISI\u00d3N DE TRAERNOS A ESTA TRIBUNA.<\/p>\n\n\n\n<p class=\"wp-block-paragraph\">ELLOS, NUESTROS GUERREROS Y GUERRERAS, HAN CUMPLIDO GRACIAS AL APOYO DE LA MOVILIZACI\u00d3N POPULAR EN M\u00c9XICO Y EN EL MUNDO.<\/p>\n\n\n\n<p class=\"wp-block-paragraph\">AHORA ES NUESTRA HORA.<\/p>\n\n\n\n<p class=\"wp-block-paragraph\">EL RESPETO QUE OFRECEMOS AL CONGRESO DE LA UNI\u00d3N ES DE FONDO, PERO TAMBI\u00c9N DE FORMA.<\/p>\n\n\n\n<p class=\"wp-block-paragraph\">NO EST\u00c1 EN ESTA TRIBUNA EL JEFE MILITAR DE UN EJ\u00c9RCITO REBELDE.<\/p>\n\n\n\n<p class=\"wp-block-paragraph\">EST\u00c1 QUIEN REPRESENTA A LA PARTE CIVIL DEL EZLN, LA DIRECCI\u00d3N POL\u00cdTICA Y ORGANIZATIVA DE UN MOVIMIENTO LEG\u00cdTIMO, HONESTO Y CONSECUENTE, Y, ADEM\u00c1S, LEGAL POR GRACIA DE LA LEY PARA EL DI\u00c1LOGO, LA CONCILIACI\u00d3N Y LA PAZ DIGNA EN CHIAPAS.<\/p>\n\n\n\n<p class=\"wp-block-paragraph\">AS\u00cd DEMOSTRAMOS QUE NO TENEMOS NING\u00daN INTER\u00c9S EN PROVOCAR RESENTIMIENTOS NI RESQUEMORES EN NADIE.<\/p>\n\n\n\n<p class=\"wp-block-paragraph\">AS\u00cd QUE AQU\u00cd ESTOY YO, UNA MUJER IND\u00cdGENA.<\/p>\n\n\n\n<p class=\"wp-block-paragraph\">NADIE TENDR\u00c1 POR QU\u00c9 SENTIRSE AGREDIDO, HUMILLADO O REBAJADO PORQUE YO OCUPE HOY ESTA TRIBUNA Y HABLE.<\/p>\n\n\n\n<p class=\"wp-block-paragraph\">QUIENES NO EST\u00c1N AHORA YA SABEN QUE SE NEGARON A ESCUCHAR LO QUE UNA MUJER IND\u00cdGENA VEN\u00cdA A DECIRLES Y SE NEGARON A HABLAR PARA QUE YO LOS ESCUCHARA.<\/p>\n\n\n\n<p class=\"wp-block-paragraph\">MI NOMBRE ES ESTHER, PERO ESO NO IMPORTA AHORA.<\/p>\n\n\n\n<p class=\"wp-block-paragraph\">SOY ZAPATISTA, PERO ESO TAMPOCO IMPORTA EN ESTE MOMENTO.<\/p>\n\n\n\n<p class=\"wp-block-paragraph\">SOY IND\u00cdGENA Y SOY MUJER, Y ESO ES LO \u00daNICO QUE IMPORTA AHORA.<\/p>\n\n\n\n<p class=\"wp-block-paragraph\">ESTA TRIBUNA ES UN S\u00cdMBOLO.<\/p>\n\n\n\n<p class=\"wp-block-paragraph\">POR ESO CONVOC\u00d3 TANTA POL\u00c9MICA.<\/p>\n\n\n\n<p class=\"wp-block-paragraph\">POR ESO QUER\u00cdAMOS HABLAR EN ELLA Y POR ESO ALGUNOS NO QUER\u00cdAN QUE AQU\u00cd ESTUVI\u00c9RAMOS.<\/p>\n\n\n\n<p class=\"wp-block-paragraph\">Y ES UN S\u00cdMBOLO TAMBI\u00c9N QUE SEA YO, UNA MUJER POBRE, IND\u00cdGENA Y ZAPATISTA, QUIEN TOME PRIMERO LA PALABRA Y SEA EL M\u00cdO EL MENSAJE CENTRAL DE NUESTRA PALABRA COMO ZAPATISTAS.<\/p>\n\n\n\n<p class=\"wp-block-paragraph\">HACE UNOS D\u00cdAS, EN ESTE RECINTO LEGISLATIVO, SE DIO UNA DISCUSI\u00d3N MUY FUERTE Y, EN UNA VOTACI\u00d3N MUY CERRADA, GAN\u00d3 LA POSICI\u00d3N MAYORITARIA.<\/p>\n\n\n\n<p class=\"wp-block-paragraph\">QUIENES PENSARON DIFERENTE Y OBRARON EN CONSECUENCIA NO FUERON A DAR A LA C\u00c1RCEL, NI SE LES PERSIGUE, NI MUCHO MENOS FUERON MUERTOS.<\/p>\n\n\n\n<p class=\"wp-block-paragraph\">AQU\u00cd, EN ESTE CONGRESO, HAY DIFERENCIAS MARCADAS, ALGUNAS DE ELLAS HASTA CONTRADICTORIAS, Y HAY RESPETO A ESAS DIFERENCIAS.<\/p>\n\n\n\n<p class=\"wp-block-paragraph\">PERO, A\u00daN CON ESTAS DIFERENCIAS, EL CONGRESO NO SE PARTE, NO SE BALCANIZA, NO SE FRAGMENTA EN MUCHOS CONGRESITOS, SINO QUE, PRECISAMENTE POR ESAS DIFERENCIAS Y POR EL RESPETO ENTRE ELLAS, SE CONSTRUYE SUS NORMAS.<\/p>\n\n\n\n<p class=\"wp-block-paragraph\">Y, SIN PERDER LO QUE HACE DISTINTO A CADA QUIEN, SE MANTIENE LA UNIDAD Y, CON ELLA, LA POSIBILIDAD DE AVANZAR DE COM\u00daN ACUERDO.<\/p>\n\n\n\n<p class=\"wp-block-paragraph\">\u00c9SE ES EL PA\u00cdS QUE QUEREMOS LOS ZAPATISTAS.<\/p>\n\n\n\n<p class=\"wp-block-paragraph\">UN PA\u00cdS DONDE SE RECONOZCA LA DIFERENCIA Y SE RESPETE.<\/p>\n\n\n\n<p class=\"wp-block-paragraph\">DONDE EL SER Y PENSAR DIFERENTE NO SEA MOTIVO PARA IR A LA C\u00c1RCEL, PARA SER PERSEGUIDO O PARA MORIR.<\/p>\n\n\n\n<p class=\"wp-block-paragraph\">AQU\u00cd, EN ESTE PALACIO LEGISLATIVO, HAY 7 LUGARES VAC\u00cdOS QUE CORRESPONDEN A 7 IND\u00cdGENAS QUE NO PUEDEN ESTAR PRESENTES.<\/p>\n\n\n\n<p class=\"wp-block-paragraph\">Y NO PUEDEN ESTAR AQU\u00cd CON NOSOTROS PORQUE LA DIFERENCIA QUE NOS HACE IND\u00cdGENAS A LOS IND\u00cdGENAS, NO ES RECONOCIDA NI RESPETADA.<\/p>\n\n\n\n<p class=\"wp-block-paragraph\">DE LOS SIETES AUSENTES, EL UNO MURI\u00d3 EN LOS PRIMEROS D\u00cdAS DE ENERO DE 1994, DOS M\u00c1S EST\u00c1N PRESOS POR OPONERSE A LA TALA DE \u00c1RBOLES, OTROS DOS EST\u00c1N EN LA C\u00c1RCEL POR DEFENDER LA PESCA COMO MEDIO DE VIDA Y OPONERSE A LOS PESCADORES PIRATAS, Y LOS DOS RESTANTES TIENEN ORDEN DE APREHENSI\u00d3N POR LA MISMA CAUSA.<\/p>\n\n\n\n<p class=\"wp-block-paragraph\">COMO IND\u00cdGENAS LOS SIETE PELEARON POR SUS DERECHOS Y COMO IND\u00cdGENAS ENCONTRARON LA RESPUESTA DE LA MUERTE, LA C\u00c1RCEL Y LA PERSECUCI\u00d3N.<\/p>\n\n\n\n<p class=\"wp-block-paragraph\">EN ESTE CONGRESO HAY VARIAS FUERZAS POL\u00cdTICA Y CADA UNA DE ELLAS SE AGRUPA Y TRABAJA CON PLENA AUTONOM\u00cdA.<\/p>\n\n\n\n<p class=\"wp-block-paragraph\">SUS MODOS DE TOMAR ACUERDOS Y LAS REGLAS DE SU CONVIVENCIA INTERNA PUEDEN SER VISTOS CON APROBACI\u00d3N O REPROBACI\u00d3N, PERO SON RESPETADOS Y A NADIE SE PERSIGUE POR SER DE UNA U OTRA FRACCI\u00d3N PARLAMENTARIA, POR SER DE DERECHA, DE CENTRO O DE IZQUIERDA.<\/p>\n\n\n\n<p class=\"wp-block-paragraph\">EN EL MOMENTO EN QUE ES PRECISO, TODOS SE PONEN DE ACUERDO Y SE UNEN PARA CONSEGUIR ALGO QUE CONSIDERAN QUE ES BUENO PARA EL PA\u00cdS.<\/p>\n\n\n\n<p class=\"wp-block-paragraph\">SI NO SE PONEN DE ACUERDO TODOS, ENTONCES LA MAYOR\u00cdA TOMA EL ACUERDO Y LA MINOR\u00cdA ACEPTA Y TRABAJA SEG\u00daN EL ACUERDO DE LA MAYOR\u00cdA.<\/p>\n\n\n\n<p class=\"wp-block-paragraph\">LOS LEGISLADORES SON DE UN PARTIDO POL\u00cdTICO, DE UNA CIERTA ORIENTACI\u00d3N IDEOL\u00d3GICA, Y SON AL MISMO TIEMPO LEGISLADORES DE TODOS LOS MEXICANOS Y MEXICANAS, SIN IMPORTAR A QU\u00c9 PARTIDO POL\u00cdTICO PERTENEZCA ALGUIEN O QU\u00c9 IDEA TENGA.<\/p>\n\n\n\n<p class=\"wp-block-paragraph\">AS\u00cd ES EL M\u00c9XICO QUE QUEREMOS LOS ZAPATISTAS.<\/p>\n\n\n\n<p class=\"wp-block-paragraph\">UNO DONDE LOS IND\u00cdGENAS SEAMOS IND\u00cdGENAS Y MEXICANOS, UNO DONDE EL RESPETO A LA DIFERENCIA SE BALANCEE CON EL RESPETO A LO QUE NOS HACE IGUALES.<\/p>\n\n\n\n<p class=\"wp-block-paragraph\">UNO DONDE LA DIFERENCIA NO SEA MOTIVO DE MUERTE, C\u00c1RCEL, PERSECUCI\u00d3N, BURLA, HUMILLACI\u00d3N, RACISMO.<\/p>\n\n\n\n<p class=\"wp-block-paragraph\">UNO DONDE SIEMPRE SE TENGA PRESENTE QUE, FORMADA POR DIFERENCIAS, LA NUESTRA ES UNA NACI\u00d3N SOBERANA E INDEPENDIENTE.<\/p>\n\n\n\n<p class=\"wp-block-paragraph\">Y NO UNA COLONIA DONDE ABUNDEN LOS SAQUEOS, LAS ARBITRARIEDADES Y LAS VERG\u00dcENZAS.<\/p>\n\n\n\n<p class=\"wp-block-paragraph\">UNO DONDE, EN LOS MOMENTOS DEFINITORIOS DE NUESTRA HISTORIA, TODAS Y TODOS PONGAMOS POR ENCIMA DE NUESTRAS DIFERENCIAS LO QUE TENEMOS EN COM\u00daN, ES DECIR, EL SER MEXICANOS.<\/p>\n\n\n\n<p class=\"wp-block-paragraph\">EL ACTUAL ES UNO DE ESOS MOMENTOS HIST\u00d3RICOS.<\/p>\n\n\n\n<p class=\"wp-block-paragraph\">EN ESTE CONGRESO NO MANDAN NI EL EJECUTIVO FEDERAL NI LOS ZAPATISTAS.<\/p>\n\n\n\n<p class=\"wp-block-paragraph\">TAMPOCO MANDA EN \u00c9L NING\u00daN PARTIDO POL\u00cdTICO.<\/p>\n\n\n\n<p class=\"wp-block-paragraph\">EL CONGRESO DE LA UNI\u00d3N EST\u00c1 FORMADO POR DIFERENTES, PERO TODOS TIENEN EN COM\u00daN EL SER LEGISLADORES Y LA PREOCUPACI\u00d3N POR EL BIENESTAR NACIONAL.<\/p>\n\n\n\n<p class=\"wp-block-paragraph\">ESA DIFERENCIA Y ESA IGUALDAD ENFRENTAN AHORA UN TIEMPO QUE LES DA LA OPORTUNIDAD DE VER MUY ADELANTE Y EN LA HORA ACTUAL VISLUMBRAR LA HORA VENIDERA.<\/p>\n\n\n\n<p class=\"wp-block-paragraph\">LLEG\u00d3 LA HORA DE NOSOTRAS Y NOSOTROS, LOS IND\u00cdGENAS MEXICANOS.<\/p>\n\n\n\n<p class=\"wp-block-paragraph\">ESTAMOS PIDIENDO QUE SE NOS RECONOZCAN NUESTRAS DIFERENCIAS Y NUESTRO SER MEXICANOS.<\/p>\n\n\n\n<p class=\"wp-block-paragraph\">AFORTUNADAMENTE PARA LOS PUEBLOS INDIOS Y PARA EL PA\u00cdS, UN GRUPO DE LEGISLADORES COMO USTEDES, ELABOR\u00d3 UNA INICIATIVA DE REFORMAS CONSTITUCIONALES QUE CUIDA TANTO EL RECONOCIMIENTO DE LOS IND\u00cdGENAS, COMO EL MANTENER Y REFORZAR, CON ESE RECONOCIMIENTO, LA SOBERAN\u00cdA NACIONAL.<\/p>\n\n\n\n<p class=\"wp-block-paragraph\">\u00c9SA ES LA \u00abINICIATIVA DE LEY DE LA COCOPA\u00bb, LLAMADA AS\u00cd PORQUE FUERON LOS MIEMBROS DE LA COMISI\u00d3N DE CONCORDIA Y PACIFICACI\u00d3N DEL CONGRESO DE LA UNI\u00d3N, DIPUTADOS Y SENADORES, LOS QUE LA HICIERON.<\/p>\n\n\n\n<p class=\"wp-block-paragraph\">NO IGNORAMOS QUE ESTA INICIATIVA DE LEY COCOPA HA RECIBIDO ALGUNAS CR\u00cdTICAS.<\/p>\n\n\n\n<p class=\"wp-block-paragraph\">DURANTE 4 A\u00d1OS SE DIO UN DEBATE QUE NINGUNA INICIATIVA DE LEY HA TENIDO A LO LARGO DE LA HISTORIA DE LA LEGISLATURA FEDERAL EN M\u00c9XICO.<\/p>\n\n\n\n<p class=\"wp-block-paragraph\">Y EN ESTE DEBATE, TODAS LAS CR\u00cdTICAS FUERON PUNTUALMENTE REFUTADAS POR LA TEOR\u00cdA Y LA PR\u00c1CTICA.<\/p>\n\n\n\n<p class=\"wp-block-paragraph\">SE ACUSA A ESTA PROPUESTA DE BALCANIZAR EL PA\u00cdS, Y SE OLVIDA QUE EL PA\u00cdS YA EST\u00c1 DIVIDIDO.<\/p>\n\n\n\n<p class=\"wp-block-paragraph\">UN M\u00c9XICO QUE PRODUCE LAS RIQUEZAS, OTRO QUE SE APROPIA DE ELLAS, Y OTRO QUE ES EL QUE DEBE TENDER LA MANO PARA RECIBIR LA LIMOSNA.<\/p>\n\n\n\n<p class=\"wp-block-paragraph\">EN ESTE PA\u00cdS FRAGMENTADO VIVIMOS LOS IND\u00cdGENAS CONDENADOS A LA VERG\u00dcENZA DE SER EL COLOR QUE SOMOS, LA LENGUA QUE HABLAMOS, EL VESTIDO QUE NOS CUBRE, LA M\u00daSICA Y LA DANZA QUE HABLAN NUESTRAS TRISTEZAS Y ALEGR\u00cdAS, NUESTRA HISTORIA.<\/p>\n\n\n\n<p class=\"wp-block-paragraph\">SE ACUSA A ESTA PROPUESTA DE CREAR RESERVACIONES INDIAS, Y SE OLVIDA QUE DE POR S\u00cd LOS IND\u00cdGENAS ESTAMOS VIVIENDO APARTADOS, SEPARADOS DE LOS DEM\u00c1S MEXICANOS Y, ADEM\u00c1S EN PELIGRO DE EXTINCI\u00d3N.<\/p>\n\n\n\n<p class=\"wp-block-paragraph\">SE ACUSA A ESTA PROPUESTA DE PROMOVER UN SISTEMA LEGAL ATRASADO, Y SE OLVIDA QUE EL ACTUAL S\u00d3LO PROMUEVE LA CONFRONTACI\u00d3N, CASTIGA AL POBRE Y LE DA IMPUNIDAD AL RICO, CONDENA NUESTRO COLOR Y CONVIERTE EN DELITO NUESTRA LENGUA.<\/p>\n\n\n\n<p class=\"wp-block-paragraph\">SE ACUSA A ESTA PROPUESTA DE CREAR EXCEPCIONES EN EL QUEHACER POL\u00cdTICO, Y SE OLVIDA QUE EN EL ACTUAL EL QUE GOBIERNA NO GOBIERNA, SINO QUE CONVIERTE SU PUESTO P\u00daBLICO EN FUENTE DE RIQUEZA PROPIA Y SE SABE IMPUNE E INTOCABLE MIENTRAS NO ACABE SU TIEMPO EN EL CARGO.<\/p>\n\n\n\n<p class=\"wp-block-paragraph\">DE TODO ESTO Y DE M\u00c1S COSAS HABLAR\u00c1N M\u00c1S DETALLADAMENTE LOS HERMANOS Y HERMANAS IND\u00cdGENAS QUE ME SEGUIR\u00c1N EN EL USO DE LA PALABRA.<\/p>\n\n\n\n<p class=\"wp-block-paragraph\">YO QUIERO HABLAR UN POCO DE ESO QUE CRITICAN A LA LEY COCOPA PORQUE LEGALIZA LA DISCRIMINACI\u00d3N Y LA MARGINACI\u00d3N DE LA MUJER IND\u00cdGENA.<\/p>\n\n\n\n<p class=\"wp-block-paragraph\">SE\u00d1ORES Y SE\u00d1ORAS DIPUTADOS Y DIPUTADAS.<\/p>\n\n\n\n<p class=\"wp-block-paragraph\">SENADORES Y SENADORAS.<\/p>\n\n\n\n<p class=\"wp-block-paragraph\">QUIERO EXPLICARLES LA SITUACI\u00d3N DE LA MUJER IND\u00cdGENA QUE VIVIMOS EN NUESTRAS COMUNIDADES, HOY QUE SEG\u00daN ESTO EST\u00c1 GARANTIZADO EN LA CONSTITUCI\u00d3N EL RESPETO A LA MUJER.<\/p>\n\n\n\n<p class=\"wp-block-paragraph\">LA SITUACI\u00d3N ES MUY DURA.<\/p>\n\n\n\n<p class=\"wp-block-paragraph\">DESDE HACE MUCHOS A\u00d1OS HEMOS VENIDO SUFRIENDO EL DOLOR, EL OLVIDO, EL DESPRECIO, LA MARGINACI\u00d3N Y LA OPRESI\u00d3N.<\/p>\n\n\n\n<p class=\"wp-block-paragraph\">SUFRIMOS EL OLVIDO PORQUE NADIE SE ACUERDA DE NOSOTRAS.<\/p>\n\n\n\n<p class=\"wp-block-paragraph\">NOS MANDARON A VIVIR HASTA EN EL RINC\u00d3N DE LAS MONTA\u00d1AS DEL PA\u00cdS PARA QUE YA NO LLEGUEN NADIE A VISITARNOS O A VER COMO VIVIMOS.<\/p>\n\n\n\n<p class=\"wp-block-paragraph\">MIENTRAS NO CONTAMOS CON LOS SERVICIOS DE AGUA POTABLE, LUZ EL\u00c9CTRICA, ESCUELA, VIVIENDA DIGNA, CARRETERAS, CL\u00cdNICAS, MENOS HOSPITALES, MIENTRAS MUCHAS DE NUESTRAS HERMANAS, MUJERES, NI\u00d1OS Y ANCIANOS MUEREN DE ENFERMEDADES CURABLES, DESNUTRICI\u00d3N Y DE PARTO, PORQUE NO HAY CL\u00cdNICAS NI HOSPITALES. DONDE SE ATIENDAN.<\/p>\n\n\n\n<p class=\"wp-block-paragraph\">SOLO EN LA CIUDAD, DONDE VIVEN LOS RICOS S\u00cd TIENEN HOSPITALES CON BUENA ATENCI\u00d3N Y TIENEN TODOS LOS SERVICIOS.<\/p>\n\n\n\n<p class=\"wp-block-paragraph\">PARA NOSOTRAS, AUNQUE HAYA EN LA CIUDAD NO NOS BENEFICIA PARA NADA, PORQUE NO TENEMOS DINERO, NO HAY MANERA COMO TRASLADAR, SI LO HAY YA NO LLEGAMOS A LA CIUDAD, EN EL CAMINO REGRESAMOS YA MUERTO.<\/p>\n\n\n\n<p class=\"wp-block-paragraph\">PRINCIPALMENTE LAS MUJERES, SON ELLAS LAS QUE SIENTEN EL DOLOR DEL PARTO, ELLAS VEN MORIR SUS HIJOS EN SUS BRAZOS POR DESNUTRICI\u00d3N, POR FALTA DE ATENCI\u00d3N, TAMBI\u00c9N VEN SUS HIJOS DESCALZOS, SIN ROPA PORQUE NO ALCANZA EL DINERO PARA COMPRARLE PORQUE SON ELLAS QUE CUIDAN SUS HOGARES, VEN QU\u00c9 LE HACE FALTA PARA SU ALIMENTACI\u00d3N.<\/p>\n\n\n\n<p class=\"wp-block-paragraph\">TAMBI\u00c9N CARGAN SU AGUA DE 2 A 3 HORAS DE CAMINO CON C\u00c1NTARO Y CARGANDO SU HIJO Y LO HACE TODO LO QUE HACE DENTRO DE LA COCINA.<\/p>\n\n\n\n<p class=\"wp-block-paragraph\">DESDE MUY PEQUE\u00d1A EMPEZAMOS A TRABAJAR COSAS SENCILLAS.<\/p>\n\n\n\n<p class=\"wp-block-paragraph\">YA GRANDE SALE A TRABAJAR EN EL CAMPO, A SEMBRAR, LIMPIAR Y CARGAR SU NI\u00d1O.<\/p>\n\n\n\n<p class=\"wp-block-paragraph\">MIENTRAS LOS HOMBRES SE VAN A TRABAJAR EN LAS FINCAS CAFETALERAS Y CA\u00d1ERAS PARA CONSEGUIR UN POCO DE DINERO PARA PODER SOBREVIVIR CON SU FAMILIA, A VECES YA NO REGRESAN PORQUE SE MUEREN DE ENFERMEDAD.<\/p>\n\n\n\n<p class=\"wp-block-paragraph\">NO DA TIEMPO PARA REGRESAR EN SU CASA O SI REGRESAN, REGRESAN ENFERMOS, SIN DINERO, A VECES YA MUERTO.<\/p>\n\n\n\n<p class=\"wp-block-paragraph\">AS\u00cd QUEDA CON M\u00c1S DOLOR LA MUJER PORQUE QUEDA SOLA CUIDANDO SUS HIJOS.<\/p>\n\n\n\n<p class=\"wp-block-paragraph\">TAMBI\u00c9N SUFRIMOS EL DESPRECIO Y LA MARGINACI\u00d3N DESDE QUE NACIMOS POR QUE NO NOS CUIDAN BIEN.<\/p>\n\n\n\n<p class=\"wp-block-paragraph\">COMO SOMOS NI\u00d1AS PIENSAN QUE NOSOTROS NO VALEMOS, NO SABEMOS PENSAR, NI TRABAJAR, COMO VIVIR NUESTRA VIDA.<\/p>\n\n\n\n<p class=\"wp-block-paragraph\">POR ESO MUCHAS DE LAS MUJERES SOMOS ANALFABETAS PORQUE NO TUVIMOS LA OPORTUNIDAD DE IR A LA ESCUELA.<\/p>\n\n\n\n<p class=\"wp-block-paragraph\">YA CUANDO ESTAMOS UN POCO GRANDE NUESTROS PADRES NOS OBLIGAN A CASAR A LA FUERZA, NO IMPORTA SI NO QUEREMOS, NO NOS TOMAN CONSENTIMIENTO.<\/p>\n\n\n\n<p class=\"wp-block-paragraph\">ABUSAN DE NUESTRA DECISI\u00d3N, NOSOTRAS COMO MUJER NOS GOLPEA, NOS MALTRATA POR NUESTROS PROPIOS ESPOSOS O FAMILIARES, NO PODEMOS DECIR NADA PORQUE NOS DICEN QUE NO TENEMOS DERECHO DE DEFENDERNOS.<\/p>\n\n\n\n<p class=\"wp-block-paragraph\">A NOSOTRAS LAS MUJERES IND\u00cdGENAS, NOS BURLAN LOS LADINOS Y LOS RICOS POR NUESTRA FORMA DE VESTIR, DE HABLAR, NUESTRA LENGUA, NUESTRA FORMA DE REZAR Y DE CURAR Y POR NUESTRO COLOR, QUE SOMOS EL COLOR DE LA TIERRA QUE TRABAJAMOS.<\/p>\n\n\n\n<p class=\"wp-block-paragraph\">SIEMPRE EN LA TIERRA PORQUE EN ELLA VIVIMOS, TAMBI\u00c9N NO NOS PERMITE NUESTRA PARTICIPACI\u00d3N EN OTROS TRABAJOS.<\/p>\n\n\n\n<p class=\"wp-block-paragraph\">NOS DICEN QUE SOMOS COCHINAS, QUE NO NOS BA\u00d1AMOS POR SER IND\u00cdGENA.<\/p>\n\n\n\n<p class=\"wp-block-paragraph\">NOSOTRAS LAS MUJERES IND\u00cdGENAS NO TENEMOS LAS MISMAS OPORTUNIDADES QUE LOS HOMBRES, LOS QUE TIENEN TODO EL DERECHO DE DECIDIR DE TODO.<\/p>\n\n\n\n<p class=\"wp-block-paragraph\">SOLO ELLOS TIENEN EL DERECHO A LA TIERRA Y LA MUJER NO TIENE DERECHO COMO QUE NO PODEMOS TRABAJAR TAMBI\u00c9N LA TIERRA Y COMO QUE NO SOMOS SERES HUMANOS, SUFRIMOS LA DESIGUALDAD.<\/p>\n\n\n\n<p class=\"wp-block-paragraph\">TODA ESTA SITUACI\u00d3N LOS MALOS GOBIERNOS LOS ENSE\u00d1ARON.<\/p>\n\n\n\n<p class=\"wp-block-paragraph\">LAS MUJERES IND\u00cdGENAS NO TENEMOS BUENA ALIMENTACI\u00d3N, NO TENEMOS VIVIENDA DIGNA, NO TENEMOS NI UN SERVICIO DE SALUD, NI ESTUDIOS.<\/p>\n\n\n\n<p class=\"wp-block-paragraph\">NO TENEMOS PROYECTO PARA TRABAJAR, AS\u00cd SOBREVIVIMOS LA MISERIA, ESTA POBREZA ES POR EL ABANDONO DEL GOBIERNO QUE NUNCA NOS HA HECHO CASO COMO IND\u00cdGENA Y NO NOS HAN TOMADO EN CUENTA, NOS HA TRATADO COMO CUALQUIER COSA.<\/p>\n\n\n\n<p class=\"wp-block-paragraph\">DICE QUE NOS MANDA APOYO COMO PROGRESA, PERO ELLOS LO HACEN CON INTENCI\u00d3N PARA DESTRUIRNOS Y DIVIDIRNOS.<\/p>\n\n\n\n<p class=\"wp-block-paragraph\">AS\u00cd ES DE POR S\u00cd LA VIDA Y LA MUERTE DE NOSOTRAS LAS MUJERES IND\u00cdGENAS.<\/p>\n\n\n\n<p class=\"wp-block-paragraph\">Y NOS DICEN QUE LA LEY COCOPA VA A HACER QUE NOS MARGINEN.<\/p>\n\n\n\n<p class=\"wp-block-paragraph\">ES LA LEY DE AHORA LA QUE PERMITE QUE NOS MARGINEN Y QUE NOS HUMILLEN.<\/p>\n\n\n\n<p class=\"wp-block-paragraph\">POR ESO NOSOTRAS NOS DECIDIMOS A ORGANIZAR PARA LUCHAR COMO MUJER ZAPATISTA.<\/p>\n\n\n\n<p class=\"wp-block-paragraph\">PARA CAMBIAR LA SITUACI\u00d3N PORQUE YA ESTAMOS CANSADAS DE TANTO SUFRIMIENTO SIN TENER NUESTROS DERECHOS.<\/p>\n\n\n\n<p class=\"wp-block-paragraph\">NO LES CUENTO TODO ESTO PARA QUE NOS TENGAN L\u00c1STIMA O NOS VENGAN A SALVAR DE ESOS ABUSOS.<\/p>\n\n\n\n<p class=\"wp-block-paragraph\">NOSOTRAS HEMOS LUCHADO POR CAMBIAR ESO Y LO SEGUIREMOS HACIENDO.<\/p>\n\n\n\n<p class=\"wp-block-paragraph\">PERO NECESITAMOS QUE SE RECONOZCA NUESTRA LUCHA EN LAS LEYES PORQUE HASTA AHORA NO EST\u00c1 RECONOCIDA.<\/p>\n\n\n\n<p class=\"wp-block-paragraph\">S\u00cd EST\u00c1, PERO S\u00d3LO COMO MUJERES Y NI SIQUIERA AH\u00cd EST\u00c1 CABAL.<\/p>\n\n\n\n<p class=\"wp-block-paragraph\">NOSOTRAS ADEM\u00c1S DE MUJERES SOMOS IND\u00cdGENAS Y AS\u00cd NO ESTAMOS RECONOCIDAS.<\/p>\n\n\n\n<p class=\"wp-block-paragraph\">NOSOTRAS SABEMOS CUALES SON BUENOS Y CUALES SON MALOS LOS USOS Y COSTUMBRES.<\/p>\n\n\n\n<p class=\"wp-block-paragraph\">MALAS SON DE PAGAR Y GOLPEAR A LA MUJER, DE VENTA Y COMPRA, DE CASAR A LA FUERZA SIN QUE ELLA QUIERE, DE QUE NO PUEDE PARTICIPAR EN ASAMBLEA, DE QUE NO PUEDE SALIR EN SU CASA.<\/p>\n\n\n\n<p class=\"wp-block-paragraph\">POR ESO QUEREMOS QUE SE APRUEBE LA LEY DE DERECHOS Y CULTURA IND\u00cdGENA, ES MUY IMPORTANTE PARA NOSOTROS LAS MUJERES IND\u00cdGENAS DE TODO M\u00c9XICO.<\/p>\n\n\n\n<p class=\"wp-block-paragraph\">VA A SERVIR PARA QUE SEAMOS RECONOCIDAS Y RESPETADAS COMO MUJER E IND\u00cdGENA QUE SOMOS.<\/p>\n\n\n\n<p class=\"wp-block-paragraph\">ESO QUIERE DECIR QUE QUEREMOS QUE SEA RECONOCIDA NUESTRA FORMA DE VESTIR, DE HABLAR, DE GOBERNAR, DE ORGANIZAR, DE REZAR, DE CURAR, NUESTRA FORMA DE TRABAJAR EN COLECTIVOS, DE RESPETAR LA TIERRA Y DE ENTENDER LA VIDA, QUE ES LA NATURALEZA QUE SOMOS PARTE DE ELLA.<\/p>\n\n\n\n<p class=\"wp-block-paragraph\">EN ESTA LEY EST\u00c1N INCLUIDOS NUESTROS DERECHOS COMO MUJER QUE YA NADIE PUEDE IMPEDIR NUESTRA PARTICIPACI\u00d3N, NUESTRA DIGNIDAD E INTEGRIDAD DE CUALQUIER TRABAJO, IGUAL QUE LOS HOMBRES.<\/p>\n\n\n\n<p class=\"wp-block-paragraph\">POR ESO QUEREMOS DECIRLE PARA TODOS LOS DIPUTADOS Y SENADORES PARA QUE CUMPLAN CON SU DEBER, SEAN VERDADEROS REPRESENTANTES DEL PUEBLO.<\/p>\n\n\n\n<p class=\"wp-block-paragraph\">USTEDES DIJERON QUE IBAN A SERVIR AL PUEBLO QUE VAN A HACER LEYES PARA EL PUEBLO.<\/p>\n\n\n\n<p class=\"wp-block-paragraph\">CUMPLAN SUS PALABRA, LO QUE SE COMPROMETIERON AL PUEBLO.<\/p>\n\n\n\n<p class=\"wp-block-paragraph\">ES EL MOMENTO DE APROBAR LA INICIATIVA DE LEY DE LA COCOPA.<\/p>\n\n\n\n<p class=\"wp-block-paragraph\">LOS QUE VOTARON A FAVOR DE USTEDES Y LOS QUE NO PERO QUE TAMBI\u00c9N SON PUEBLOS SIGUEN SEDIENTO DE PAZ, DE JUSTICIA, DE HAMBRE.<\/p>\n\n\n\n<p class=\"wp-block-paragraph\">YA NO PERMITAN QUE NADIE PONGA EN VERG\u00dcENZA NUESTRA DIGNIDAD.<\/p>\n\n\n\n<p class=\"wp-block-paragraph\">SE LOS PEDIMOS COMO MUJERES, COMO POBRES, COMO IND\u00cdGENAS Y COMO ZAPATISTAS.<\/p>\n\n\n\n<p class=\"wp-block-paragraph\">SE\u00d1ORAS Y SE\u00d1ORES LEGISLADORAS Y LEGISLADORES:<\/p>\n\n\n\n<p class=\"wp-block-paragraph\">USTEDES HAN SIDO SENSIBLES A UN CLAMOR QUE NO ES S\u00d3LO DE LOS ZAPATISTAS, NI S\u00d3LO DE LOS PUEBLOS INDIOS, SINO DE TODO EL PUEBLO DE M\u00c9XICO.<\/p>\n\n\n\n<p class=\"wp-block-paragraph\">NO S\u00d3LO DE LOS QUE SON POBRES COMO NOSOTROS, TAMBI\u00c9N DE GENTE QUE VIVE CON ACOMODO.<\/p>\n\n\n\n<p class=\"wp-block-paragraph\">SU SENSIBILIDAD COMO LEGISLADORES PERMITI\u00d3 QUE UNA LUZ ALUMBRARA LA OSCURA NOCHE EN QUE LOS IND\u00cdGENAS NACEMOS, CRECEMOS, VIVIMOS Y MORIMOS.<\/p>\n\n\n\n<p class=\"wp-block-paragraph\">ESA LUZ ES EL DI\u00c1LOGO.<\/p>\n\n\n\n<p class=\"wp-block-paragraph\">ESTAMOS SEGUROS DE QUE USTEDES NO CONFUNDEN LA JUSTICIA CON LA LIMOSNA.<\/p>\n\n\n\n<p class=\"wp-block-paragraph\">Y QUE HAN SABIDO RECONOCER EN NUESTRA DIFERENCIA LA IGUALDAD QUE COMO SERES HUMANOS Y COMO MEXICANOS COMPARTIMOS CON USTEDES Y CON TODO EL PUEBLO DE M\u00c9XICO.<\/p>\n\n\n\n<p class=\"wp-block-paragraph\">SALUDAMOS QUE NOS ESCUCHEN Y POR ESO QUEREMOS APROVECHAR SU O\u00cdDO ATENTO PARA DECIR ALGO IMPORTANTE:<\/p>\n\n\n\n<p class=\"wp-block-paragraph\">EL ANUNCIO DE LA DESOCUPACI\u00d3N MILITAR DE GUADALUPE TEPEYAC, LA GARRUCHA Y R\u00cdO EUSEBA, Y LAS MEDIDAS QUE SE EST\u00c1N TOMANDO PARA CUMPLIR CON ESTO, NO PUEDEN PASAR DESAPERCIBIDAS PARA EL EZLN.<\/p>\n\n\n\n<p class=\"wp-block-paragraph\">EL SE\u00d1OR VICENTE FOX EST\u00c1 RESPONDIENDO YA A UNA DE LAS PREGUNTAS QUE NUESTROS PUEBLOS LE HAC\u00cdAN A TRAV\u00c9S DE NOSOTROS:<\/p>\n\n\n\n<p class=\"wp-block-paragraph\">\u00c9L ES EL COMANDANTE SUPREMO DEL EJ\u00c9RCITO FEDERAL Y \u00c9STE RESPONDE A SUS \u00d3RDENES, SEA PARA BIEN O SEA PARA MAL.<\/p>\n\n\n\n<p class=\"wp-block-paragraph\">EN ESTE CASO, SUS \u00d3RDENES HAN SIDO SE\u00d1AL DE PAZ Y POR ESO NOSOTROS, LOS COMANDANTES Y LAS COMANDANTAS DEL EZLN, TAMBI\u00c9N DAREMOS \u00d3RDENES DE PAZ A NUESTRAS FUERZAS:<\/p>\n\n\n\n<p class=\"wp-block-paragraph\">PRIMERO. &#8211; ORDENAMOS AL COMPA\u00d1ERO SUBCOMANDANTE INSURGENTE MARCOS QUE, COMO MANDO MILITAR QUE ES DE LAS FUERZAS REGULARES E IRREGULARES DEL EZLN, DISPONGA LO NECESARIO PARA QUE NO SE REALICE NING\u00daN AVANCE MILITAR DE NUESTRAS FUERZAS SOBRE LAS POSICIONES QUE HA DESOCUPADO EL EJ\u00c9RCITO FEDERAL, Y QUE ORDENE QUE NUESTRAS FUERZAS SE MANTENGAN EN SUS POSICIONES ACTUALES DE MONTA\u00d1A.<\/p>\n\n\n\n<p class=\"wp-block-paragraph\">A UNA SE\u00d1AL DE PAZ NO RESPONDEREMOS CON UNA SE\u00d1AL DE GUERRA.<\/p>\n\n\n\n<p class=\"wp-block-paragraph\">LAS ARMAS ZAPATISTAS NO SUPLIR\u00c1N A LAS ARMAS GUBERNAMENTALES.<\/p>\n\n\n\n<p class=\"wp-block-paragraph\">LA POBLACI\u00d3N CIVIL QUE HABITA EN LOS LUGARES DESOCUPADOS POR EL EJ\u00c9RCITO FEDERAL TIENE NUESTRA PALABRA DE QUE NUESTRA FUERZA MILITAR NO SER\u00c1 EMPLEADA PARA DIRIMIR CONFLICTOS O DESACUERDOS.<\/p>\n\n\n\n<p class=\"wp-block-paragraph\">INVITAMOS A LA SOCIEDAD CIVIL NACIONAL E INTERNACIONAL PARA QUE INSTALE EN ESOS LUGARES CAMPAMENTOS DE PAZ Y PUESTOS DE OBSERVACI\u00d3N CIVIL Y CERTIFIQUE AS\u00cd QUE NO HABR\u00c1 PRESENCIA ARMADA DE LOS ZAPATISTAS.<\/p>\n\n\n\n<p class=\"wp-block-paragraph\">SEGUNDO.- LE ESTAMOS DANDO INSTRUCCIONES AL ARQUITECTO FERNANDO Y\u00c1\u00d1EZ MU\u00d1OZ PARA QUE, A LA BREVEDAD POSIBLE, SE PONGA EN CONTACTO CON LA COMISI\u00d3N DE CONCORDIA Y PACIFICACI\u00d3N Y CON EL COMISIONADO GUBERNAMENTAL DE PAZ, SE\u00d1OR LUIS H\u00c9CTOR \u00c1LVAREZ, Y LES PROPONGA QUE, JUNTOS, VIAJEN AL SURORIENTAL ESTADO DE CHIAPAS Y CERTIFIQUEN PERSONALMENTE QUE LAS SIETE POSICIONES EST\u00c1N LIBRES DE TODA PRESENCIA MILITAR Y QUE SE HA CUMPLIDO AS\u00cd UNA DE LAS TRES SE\u00d1ALES DEMANDADAS POR EL EZLN PARA EL REINICIO DEL DI\u00c1LOGO.<\/p>\n\n\n\n<p class=\"wp-block-paragraph\">TERCERO.- ASIMISMO ESTAMOS INSTRUYENDO AL ARQUITECTO FERNANDO Y\u00c1\u00d1EZ MU\u00d1OZ PARA QUE SE ACREDITE ANTE EL GOBIERNO FEDERAL QUE ENCABEZA VICENTE FOX, EN CALIDAD DE CORREO OFICIAL DEL EZLN CON EL COMISIONADO GUBERNAMENTAL DE PAZ, Y TRABAJE COORDINADAMENTE PARA CONSEGUIR LO M\u00c1S PRONTO POSIBLE EL CUMPLIMIENTO DE LAS DOS SE\u00d1ALES RESTANTES Y SE PUEDA AS\u00cd REINICIAR FORMALMENTE EL DI\u00c1LOGO: LA LIBERACI\u00d3N DE TODOS LOS ZAPATISTAS PRESOS Y EL RECONOCIMIENTO CONSTITUCIONAL DE LOS DERECHOS Y LA CULTURA IND\u00cdGENAS DE ACUERDO A LA INICIATIVA DE LEY DE LA COCOPA.<\/p>\n\n\n\n<p class=\"wp-block-paragraph\">EL EJECUTIVO FEDERAL TIENE YA, A PARTIR DE AHORA, UN MEDIO SEGURO, CONFIABLE Y DISCRETO PARA AVANZAR EN LAS CONDICIONES QUE PERMITAN UN DI\u00c1LOGO DIRECTO DEL COMISIONADO DE PAZ CON EL EZLN. ESPERAMOS QUE HAGA BUEN USO DE \u00c9L.<\/p>\n\n\n\n<p class=\"wp-block-paragraph\">CUARTO. &#8211; SOLICITAMOS RESPETUOSAMENTE AL CONGRESO DE LA UNI\u00d3N QUE, EN LA MEDIDA EN QUE ES AQU\u00cd DONDE LA PUERTA DEL DI\u00c1LOGO Y LA PAZ SE HA ABIERTO, FACILITE UN LUGAR DENTRO DE SU ESPACIO PARA QUE SE D\u00c9, SI AS\u00cd LO ACEPTA EL COMISIONADO GUBERNAMENTAL DE PAZ, ESTE PRIMER ENCUENTRO ENTRE EL GOBIERNO FEDERAL Y EL ENLACE DEL EZLN.<\/p>\n\n\n\n<p class=\"wp-block-paragraph\">EN CASO DE NEGATIVA DEL CONGRESO DE LA UNI\u00d3N, MISMA QUE SABREMOS ENTENDER, SE INSTRUYE AL ARQUITECTO Y\u00c1\u00d1EZ PARA QUE DICHO ENCUENTRO SE REALICE DONDE SE CONSIDERE PERTINENTE, SIEMPRE Y CUANDO SEA UN LUGAR NEUTRAL, Y QUE SE INFORME A LA OPINI\u00d3N P\u00daBLICA DE LO QUE AH\u00cd SE ACUERDE.<\/p>\n\n\n\n<p class=\"wp-block-paragraph\">SE\u00d1ORAS Y SE\u00d1ORES LEGISLADORAS Y LEGISLADORES:<\/p>\n\n\n\n<p class=\"wp-block-paragraph\">DE ESTA FORMA DEJAMOS CLARA NUESTRA DISPOSICI\u00d3N AL DI\u00c1LOGO, A LA CONSTRUCCI\u00d3N DE ACUERDOS Y AL LOGRO DE LA PAZ.<\/p>\n\n\n\n<p class=\"wp-block-paragraph\">SI AHORA SE PUEDE VER CON OPTIMISMO EL CAMINO DE LA PAZ EN CHIAPAS ES GRACIAS A LA MOVILIZACI\u00d3N DE MUCHA GENTE EN M\u00c9XICO Y EN EL MUNDO.<\/p>\n\n\n\n<p class=\"wp-block-paragraph\">A ELLA LE AGRADECEMOS ESPECIALMENTE.<\/p>\n\n\n\n<p class=\"wp-block-paragraph\">TAMBI\u00c9N HA SIDO POSIBLE POR UN GRUPO DE LEGISLADORES Y LEGISLADORAS, QUE AHORA EST\u00c1N FRENTE M\u00cdO, QUE HAN SABIDO ABRIR EL ESPACIO, EL O\u00cdDO Y EL CORAZ\u00d3N A UNA PALABRA QUE ES LEG\u00cdTIMA Y JUSTA.<\/p>\n\n\n\n<p class=\"wp-block-paragraph\">A UNA PALABRA QUE TIENE DE SU LADO A LA RAZ\u00d3N, LA HISTORIA, LA VERDAD Y LA JUSTICIA Y QUE, SIN EMBARGO, NO TIENE A\u00daN DE SU LADO A LA LEY.<\/p>\n\n\n\n<p class=\"wp-block-paragraph\">CUANDO SE RECONOZCAN CONSTITUCIONALMENTE LOS DERECHOS Y LA CULTURA IND\u00cdGENAS DE ACUERDO A LA INICIATIVA DE LEY DE LA COCOPA, LA LEY EMPEZAR\u00c1 A UNIR SU HORA A LA HORA DE LOS PUEBLOS INDIOS.<\/p>\n\n\n\n<p class=\"wp-block-paragraph\">LOS LEGISLADORES QUE HOY NOS ABREN PUERTA Y CORAZ\u00d3N TENDR\u00c1N ENTONCES LA SATISFACCI\u00d3N DEL DEBER CUMPLIDO.<\/p>\n\n\n\n<p class=\"wp-block-paragraph\">Y ESO NO SE MIDE EN CANTIDAD DE DINERO, PERO S\u00cd EN DIGNIDAD.<\/p>\n\n\n\n<p class=\"wp-block-paragraph\">ENTONCES, ESE D\u00cdA, LOS MILLONES DE MEXICANOS Y MEXICANAS Y DE OTROS PA\u00cdSES SABR\u00c1N QUE TODOS LOS SUFRIMIENTOS QUE HAN TENIDO EN ESTOS D\u00cdAS Y EN LOS QUE VIENEN NO FUERON EN VANO.<\/p>\n\n\n\n<p class=\"wp-block-paragraph\">Y SI HOY SOMOS IND\u00cdGENAS, DESPU\u00c9S SEREMOS TODOS LOS OTROS Y OTRAS QUE SON MUERTOS, PERSEGUIDOS Y ENCARCELADOS POR RAZ\u00d3N DE SU DIFERENCIA.<\/p>\n\n\n\n<p class=\"wp-block-paragraph\">SE\u00d1ORAS Y SE\u00d1ORES LEGISLADORAS Y LEGISLADORES:<\/p>\n\n\n\n<p class=\"wp-block-paragraph\">SOY UNA MUJER IND\u00cdGENA Y ZAPATISTA.<\/p>\n\n\n\n<p class=\"wp-block-paragraph\">POR MI VOZ HABLARON NO S\u00d3LO LOS CIENTOS DE MILES DE ZAPATISTAS DEL SURESTE MEXICANO.<\/p>\n\n\n\n<p class=\"wp-block-paragraph\">TAMBI\u00c9N HABLARON MILLONES DE IND\u00cdGENAS DE TODO EL PA\u00cdS Y LA MAYOR\u00cdA DEL PUEBLO MEXICANO.<\/p>\n\n\n\n<p class=\"wp-block-paragraph\">MI VOZ NO FALT\u00d3 AL RESPETO A NADIE, PERO TAMPOCO VINO A PEDIR LIMOSNAS.<\/p>\n\n\n\n<p class=\"wp-block-paragraph\">MI VOZ VINO A PEDIR JUSTICIA, LIBERTAD Y DEMOCRACIA PARA LOS PUEBLOS INDIOS.<\/p>\n\n\n\n<p class=\"wp-block-paragraph\">MI VOZ DEMAND\u00d3 Y DEMANDA RECONOCIMIENTO CONSTITUCIONAL DE NUESTROS DERECHOS Y NUESTRA CULTURA.<\/p>\n\n\n\n<p class=\"wp-block-paragraph\">Y VOY A TERMINAR MI PALABRA CON UN GRITO CON EL QUE TODAS Y TODOS USTEDES, LOS QUE EST\u00c1N Y LOS QUE NO EST\u00c1N, VAN A ESTAR DE ACUERDO:<\/p>\n\n\n\n<p class=\"wp-block-paragraph\">\u00a1CON LOS PUEBLOS INDIOS!<\/p>\n\n\n\n<p class=\"wp-block-paragraph\">\u00a1VIVA M\u00c9XICO!<\/p>\n\n\n\n<p class=\"wp-block-paragraph\">\u00a1VIVA M\u00c9XICO!<\/p>\n\n\n\n<p class=\"wp-block-paragraph\">\u00a1VIVA M\u00c9XICO!<\/p>\n\n\n\n<p class=\"wp-block-paragraph\">\u00a1DEMOCRACIA!<\/p>\n\n\n\n<p class=\"wp-block-paragraph\">\u00a1LIBERTAD!<\/p>\n\n\n\n<p class=\"wp-block-paragraph\">\u00a1JUSTICIA!<\/p>\n\n\n\n<p class=\"wp-block-paragraph\">DESDE EL PALACIO LEGISLATIVO DE SAN L\u00c1ZARO, CONGRESO DE LA UNI\u00d3N.<\/p>\n\n\n\n<p class=\"wp-block-paragraph\">COMIT\u00c9 CLANDESTINO REVOLUCIONARIO IND\u00cdGENA-COMANDANCIA GENERAL DEL<\/p>\n\n\n\n<p class=\"wp-block-paragraph\">EJ\u00c9RCITO ZAPATISTA DE LIBERACI\u00d3N NACIONAL.<\/p>\n\n\n\n<p class=\"wp-block-paragraph\">M\u00c9XICO, MARZO 28 DEL 2001.<\/p>\n\n\n\n<p class=\"wp-block-paragraph\">MUCHAS GRACIAS RPM\/AGB&nbsp;<\/p>\n\n\n\n<p class=\"wp-block-paragraph\">0-0-0&nbsp;<\/p>\n\n\n\n<p class=\"wp-block-paragraph\">&#8230;<\/p>\n","protected":false},"excerpt":{"rendered":"<p>Se presenta en el Senado de la Rep\u00fablica un testimonio de cuando en el Congreso hab\u00eda pluralidad racional y entendimiento de las diferencias<\/p>\n","protected":false},"author":3,"featured_media":62822,"comment_status":"open","ping_status":"open","sticky":false,"template":"","format":"standard","meta":{"_monsterinsights_skip_tracking":false,"footnotes":""},"categories":[50],"tags":[],"class_list":["post-62820","post","type-post","status-publish","format-standard","has-post-thumbnail","category-congreso"],"_links":{"self":[{"href":"https:\/\/redsemlac.com\/semmexico\/wp-json\/wp\/v2\/posts\/62820","targetHints":{"allow":["GET"]}}],"collection":[{"href":"https:\/\/redsemlac.com\/semmexico\/wp-json\/wp\/v2\/posts"}],"about":[{"href":"https:\/\/redsemlac.com\/semmexico\/wp-json\/wp\/v2\/types\/post"}],"author":[{"embeddable":true,"href":"https:\/\/redsemlac.com\/semmexico\/wp-json\/wp\/v2\/users\/3"}],"replies":[{"embeddable":true,"href":"https:\/\/redsemlac.com\/semmexico\/wp-json\/wp\/v2\/comments?post=62820"}],"version-history":[{"count":0,"href":"https:\/\/redsemlac.com\/semmexico\/wp-json\/wp\/v2\/posts\/62820\/revisions"}],"wp:featuredmedia":[{"embeddable":true,"href":"https:\/\/redsemlac.com\/semmexico\/wp-json\/wp\/v2\/media\/62822"}],"wp:attachment":[{"href":"https:\/\/redsemlac.com\/semmexico\/wp-json\/wp\/v2\/media?parent=62820"}],"wp:term":[{"taxonomy":"category","embeddable":true,"href":"https:\/\/redsemlac.com\/semmexico\/wp-json\/wp\/v2\/categories?post=62820"},{"taxonomy":"post_tag","embeddable":true,"href":"https:\/\/redsemlac.com\/semmexico\/wp-json\/wp\/v2\/tags?post=62820"}],"curies":[{"name":"wp","href":"https:\/\/api.w.org\/{rel}","templated":true}]}}