{"id":62811,"date":"2023-02-17T14:54:32","date_gmt":"2023-02-17T20:54:32","guid":{"rendered":"https:\/\/redsemlac.com\/semmexico\/?p=62811"},"modified":"2023-02-17T14:54:34","modified_gmt":"2023-02-17T20:54:34","slug":"la-vida-y-la-lucha-de-benita-galeana-la-leona-de-tampico","status":"publish","type":"post","link":"https:\/\/redsemlac.com\/semmexico\/la-vida-y-la-lucha-de-benita-galeana-la-leona-de-tampico\/","title":{"rendered":"<strong>La vida y la lucha de Benita Galeana, La Leona de Tampico<\/strong>"},"content":{"rendered":"\n<ul class=\"wp-block-list\">\n<li><strong>Escritora feminista, sufragista, sindicalista y activista mexicana en pro de los derechos de las mujeres y los derechos de las y los trabajadores.\u200b\u200b\u200b\u200b<\/strong><\/li>\n<\/ul>\n\n\n\n<p class=\"wp-block-paragraph\"><strong>Redacci\u00f3n<\/strong><\/p>\n\n\n\n<p class=\"wp-block-paragraph\">SemM\u00e9xico, Ciudad de M\u00e9xico, 17 de febrero del 2023.- Benita Galeana fue una mujer mexicana que luch\u00f3 por la independencia de M\u00e9xico en el siglo XIX. Naci\u00f3 en 1805 en una familia humilde y trabaj\u00f3 en el campo desde joven. En 1810, cuando ten\u00eda 5 a\u00f1os, estall\u00f3 la Guerra de Independencia, y su familia apoy\u00f3 a los insurgentes.<\/p>\n\n\n\n<p class=\"wp-block-paragraph\">En 1817, Benita fue capturada junto con su madre y sus hermanas por las fuerzas realistas y llevada a la c\u00e1rcel en la Ciudad de M\u00e9xico. All\u00ed, fue torturada y encarcelada durante varios a\u00f1os, hasta que finalmente fue liberada en 1821, cuando M\u00e9xico logr\u00f3 su independencia.<\/p>\n\n\n\n<blockquote class=\"wp-block-quote is-layout-flow wp-block-quote-is-layout-flow\">\n<p class=\"has-text-align-center wp-block-paragraph\"><em>\u201cMe choca esa palabra: no le encuentro<\/em> <em>chiste. El feminismo no me convence. Me<\/em> <em>desagrada ese sello: soy una luchadora Social y punto\u201d.<\/em><\/p>\n<cite><strong><em>Entrevista a Benita Galeana, El B\u00faho, 14 de agosto de 1994<\/em><\/strong><\/cite><\/blockquote>\n\n\n\n<p class=\"wp-block-paragraph\">Tras su liberaci\u00f3n, Benita se uni\u00f3 a las fuerzas insurgentes y luch\u00f3 en varias batallas importantes, como la Batalla de Tampico en 1829 y la Batalla de la Alcantarilla en 1832. Tambi\u00e9n se desempe\u00f1\u00f3 como esp\u00eda y mensajera para las fuerzas insurgentes, y ayud\u00f3 a planear y ejecutar numerosas misiones.<\/p>\n\n\n\n<p class=\"wp-block-paragraph\">Una de las an\u00e9cdotas m\u00e1s famosas de la vida de Benita Galeana se refiere a su participaci\u00f3n en la Batalla de Tampico. Durante la batalla, Benita se disfraz\u00f3 de hombre y luch\u00f3 junto a las fuerzas insurgentes. Seg\u00fan la leyenda, sus habilidades en la lucha y su valent\u00eda impresionaron tanto a los l\u00edderes insurgentes que se gan\u00f3 el apodo de \u201cLa Leona de Tampico\u201d.<\/p>\n\n\n\n<p class=\"wp-block-paragraph\">Benita Galeana continu\u00f3 luchando por la independencia de M\u00e9xico hasta su muerte en 1861. Fue una figura importante en la historia de M\u00e9xico, y es recordada como una hero\u00edna y s\u00edmbolo de la lucha por la libertad y la justicia.<\/p>\n\n\n\n<p class=\"wp-block-paragraph\">Benita es autora de dos obras autobiogr\u00e1ficas: Benita y El peso mocho. En la primera da una visi\u00f3n muy personal de la Revoluci\u00f3n y de la dura vida que lleva la mujer campesina y obrera; describe los crueles momentos que vivi\u00f3 desde su infancia hasta cuando se convirti\u00f3 en activista pol\u00edtica. En la segunda, publicada treinta y nueve a\u00f1os despu\u00e9s, re\u00fane diez relatos en los que recrea las costumbres y tradiciones del pueblo de San Jer\u00f3nimo en la \u00e9poca revolucionaria. En Actos fallidos relata su vida al lado de escritores como Jos\u00e9 Revueltas, en la \u00e9poca de Manuel \u00c1vila Camacho.<\/p>\n\n\n\n<p class=\"wp-block-paragraph\">Te puede interesar <a href=\"https:\/\/redsemlac.com\/semmexico\/benita-galeana-lacunza-una-mujer-comunista-que-dejo-huella\/\">https:\/\/redsemlac.com\/semmexico\/benita-galeana-lacunza-una-mujer-comunista-que-dejo-huella\/<\/a><\/p>\n\n\n\n<p class=\"wp-block-paragraph\">Con informaci\u00f3n de Maya Comunicaci\u00f3n<\/p>\n\n\n\n<p class=\"wp-block-paragraph\">SEM\/MG<\/p>\n","protected":false},"excerpt":{"rendered":"<p>Escritora feminista, sufragista, sindicalista y activista mexicana en pro de los derechos de las mujeres y los derechos de las y los trabajadores.\u200b\u200b\u200b\u200b<\/p>\n","protected":false},"author":3,"featured_media":62812,"comment_status":"open","ping_status":"open","sticky":false,"template":"","format":"standard","meta":{"_monsterinsights_skip_tracking":false,"footnotes":""},"categories":[66,54],"tags":[],"class_list":["post-62811","post","type-post","status-publish","format-standard","has-post-thumbnail","category-extraordinarias","category-mujeres"],"_links":{"self":[{"href":"https:\/\/redsemlac.com\/semmexico\/wp-json\/wp\/v2\/posts\/62811","targetHints":{"allow":["GET"]}}],"collection":[{"href":"https:\/\/redsemlac.com\/semmexico\/wp-json\/wp\/v2\/posts"}],"about":[{"href":"https:\/\/redsemlac.com\/semmexico\/wp-json\/wp\/v2\/types\/post"}],"author":[{"embeddable":true,"href":"https:\/\/redsemlac.com\/semmexico\/wp-json\/wp\/v2\/users\/3"}],"replies":[{"embeddable":true,"href":"https:\/\/redsemlac.com\/semmexico\/wp-json\/wp\/v2\/comments?post=62811"}],"version-history":[{"count":0,"href":"https:\/\/redsemlac.com\/semmexico\/wp-json\/wp\/v2\/posts\/62811\/revisions"}],"wp:featuredmedia":[{"embeddable":true,"href":"https:\/\/redsemlac.com\/semmexico\/wp-json\/wp\/v2\/media\/62812"}],"wp:attachment":[{"href":"https:\/\/redsemlac.com\/semmexico\/wp-json\/wp\/v2\/media?parent=62811"}],"wp:term":[{"taxonomy":"category","embeddable":true,"href":"https:\/\/redsemlac.com\/semmexico\/wp-json\/wp\/v2\/categories?post=62811"},{"taxonomy":"post_tag","embeddable":true,"href":"https:\/\/redsemlac.com\/semmexico\/wp-json\/wp\/v2\/tags?post=62811"}],"curies":[{"name":"wp","href":"https:\/\/api.w.org\/{rel}","templated":true}]}}