{"id":62721,"date":"2023-02-15T17:24:33","date_gmt":"2023-02-15T23:24:33","guid":{"rendered":"https:\/\/redsemlac.com\/semmexico\/?p=62721"},"modified":"2023-02-15T17:24:35","modified_gmt":"2023-02-15T23:24:35","slug":"maternidad-o-trayectoria-academica-disyuntiva-para-las-mujeres-cientificas","status":"publish","type":"post","link":"https:\/\/redsemlac.com\/semmexico\/maternidad-o-trayectoria-academica-disyuntiva-para-las-mujeres-cientificas\/","title":{"rendered":"Maternidad o trayectoria acad\u00e9mica, disyuntiva para las mujeres cient\u00edficas"},"content":{"rendered":"\n<ul class=\"wp-block-list\">\n<li><strong>Mujeres cient\u00edficas se enfrenta a la discriminaci\u00f3n y malos tratos.<\/strong><\/li>\n<\/ul>\n\n\n\n<p class=\"wp-block-paragraph\"><strong>Elda Montiel<\/strong><\/p>\n\n\n\n<p class=\"wp-block-paragraph\">SemM\u00e9xico, Ciudad de M\u00e9xico, 15 de febrero del 2023.- Desde la ausencia de pol\u00edticas institucionales, la desaprobaci\u00f3n explicita y oculta por ejercer la maternidad, provenir de otra disciplina, y como el g\u00e9nero y la edad se atraviesa como impedimento para concursar por plazas, as\u00ed lo expusieron las participantes en el \u201cDialogo Intergeneracional: Mujeres, j\u00f3venes y ni\u00f1as en las Ciencias Sociales\u201d realizado en el Instituto de Investigaciones Sociales de la UNAM.<\/p>\n\n\n\n<p class=\"wp-block-paragraph\">En el marco de las actividades del Dia Internacional de las Mujeres, J\u00f3venes y Ni\u00f1as en las Ciencias, que se conmemora el 11 de febrero, este mi\u00e9rcoles se llev\u00f3 a cabo la charla donde la investigadora Judith Zubieta Garc\u00eda destac\u00f3 la importancia de promover m\u00e1s mujeres en las ciencias y que est\u00e1 muy ligado a los Objetivos de Desarrollo Sostenibles para lograr un futuro mejor y m\u00e1s sostenible con la mira a alcanzarlos en el 2030.&nbsp;<\/p>\n\n\n\n<p class=\"wp-block-paragraph\">Cristina Bayon Chernicoff, investigadora en pobreza y desigualdades sociales, se\u00f1al\u00f3 como necesario la democratizaci\u00f3n de los espacios y de los quehaceres dom\u00e9sticos que son procesos culturales enraizados en la cultura machista patriarcal, y reconoci\u00f3 que estos procesos de transformaci\u00f3n son lentos. Propuso tambi\u00e9n, que las campa\u00f1as interpelen directamente a los hombres.<\/p>\n\n\n\n<p class=\"wp-block-paragraph\">Por su parte, Judith Zubieta Garc\u00eda formada en la Facultad de Ciencias, doctora en Sistemas por la Universidad de Pennsylvania, investigadora titular C y miembro del Sistema Nacional de Investigadores nivel 1, refiri\u00f3 que los obst\u00e1culos en su desempe\u00f1o profesional fueron cuando fue invitada a participar en el Instituto de Investigaciones Sociales por su inter\u00e9s de c\u00f3mo las matem\u00e1ticas impactan en la vida social, lo cual no fue comprendido por sus pares por no provenir de la carrera de Sociolog\u00eda, quien le manifestaron su desaprobaci\u00f3n, incluso con malos tratos.<\/p>\n\n\n\n<p class=\"wp-block-paragraph\">Convencida de que las disciplinas se tienen que complementar se encuentra satisfecha de participar en investigaciones interdisciplinarias.<\/p>\n\n\n\n<p class=\"wp-block-paragraph\">Sandra Villalobos N\u00e1jera, investigadora del Centro Regional de Investigaciones Multidisciplinarias con especialidad en g\u00e9nero y campo religioso, destac\u00f3 que lo principal es reconocerse y mirarse como cient\u00edficas.<\/p>\n\n\n\n<p class=\"wp-block-paragraph\">Con 46 a\u00f1os de edad y madre por elecci\u00f3n de una ni\u00f1a de 10 a\u00f1os, se enfrent\u00f3 cuando iba a ser su doctorado a que el Comit\u00e9 de Evaluaci\u00f3n le preguntara si se iba a embarazar o a divorciar. Actualmente, dijo, ya no hacen esas preguntas, pero no significa que este prejuicio haya desaparecido. Afirm\u00f3 que se cruzan g\u00e9nero y edad porque quieren saber si continuar\u00e1s sin interrupciones, expres\u00f3.<\/p>\n\n\n\n<p class=\"wp-block-paragraph\">Sandra se embarazo y termin\u00f3 su doctorado, pero esto tiene costos f\u00edsicos y emocionales. Las mujeres nos encontramos en esta disyuntiva entre la trayectoria acad\u00e9mica y la decisi\u00f3n de ser reproductivas lo que genera mucha tensi\u00f3n, porque es un tema que no se habla pero que esta latente en los pasillos, en las pol\u00edticas institucionales, en las caras de reprobaci\u00f3n.<\/p>\n\n\n\n<p class=\"wp-block-paragraph\">Se\u00f1al\u00f3 que se cruzan g\u00e9nero y edad, tiempo para estudiar y tiempo para el cuidado. Refiri\u00f3 que su mama durante el embarazo tuvo que interrumpir sus estudios para cuidar de ella, y despu\u00e9s retomo sus estudios.&nbsp; En su caso conto con el apoyo de sus tutoras feministas.<\/p>\n\n\n\n<p class=\"wp-block-paragraph\">Expres\u00f3 que lo que hay que garantizar es que las ni\u00f1as que se interesen en la ciencia lleguen y se queden, que tengan un salario digno y no est\u00e9n marcadas por si quieren o no ser madres.<\/p>\n\n\n\n<p class=\"wp-block-paragraph\">Yolanda Moreno comunic\u00f3loga y urbanista del Instituto de Planeaci\u00f3n Democr\u00e1tica y Prospectiva de la Ciudad de M\u00e9xico se refiri\u00f3 a las diferencias sociales de las estudiantes que como en su caso, se ten\u00eda que transportar de Milpa Alta a la universidad en la Ciudad de M\u00e9xico, desde las 4 de la ma\u00f1ana, que son situaciones que no se mencionan pero que est\u00e1n ah\u00ed y que implican una desventaja.<\/p>\n\n\n\n<p class=\"wp-block-paragraph\">Son las luchas que se dan desde que eres estudiante, no todas\/todos est\u00e1n en igualdad de condiciones, obviamente tenia poco dinero y ten\u00eda que guardarlo. Actualmente ya como profesionista puede pagar renta y mantenerse. &nbsp;<\/p>\n\n\n\n<p class=\"wp-block-paragraph\">Por otra parte, las estudiantes de preparatoria Keillany Alp\u00edzar y Ana S\u00e1nchez de la UNITEC, campus Sur, refirieron a las actividades diarias de, transportarse y como deben vestirse. Incluso cuando quiere usar vestido o falda, utilizan pantal\u00f3n para el transporte y ya en la escuela se cambian.&nbsp;<\/p>\n\n\n\n<p class=\"wp-block-paragraph\">Ana S\u00e1nchez de 17 a\u00f1os, refiri\u00f3 que tuvo que aprender a andar sola en el transporte, porque anteriormente hab\u00eda quien la acompa\u00f1aran a la escuela, y ahora tiene que hacerlo sola. Al principio le preocupaban como la miraban o si la segu\u00edan.<\/p>\n\n\n\n<p class=\"wp-block-paragraph\">Cristina Bayon Chernicoff, especialista en sociolog\u00eda de la pobreza y la desigualdad explico como estos miedos de salir por la inseguridad de no saber si vas a regresar o no son obst\u00e1culos para seguir estudiando.<\/p>\n\n\n\n<p class=\"wp-block-paragraph\">Coment\u00f3 al respecto que no es posible que haya vagones rosas solo para las mujeres por lo que propuso, que tiene que haber campa\u00f1as que interpelen a los hombres para que cesen esas agresiones, con lo que coincidi\u00f3 Judith Zubieta, y lo llamo, democratizaci\u00f3n de los espacios. Abund\u00f3 que a esas desigualdades hemos contribuido las mujeres al reproducir los estereotipos de g\u00e9nero a la hora de lavar los trastes, la ropa, hay una diferencia como se trata a las hijas y los hijos en la pr\u00e1ctica.<\/p>\n\n\n\n<p class=\"wp-block-paragraph\">Al respecto, Sandra Villalobos se\u00f1al\u00f3 que parece muy sencillo decirle al hermano o al hombre que lave los trastes, pero esto implica que puede generar violencia, la lucha es mucho mas complicada.<\/p>\n\n\n\n<p class=\"wp-block-paragraph\">Por otra parte, se\u00f1al\u00f3 que est\u00e1 bien sentirse cansadas porque las mujeres tenemos dobles y hasta triples jornadas, trabajamos y cuidamos. A lo que se\u00f1al\u00f3 Cristina Bayon que no hay que caer en el voluntarismo de querer hacerlo todo uno mismo. Hay quienes pueden m\u00e1s que otras.<\/p>\n\n\n\n<p class=\"wp-block-paragraph\">SEM\/MG<\/p>\n","protected":false},"excerpt":{"rendered":"<p>Mujeres cient\u00edficas se enfrenta a la discriminaci\u00f3n y malos tratos.<\/p>\n","protected":false},"author":3,"featured_media":62722,"comment_status":"open","ping_status":"open","sticky":false,"template":"","format":"standard","meta":{"_monsterinsights_skip_tracking":false,"footnotes":""},"categories":[54],"tags":[],"class_list":["post-62721","post","type-post","status-publish","format-standard","has-post-thumbnail","category-mujeres"],"_links":{"self":[{"href":"https:\/\/redsemlac.com\/semmexico\/wp-json\/wp\/v2\/posts\/62721","targetHints":{"allow":["GET"]}}],"collection":[{"href":"https:\/\/redsemlac.com\/semmexico\/wp-json\/wp\/v2\/posts"}],"about":[{"href":"https:\/\/redsemlac.com\/semmexico\/wp-json\/wp\/v2\/types\/post"}],"author":[{"embeddable":true,"href":"https:\/\/redsemlac.com\/semmexico\/wp-json\/wp\/v2\/users\/3"}],"replies":[{"embeddable":true,"href":"https:\/\/redsemlac.com\/semmexico\/wp-json\/wp\/v2\/comments?post=62721"}],"version-history":[{"count":0,"href":"https:\/\/redsemlac.com\/semmexico\/wp-json\/wp\/v2\/posts\/62721\/revisions"}],"wp:featuredmedia":[{"embeddable":true,"href":"https:\/\/redsemlac.com\/semmexico\/wp-json\/wp\/v2\/media\/62722"}],"wp:attachment":[{"href":"https:\/\/redsemlac.com\/semmexico\/wp-json\/wp\/v2\/media?parent=62721"}],"wp:term":[{"taxonomy":"category","embeddable":true,"href":"https:\/\/redsemlac.com\/semmexico\/wp-json\/wp\/v2\/categories?post=62721"},{"taxonomy":"post_tag","embeddable":true,"href":"https:\/\/redsemlac.com\/semmexico\/wp-json\/wp\/v2\/tags?post=62721"}],"curies":[{"name":"wp","href":"https:\/\/api.w.org\/{rel}","templated":true}]}}