{"id":6267,"date":"2018-07-24T23:50:05","date_gmt":"2018-07-24T23:50:05","guid":{"rendered":"https:\/\/redsemlac.com\/semmexico\/?p=6267"},"modified":"2023-07-21T14:32:49","modified_gmt":"2023-07-21T19:32:49","slug":"una-veracruzana-para-inmujeres-nacional","status":"publish","type":"post","link":"https:\/\/redsemlac.com\/semmexico\/una-veracruzana-para-inmujeres-nacional\/","title":{"rendered":"Una veracruzana para INMUJERES nacional"},"content":{"rendered":"\n<p class=\"wp-block-paragraph\">Debe ser conducido por mujeres de trayectoria profesional comprobada en la materia.<\/p>\n\n\n\n<h5 class=\"wp-block-heading\"> La Red de Mujeres Feministas de Veracruz (Remufever), nominaron como aspirante a presidir Inmujeres a la Mtra Martha Mendoza Parisi.<\/h5>\n\n\n\n<p class=\"wp-block-paragraph\"><a href=\"https:\/\/semmexico.com\/gallery-post.php?id=5376#\">Billy Parker<\/a><\/p>\n\n\n\n<p class=\"wp-block-paragraph\">SemM\u00e9xico. Veracruz. 24 de julio de 2018.- Una vez lograda la paridad en el congreso de la Uni\u00f3n y en algunos equipos de gobiernos de MORENA, faltar\u00edan las agendas en el avance feminista. Frente a la renovaci\u00f3n de la presidencia del Instituto Nacional de las Mujeres, Andr\u00e9s Manuel L\u00f3pez Obrador, decidir\u00e1 a la nueva titular entre las propuestas ciudadanas y ser\u00e1 prueba de fuego para ver si los derechos de las mujeres est\u00e1n en el \u00e1nimo del pr\u00f3ximo gobernante. Organizaciones civiles en todo el pa\u00eds ya alzaron la mano para postular al instituto a mujeres que consideran cuentan con el perfil id\u00f3neo, sin inter\u00e9s partidista y comprometidas en su acci\u00f3n p\u00fablica y privada con la igualdad de g\u00e9nero.<\/p>\n\n\n\n<p class=\"wp-block-paragraph\">En Veracruz diversas organizaciones y activistas, como la Red de Mujeres Feministas de Veracruz (Remufever), nominaron como aspirante a presidir Inmujeres a la Mtra Martha Mendoza Parissi,&nbsp;&nbsp;por su experiencia, conocimientos y el perfil pol\u00edtico feminista del m\u00e1s alto nivel. \u201cPara m\u00ed es un honor pensar en poder acceder a ese cargo y m\u00e1s a\u00fan, que sean las compa\u00f1eras feministas quienes me postulen, puesto que es una propuesta ciudadana\u201d, me comenta en una primera impresi\u00f3n la seria y destacada acad\u00e9mica nominada por veracruzanas.<\/p>\n\n\n\n<p class=\"wp-block-paragraph\">Diversas voces se han levantado para demandar que la instituci\u00f3n rectora de las pol\u00edticas de g\u00e9nero en el pa\u00eds sea presidida por una experta en los temas de la agenda de g\u00e9nero, al margen de intereses partidistas para sanear la imagen del instituto que actualmente se encuentra en un debate sobre su autonom\u00eda.&nbsp;<\/p>\n\n\n\n<p class=\"wp-block-paragraph\">De cara a la renovaci\u00f3n de la Junta de Gobierno del Inmujeres, integrada por las y los titulares de 13 secretar\u00edas de Estado; de la Procuradur\u00eda General de la Rep\u00fablica; Comisi\u00f3n Nacional para el Desarrollo de los Pueblos Ind\u00edgenas, y el Sistema Nacional para el Desarrollo Integral de la Familia (DIF) y sus consejos Consultivo y Social, el pasado 3 de junio se lanz\u00f3 la convocatoria para presentar propuestas al proceso de selecci\u00f3n de 32 consejeras para conformar los \u00d3rganos Auxiliares del INMUJERES: 16 para el Consejo Consultivo y 16 para el Consejo Social. Invitaci\u00f3n dirigida a organizaciones de la sociedad civil y pol\u00edticas, instituciones acad\u00e9micas y empresariales, que est\u00e9n legalmente constituidas y en general a las mujeres representativas de los diferentes sectores de la sociedad dedicadas a la promoci\u00f3n de los derechos humanos de las mujeres y a la inclusi\u00f3n del principio de igualdad de g\u00e9nero en todas las esferas p\u00fablicas y privadas, de la convocatoria deber\u00e1 resultar una terna de candidatas que se turnar\u00e1 al pr\u00f3ximo presidente, quien definir\u00e1 a la nueva titular del Inmujeres.<\/p>\n\n\n\n<p class=\"wp-block-paragraph\">La Maestra Martha Mendoza Parissi nace en C\u00f3rdoba, Veracruz. Fue Directora del Centro de Estudios de G\u00e9nero y Derechos Humanos del Congreso de Veracruz. Particip\u00f3 en el Grupo T\u00e9cnico del Acuerdo para la Gobernabilidad y el Desarrollo de Veracruz, para la elaboraci\u00f3n de la Iniciativa de Ley para la creaci\u00f3n del Instituto Veracruzano de las Mujeres y fue Directora del Instituto Veracruzano de las Mujeres del 2007 al 2010. Subdirectora del Servicio Nacional del Empleo de la Secretar\u00eda del Trabajo del gobierno de Veracruz.&nbsp;<\/p>\n\n\n\n<p class=\"wp-block-paragraph\">Es posgraduada en Derechos Humanos con el T\u00edtulo de Especialista por la Universidad Complutense de Madrid, Espa\u00f1a. Diplomada en Derechos Humanos por la Universidad An\u00e1huac de Xalapa. Diplomada en Presupuestos P\u00fablicos Proequidad de G\u00e9nero contra la Pobreza en Am\u00e9rica Latina y el Caribe por la Facultad Latinoamericana de Ciencias Sociales y, Diplomada en Finanzas Gubernamentales por el Tecnol\u00f3gico de Monterrey.&nbsp;<\/p>\n\n\n\n<p class=\"wp-block-paragraph\">A&nbsp;&nbsp;trav\u00e9s de su trayectoria profesional, ha buscado los mecanismos para mejorar el desempe\u00f1o laboral de la mujer veracruzana, siendo una de sus preocupaciones m\u00e1s importantes el tema del empoderamiento por medio de la organizaci\u00f3n social de la mujer rural ubicada en los municipios marginados del estado de Veracruz.<\/p>\n\n\n\n<p class=\"wp-block-paragraph\">Ha sido tambi\u00e9n una impulsora del dise\u00f1o de pol\u00edticas p\u00fablicas que fomenten la participaci\u00f3n de la mujer y los j\u00f3venes, as\u00ed como de las personas con discapacidad al \u00e1mbito productivo, estableciendo alianzas con algunos organismos internacionales como el Centro de Entrenamiento Golda Meir del Estado de Israel, la Embajada de Australia y el Fondo de las Am\u00e9ricas para J\u00f3venes Emprendedores.<\/p>\n\n\n\n<p class=\"wp-block-paragraph\">Ha efectuado diversos cursos de perfeccionamiento profesional en pa\u00edses como M\u00e9xico, Cuba, Israel, Ecuador Argentina, Brasil y Colombia. Ha sido ponente en diversos congresos nacionales e internacionales sobre el Empleo y la Capacitaci\u00f3n de las Mujeres para favorecer el Desarrollo Econ\u00f3mico. Ha recibido diversos reconocimientos como: la&nbsp;&nbsp;Mejor Estudiante de M\u00e9xico y por Desarrollo y Promoci\u00f3n Comunitaria. Colaboradora en el libro: \u201cLos Grandes Temas de los Veracruzanos\u201d Editado por la Fundaci\u00f3n Colosio y en la realizaci\u00f3n del \u201cCurso Sistem\u00e1tico de Derechos Humanos\u201d en el Instituto de Estudios Pol\u00edticos para Am\u00e9rica Latina y \u00c1frica (IEPALA) en Madrid, Espa\u00f1a.<\/p>\n\n\n\n<p class=\"wp-block-paragraph\">Para que Inmujeres recobre su esencia de asegurar el pleno desarrollo de las mujeres, garantizando el ejercicio y el goce de sus derechos,&nbsp;&nbsp;debe ser conducido por mujeres de trayectoria profesional comprobada en la materia, y la veracruzana Martha Mendoza Parissi es una de ellas.<\/p>\n","protected":false},"excerpt":{"rendered":"<p>Debe ser conducido por mujeres de trayectoria profesional comprobada en la materia. La Red de Mujeres Feministas de Veracruz (Remufever), nominaron como aspirante a presidir Inmujeres a la Mtra Martha Mendoza Parisi. Billy Parker SemM\u00e9xico. Veracruz. 24 de julio de 2018.- Una vez lograda la paridad en el congreso de la Uni\u00f3n y en algunos [&hellip;]<\/p>\n","protected":false},"author":3,"featured_media":6161,"comment_status":"open","ping_status":"open","sticky":false,"template":"","format":"standard","meta":{"_monsterinsights_skip_tracking":false,"footnotes":""},"categories":[689,81,1],"tags":[],"class_list":["post-6267","post","type-post","status-publish","format-standard","has-post-thumbnail","category-689","category-billy-parker","category-uncategorized"],"_links":{"self":[{"href":"https:\/\/redsemlac.com\/semmexico\/wp-json\/wp\/v2\/posts\/6267","targetHints":{"allow":["GET"]}}],"collection":[{"href":"https:\/\/redsemlac.com\/semmexico\/wp-json\/wp\/v2\/posts"}],"about":[{"href":"https:\/\/redsemlac.com\/semmexico\/wp-json\/wp\/v2\/types\/post"}],"author":[{"embeddable":true,"href":"https:\/\/redsemlac.com\/semmexico\/wp-json\/wp\/v2\/users\/3"}],"replies":[{"embeddable":true,"href":"https:\/\/redsemlac.com\/semmexico\/wp-json\/wp\/v2\/comments?post=6267"}],"version-history":[{"count":0,"href":"https:\/\/redsemlac.com\/semmexico\/wp-json\/wp\/v2\/posts\/6267\/revisions"}],"wp:featuredmedia":[{"embeddable":true,"href":"https:\/\/redsemlac.com\/semmexico\/wp-json\/wp\/v2\/media\/6161"}],"wp:attachment":[{"href":"https:\/\/redsemlac.com\/semmexico\/wp-json\/wp\/v2\/media?parent=6267"}],"wp:term":[{"taxonomy":"category","embeddable":true,"href":"https:\/\/redsemlac.com\/semmexico\/wp-json\/wp\/v2\/categories?post=6267"},{"taxonomy":"post_tag","embeddable":true,"href":"https:\/\/redsemlac.com\/semmexico\/wp-json\/wp\/v2\/tags?post=6267"}],"curies":[{"name":"wp","href":"https:\/\/api.w.org\/{rel}","templated":true}]}}