{"id":62601,"date":"2023-02-13T12:45:03","date_gmt":"2023-02-13T18:45:03","guid":{"rendered":"https:\/\/redsemlac.com\/semmexico\/?p=62601"},"modified":"2023-02-13T12:45:05","modified_gmt":"2023-02-13T18:45:05","slug":"miradas-de-reportero-las-y-los-ciber-informadores-ya-personifican-al-nuevo-periodismo","status":"publish","type":"post","link":"https:\/\/redsemlac.com\/semmexico\/miradas-de-reportero-las-y-los-ciber-informadores-ya-personifican-al-nuevo-periodismo\/","title":{"rendered":"Miradas de Reportero| Las y los ciber informadores \u00bfya personifican al nuevo periodismo?"},"content":{"rendered":"\n<p class=\"wp-block-paragraph\"><strong>Rogelio Hern\u00e1ndez L\u00f3pez<\/strong><\/p>\n\n\n\n<p class=\"wp-block-paragraph\">SemM\u00e9xico, Ciudad de M\u00e9xico, 13 de febrero del 2023.- Quiz\u00e1, el veteran\u00edsimo reportero y escritor Carlos Duayhe plane\u00f3 conscientemente generar un debate sincero entre periodistas experimentados\/as sobre las personas que act\u00faan como informadoras en las redes sociales sin tener la capacitaci\u00f3n, la cultura y la experiencia indispensables pero que son miles y han trastocado la coherencia, el rigor y la fuerza de convencimiento del periodismo profesional.<\/p>\n\n\n\n<p class=\"wp-block-paragraph\">Se siguen debatiendo las razones del rechazo y animadversi\u00f3n de muchos periodistas en el mundo contra las y los blogueros, twitteros, facebookeros y a otras\/otros presuntos informadores que se dicen a s\u00ed mismos periodistas sociales. Se les se\u00f1ala de exagerar el sentido de la informaci\u00f3n, inventar noticias, de estruendosidad y amarillismo desenfrenado; de carecer de \u00e9tica profesional.<\/p>\n\n\n\n<p class=\"wp-block-paragraph\">Pero en contracara, pocas y pocos periodistas veteranos alcanzan tanto p\u00fablico y seguidoras y seguidores como los ciber informadores que logran se les califique como \u201cinfluencer\u201d (influenciadores\/as con potencial para marcar agenda y generar conversaciones masivas). Incluso su fuerza combinada hace que m\u00e1s de una persona les adjetive como las \u201cbenditas redes sociales\u201d.<\/p>\n\n\n\n<p class=\"wp-block-paragraph\">\u00bfSer\u00e1 que esos ciber informadores\/as personifican una nueva etapa del periodismo?<\/p>\n\n\n\n<p class=\"wp-block-paragraph\">Las y los periodistas profesionales \u00bftendremos que comenzar a aceptar y adaptarnos a ese empobrecimiento del periodismo profesional tal como lo conoc\u00edamos hasta el a\u00f1o 2000?<\/p>\n\n\n\n<p class=\"wp-block-paragraph\"><strong>Algunas opiniones<\/strong><\/p>\n\n\n\n<p class=\"wp-block-paragraph\">Carlos Alberto Duayhe Villase\u00f1or, escritor que persiste en mantener su identidad de reportero (la que perfecciona desde hace m\u00e1s de 40 a\u00f1os) decidi\u00f3 en 2022 capturar las historias, los perfiles y algunos pensamientos con periodistas de amplia experiencia para difundirlas centralmente en el sitio \u201cPor cierto.com\u201d.<\/p>\n\n\n\n<p class=\"wp-block-paragraph\">Carlos Alberto entrega un breve cuestionario a sus colegas y estas y estos responden por escrito o durante conversaciones en l\u00ednea. Con esa manera ya difundi\u00f3 las respuestas de quienes tambi\u00e9n se iniciaron en la reporter\u00eda desde los a\u00f1os ochenta. Posiblemente es intencional buscar, en quienes entrevista, su posici\u00f3n en el ya viejo debate sobre periodistas y neoinformadores\/as digitales. &nbsp;<\/p>\n\n\n\n<p class=\"wp-block-paragraph\">-\u00bfY de las redes sociales, qu\u00e9 impresi\u00f3n tienes? Pregunt\u00f3 a Sara Lovera, Teresa Gil G\u00e1lvez, Pedro Antonio Camacho, Humberto Musacchio, Ang\u00e9lica Abelleyra, Norberto Hern\u00e1ndez, y Manuel Lino.<\/p>\n\n\n\n<p class=\"wp-block-paragraph\">Me permito transcribir sus respuestas en el orden de difusi\u00f3n de las entrevistas.<\/p>\n\n\n\n<p class=\"wp-block-paragraph\">Cada quien responde muy diferente pero algunas respuestas acceden a la idea de que, quienes informan en las redes sociales, representan una nueva forma del periodismo. V\u00e9ase:<\/p>\n\n\n\n<p class=\"wp-block-paragraph\"><strong>Sara Lovera.<\/strong> \u201cSon el mismo instrumento para que unos o unas (periodistas) digan, o creen igual que es posible influir en un gran p\u00fablico\u2026 las redes sociales, como ahora funcionan, son al mismo tiempo una gran posibilidad para periodistas. Veremos.\u201d<\/p>\n\n\n\n<p class=\"wp-block-paragraph\"><strong>Tere Gil<\/strong>. \u201cDecir lo que me parecen las redes es abundar en lo que se ha dicho millones de veces, pero que no se alcanza a abarcar. Trascender los a\u00f1os y utilizar esos recursos portentosos, con todos sus asegunes, es ratificar un oficio, m\u00e1s cuando \u00e9ste se extienda de por vida\u2026 agrego que estoy porque ese recurso tenga una presencia social m\u00e1s profunda. Ante tantos problemas que tiene la humanidad, ese instrumento puede ser fundamental para que haya verdaderos cambios.\u201d<\/p>\n\n\n\n<p class=\"wp-block-paragraph\"><strong>Pedro Antonio Camacho<\/strong>. \u201cEl periodismo digital tiene que profesionalizarse cada vez m\u00e1s y blindarse para evitar oportunistas que no periodistas, pero se hacen pasar por tales (\u2026) Las redes sociales me parecen excelentes herramientas modernas que, sin embargo, tienen el peligro de ser aprovechadas con fines ajenos a la \u00e9tica del periodismo. De ah\u00ed la necesidad de regularlas y distinguir las redes personales de las profesionales, siempre con respeto a la libertad de expresi\u00f3n, pero evitando el enga\u00f1o por falsos profesionales (\u2026) cada vez m\u00e1s investigadores y profesionales prefieren llamarle ciberperiodismo. Las tan publicitadas Nuevas Tecnolog\u00edas de Informaci\u00f3n y de la Comunicaci\u00f3n y el aun joven ciberperiodismo han tra\u00eddo consigo cambios notorios en la forma de transmitir las ideas y de generar noticias.\u201d<\/p>\n\n\n\n<p class=\"wp-block-paragraph\"><strong>Humberto Musacchio<\/strong>. \u201cEntiendo que el periodismo impreso est\u00e1 en retirada y que su vida terminar\u00e1 en unos veinte a\u00f1os, pues ya empez\u00f3 a ser desplazado por el periodismo digital. (Las redes sociales) son altamente \u00fatiles para estar enterados al momento, lo que es de mucha ayuda para las y los reporteros. Lamentablemente, las redes tambi\u00e9n transportan mucha basura.\u201d<\/p>\n\n\n\n<p class=\"wp-block-paragraph\"><strong>Ang\u00e9lica Abelleyra<\/strong>. \u201cCreo que la era digital nos ha impuesto muchos retos y la urgencia de seguir aprendiendo de herramientas que ya no son tan nuevas. No nos queda m\u00e1s que sumergirnos en lo digital para lograr que se lean nuestros escritos, se escuchen nuestros podcast o se miren las c\u00e1psulas que editemos en video o en televisi\u00f3n\u201d.<\/p>\n\n\n\n<p class=\"wp-block-paragraph\">\u201cLa profesionalizaci\u00f3n es la \u00fanica salida para no ser presas de la propagaci\u00f3n de fake news y saber discernir entre la avalancha de noticias reportadas con profesionalismo y otras que son chismes, falsedades e invenciones y que por desdicha inundan la Internet\u201d.<\/p>\n\n\n\n<p class=\"wp-block-paragraph\">En cuanto a las redes sociales\u2026 \u201cEn el marasmo de todo lo que alimenta la Internet, las redes sociales son una herramienta m\u00e1s para tener informaci\u00f3n a la mano y, si se quiere y se tiene el est\u00f3mago suficiente, ser parte de la conversaci\u00f3n virtual. Eso s\u00ed, es nuestra tarea ver cu\u00e1l es el periodismo preciso y certero que vale la pena replicar o ahondar o comentar, y qu\u00e9 es lo mucho desechable de ese universo; incluso en las pol\u00e9micas, es mejor hacerse a un lado y guardar silencio cuando no se sabe o no se quiere una enfrascar en una polarizaci\u00f3n.&nbsp; Como periodistas tenemos una gran responsabilidad en no alimentar los extremos porque no son reales y la vida tiene muchos matices, como el periodismo.\u201d<\/p>\n\n\n\n<p class=\"wp-block-paragraph\"><strong>Norberto Hern\u00e1ndez Montiel<\/strong>. \u201cPor el momento, estoy publicando la columna \u2018Ojo P\u00fablico\u2019, en \u201cVoces del Periodista Diario (digital)\u201d. Espero aprovechar esta experiencia para continuar el trabajo por Internet. Creo que las redes sociales son una gran oportunidad para reinventarnos como periodistas. Tenemos formaci\u00f3n y experiencia, que son fundamentales para aprovechar estas herramientas.\u201d<\/p>\n\n\n\n<p class=\"wp-block-paragraph\"><strong>Manuel Lino Ramos<\/strong>. \u201cBien aprovechadas, las redes sociales son el instrumento de conocimiento y libertad m\u00e1s grande jam\u00e1s creado por el hombre en el mundo, por m\u00e1s que Umberto Eco haya se\u00f1alado que las redes son el refugio de un ej\u00e9rcito de est\u00fapidos, o algo as\u00ed.\u201d<\/p>\n\n\n\n<p class=\"wp-block-paragraph\">Y usted periodista profesional con experiencia \u00bfacepta llamar periodistas o colegas a los miles que sin capacitaci\u00f3n expresa ni experiencia dicen que informan en las redes sociales? O \u00bfCree que en las siguientes etapas las normas esenciales del periodismo se recuperar\u00e1n en el ciber espacio? &nbsp;<a href=\"mailto:rogeliohl@yahoo.com.mx\">rogeliohl@yahoo.com.mx<\/a><\/p>\n","protected":false},"excerpt":{"rendered":"<p>Quiz\u00e1, el veteran\u00edsimo reportero y escritor Carlos Duayhe plane\u00f3 conscientemente generar un debate sincero entre periodistas experimentados\/as sobre las personas que act\u00faan como informadoras en las redes sociales sin tener la capacitaci\u00f3n, la cultura y la experiencia indispensables <\/p>\n","protected":false},"author":3,"featured_media":8473,"comment_status":"open","ping_status":"open","sticky":false,"template":"","format":"standard","meta":{"_monsterinsights_skip_tracking":false,"footnotes":""},"categories":[106,35,85],"tags":[],"class_list":["post-62601","post","type-post","status-publish","format-standard","has-post-thumbnail","category-mirada-de-reportero","category-opinion","category-rogelio-hernandez-lopez"],"_links":{"self":[{"href":"https:\/\/redsemlac.com\/semmexico\/wp-json\/wp\/v2\/posts\/62601","targetHints":{"allow":["GET"]}}],"collection":[{"href":"https:\/\/redsemlac.com\/semmexico\/wp-json\/wp\/v2\/posts"}],"about":[{"href":"https:\/\/redsemlac.com\/semmexico\/wp-json\/wp\/v2\/types\/post"}],"author":[{"embeddable":true,"href":"https:\/\/redsemlac.com\/semmexico\/wp-json\/wp\/v2\/users\/3"}],"replies":[{"embeddable":true,"href":"https:\/\/redsemlac.com\/semmexico\/wp-json\/wp\/v2\/comments?post=62601"}],"version-history":[{"count":0,"href":"https:\/\/redsemlac.com\/semmexico\/wp-json\/wp\/v2\/posts\/62601\/revisions"}],"wp:featuredmedia":[{"embeddable":true,"href":"https:\/\/redsemlac.com\/semmexico\/wp-json\/wp\/v2\/media\/8473"}],"wp:attachment":[{"href":"https:\/\/redsemlac.com\/semmexico\/wp-json\/wp\/v2\/media?parent=62601"}],"wp:term":[{"taxonomy":"category","embeddable":true,"href":"https:\/\/redsemlac.com\/semmexico\/wp-json\/wp\/v2\/categories?post=62601"},{"taxonomy":"post_tag","embeddable":true,"href":"https:\/\/redsemlac.com\/semmexico\/wp-json\/wp\/v2\/tags?post=62601"}],"curies":[{"name":"wp","href":"https:\/\/api.w.org\/{rel}","templated":true}]}}