{"id":62599,"date":"2023-02-13T10:43:43","date_gmt":"2023-02-13T16:43:43","guid":{"rendered":"https:\/\/redsemlac.com\/semmexico\/?p=62599"},"modified":"2023-02-13T10:43:45","modified_gmt":"2023-02-13T16:43:45","slug":"tras-la-puerta-del-poder-con-amplias-vacunas-anti-criticas-monreal-saca-esta-semana-plan-b-de-amlo","status":"publish","type":"post","link":"https:\/\/redsemlac.com\/semmexico\/tras-la-puerta-del-poder-con-amplias-vacunas-anti-criticas-monreal-saca-esta-semana-plan-b-de-amlo\/","title":{"rendered":"Tras la Puerta del Poder| Con amplias vacunas anti cr\u00edticas, Monreal saca esta semana Plan B de AMLO"},"content":{"rendered":"\n<p class=\"wp-block-paragraph\"><strong>Roberto Vizca\u00edno<\/strong><br>SemM\u00e9xico, Ciudad de M\u00e9xico, 13 de febrero del 2023.- Escuchamos a todas y todos, dir\u00eda a fines de la semana Ricardo Monreal al adelantar que esta semana saldr\u00e1 finalmente para su promulgaci\u00f3n en Plan B electoral de AMLO.<\/p>\n\n\n\n<p class=\"wp-block-paragraph\"><br>Otra cosa ser\u00e1 su viabilidad. Eso lo decidir\u00e1 la Suprema Corte, admiti\u00f3.<\/p>\n\n\n\n<p class=\"wp-block-paragraph\"><br>Reconoci\u00f3 que todo lo aprobado en un ejercicio de mayoriteo partidario -y con el rechazo de la oposici\u00f3n y amplios sectores e instituciones de la poblaci\u00f3n-, no cumple con la Carta Magna y que contiene cientos de art\u00edculos inconstitucionales que finalmente podr\u00edan ser anulados por la Corte.<\/p>\n\n\n\n<p class=\"wp-block-paragraph\"><br>Y es que las 6 Leyes del Plan B electoral integran casi 460 art\u00edculos muchos de los cuales violan flagrantemente la Constituci\u00f3n, indic\u00f3.<\/p>\n\n\n\n<p class=\"wp-block-paragraph\"><br>Para disminuir la cr\u00edtica y la confrontaci\u00f3n que acarreaba la aprobaci\u00f3n del Plan B, el zacatecano tuvo que retar los l\u00edmites de la paciencia y tolerancia de AMLO al abrir el Senado a Lorenzo C\u00f3rdova y a Ciro Murayama y otros consejeros del INE, as\u00ed como a representantes de unas 80 asociaciones civiles cr\u00edticas al Plan B.<\/p>\n\n\n\n<p class=\"wp-block-paragraph\"><br>Con esa jugada el zacatecano vacun\u00f3 las reformas de recriminaciones autoritarias.<\/p>\n\n\n\n<p class=\"wp-block-paragraph\"><br>\u201cEscuchamos a todas y todos\u2026 no hay tema que no se haya abordado\u201d, subray\u00f3.<\/p>\n\n\n\n<p class=\"wp-block-paragraph\"><br>Se ufan\u00f3 de que la difusi\u00f3n y debate tanto del llamado Plan \u201cA\u201d como del Plan \u201cB\u201d fue amplia. El Plan \u201cA\u201d que conten\u00eda reformas constitucionales fue desechado en San L\u00e1zaro, indic\u00f3.<\/p>\n\n\n\n<p class=\"wp-block-paragraph\"><br>S\u00f3lo qued\u00f3 entonces el Pan B que ahora ser\u00e1 cumplimentado por el Senado.<\/p>\n\n\n\n<p class=\"wp-block-paragraph\"><br>Monreal acept\u00f3 seguir preocupado al igual que muchas y muchos otros por la aprobaci\u00f3n del Plan B, y que \u201ctan convencido estoy de sus preocupaciones, que en su momento vot\u00e9 en contra y emit\u00ed un voto particular, que pueden consultar en la p\u00e1gina www.ricardomonrealavila.com \u201d.<\/p>\n\n\n\n<p class=\"wp-block-paragraph\"><br>Subray\u00f3 que por fortuna existe el art\u00edculo 105 constitucional que faculta a la Suprema Corte a declarar la inconstitucionalidad de lo aprobado por el Legislativo.<\/p>\n\n\n\n<p class=\"wp-block-paragraph\"><br><strong>Existe separaci\u00f3n de poderes<\/strong><br>En otro tema, y ante las cr\u00edticas sobre el maltrato de AMLO a Norma Pi\u00f1a y a Santiago Creel presidentes respectivos de la Suprema Corte y de la C\u00e1mara de Diputados, el zacatecano consider\u00f3 que con el cambio de r\u00e9gimen se vive en M\u00e9xico una aut\u00e9ntica divisi\u00f3n de poderes.<\/p>\n\n\n\n<p class=\"wp-block-paragraph\"><br>\u201cNo me importa si la ministra, el presidente de la C\u00e1mara de Diputados o del Senado se sientan lejos del Presidente de M\u00e9xico, lo que importa es que no haya invasi\u00f3n de los poderes\u201d, afirm\u00f3 Monreal.<br>Y consider\u00f3 que la divisi\u00f3n de poderes no debe derivar en confrontaci\u00f3n sino en colaboraci\u00f3n institucional.<\/p>\n\n\n\n<p class=\"wp-block-paragraph\"><br>Fue, dijo, lo que se plante\u00f3 en campa\u00f1a, una separaci\u00f3n aut\u00e9ntica de poderes, no subordinada, no supeditada, no simulada.<\/p>\n\n\n\n<p class=\"wp-block-paragraph\"><br>\u201cEso es vivir en Rep\u00fablica y ser\u00e1 mejor para todas y todos que cuidemos la Constituci\u00f3n, la ley y la justicia\u201d, finaliz\u00f3.<\/p>\n\n\n\n<p class=\"wp-block-paragraph\"><br>Recriminaciones por \u00c1guila Azteca a D\u00edaz Canel<br>No pocos le recriminaron al presidente Andr\u00e9s Manuel L\u00f3pez Obrador haber entregado la condecoraci\u00f3n del \u00c1guila Azteca, el mayor reconocimiento del Gobierno Mexicano a un extranjero, al presidente de Cuba Miguel D\u00edaz-Canel.<\/p>\n\n\n\n<p class=\"wp-block-paragraph\"><br>Una r\u00e1pida revisi\u00f3n en Google nos dice que ese reconocimiento lo recibieron entre otros nada m\u00e1s ni nada menos que el mayor de los s\u00e1trapas latinoamericanos\/as, el dominicano Rafael Le\u00f3nidas Trujillo, personaje central de La fiesta del Chivo, novela sobresaliente de Mario Vargas Llosa. Igual se lo dieron a Fidel Castro, al Sha de Ir\u00e1n, a Alberto Fujimori y a Cristina Fern\u00e1ndez de Kirchner, \u00bfc\u00f3mo la ve?<\/p>\n\n\n\n<p class=\"wp-block-paragraph\"><br>Esta semana fin al show de Garc\u00eda Luna<br>Qui\u00e9n va a ponerse triste pronto es el presidente Andr\u00e9s Manuel L\u00f3pez Obrador porque el juez del tribunal de Nueva York que lleva el juicio de Genaro Garc\u00eda Luna al parecer cerrar\u00e1 este show en estos d\u00edas.<\/p>\n\n\n\n<p class=\"wp-block-paragraph\"><br>Y es que AMLO ten\u00eda todo gratis puesto en su mesa de descalificaciones p\u00fablicas. Primero: su gobierno no fue quien detuvo y enjuici\u00f3 al exsecretario de Seguridad. Segundo: es all\u00e1 en Manhattan donde se han soltado toda clase de conjeturas que le han servido a \u00e9l para enlodar y hacer juicios de valor en sus ma\u00f1aneras sobre otras y otros personajes, por ejemplo, de Felipe Calder\u00f3n. Tercero: se han abierto supuestas fortunas del exsecretario que nadie ha podido comprobar. Y Cuarto: le han permitido abrir hip\u00f3tesis sobre situaciones que han desviado la atenci\u00f3n del grave y muy comprometedor momento actual de M\u00e9xico en que se habla de complicidades con carteles y de indagatorias en EU que podr\u00edan llegar incluso a Palacio Nacional, como ocurri\u00f3 en su momento con lo que llev\u00f3 a la captura y enjuiciamiento de Manuel Antonio Noriega en Panam\u00e1.<\/p>\n\n\n\n<p class=\"wp-block-paragraph\"><br>Esto ocurre en el momento en que cada vez m\u00e1s personajes, como fiscales, gobernadoras, gobernadores y legisladoras, legisladores republicanos, reclaman en Estados Unidos que el presidente Joe Biden declare como terroristas a carteles mexicanos por considerar que afectan a su seguridad interior.<\/p>\n\n\n\n<p class=\"wp-block-paragraph\"><br>Declararlos como terroristas obligar\u00eda al gobierno de EU a llevar sus acciones no a la captura sino al exterminio de los l\u00edderes de esos grupos est\u00e9n donde est\u00e9n.<\/p>\n\n\n\n<p class=\"wp-block-paragraph\"><br>Para Biden se acabar\u00eda el respeto a la pol\u00edtica de AMLO de lo de abrazos no balazos para entrar en el abierto uso de drones y acciones militares en contra de quienes integran estos c\u00e1rteles.<br>As\u00ed de sencillo y directo.<\/p>\n\n\n\n<p class=\"wp-block-paragraph\"><br>\u2026rvizcainoa@gmail.com \/ Twitter: @_Vizcaino \/ Facebook \/ https:\/\/www.facebook.com\/rvizcainoa<\/p>\n","protected":false},"excerpt":{"rendered":"<p>Roberto Vizca\u00ednoSemM\u00e9xico, Ciudad de M\u00e9xico, 13 de febrero del 2023.- Escuchamos a todas y todos, dir\u00eda a fines de la semana Ricardo Monreal al adelantar que esta semana saldr\u00e1 finalmente para su promulgaci\u00f3n en Plan B electoral de AMLO. Otra cosa ser\u00e1 su viabilidad. Eso lo decidir\u00e1 la Suprema Corte, admiti\u00f3. Reconoci\u00f3 que todo lo [&hellip;]<\/p>\n","protected":false},"author":3,"featured_media":39589,"comment_status":"open","ping_status":"open","sticky":false,"template":"","format":"standard","meta":{"_monsterinsights_skip_tracking":false,"footnotes":""},"categories":[35,623,622],"tags":[],"class_list":["post-62599","post","type-post","status-publish","format-standard","has-post-thumbnail","category-opinion","category-roberto-vizcaino","category-tras-la-puerta-del-poder"],"_links":{"self":[{"href":"https:\/\/redsemlac.com\/semmexico\/wp-json\/wp\/v2\/posts\/62599","targetHints":{"allow":["GET"]}}],"collection":[{"href":"https:\/\/redsemlac.com\/semmexico\/wp-json\/wp\/v2\/posts"}],"about":[{"href":"https:\/\/redsemlac.com\/semmexico\/wp-json\/wp\/v2\/types\/post"}],"author":[{"embeddable":true,"href":"https:\/\/redsemlac.com\/semmexico\/wp-json\/wp\/v2\/users\/3"}],"replies":[{"embeddable":true,"href":"https:\/\/redsemlac.com\/semmexico\/wp-json\/wp\/v2\/comments?post=62599"}],"version-history":[{"count":0,"href":"https:\/\/redsemlac.com\/semmexico\/wp-json\/wp\/v2\/posts\/62599\/revisions"}],"wp:featuredmedia":[{"embeddable":true,"href":"https:\/\/redsemlac.com\/semmexico\/wp-json\/wp\/v2\/media\/39589"}],"wp:attachment":[{"href":"https:\/\/redsemlac.com\/semmexico\/wp-json\/wp\/v2\/media?parent=62599"}],"wp:term":[{"taxonomy":"category","embeddable":true,"href":"https:\/\/redsemlac.com\/semmexico\/wp-json\/wp\/v2\/categories?post=62599"},{"taxonomy":"post_tag","embeddable":true,"href":"https:\/\/redsemlac.com\/semmexico\/wp-json\/wp\/v2\/tags?post=62599"}],"curies":[{"name":"wp","href":"https:\/\/api.w.org\/{rel}","templated":true}]}}