{"id":62580,"date":"2023-02-12T13:53:10","date_gmt":"2023-02-12T19:53:10","guid":{"rendered":"https:\/\/redsemlac.com\/semmexico\/?p=62580"},"modified":"2023-02-12T13:53:12","modified_gmt":"2023-02-12T19:53:12","slug":"promover-el-acceso-de-las-mujeres-a-la-economia-digital-acordaron-en-la-64o-reunion-de-la-mujer-en-america-latina","status":"publish","type":"post","link":"https:\/\/redsemlac.com\/semmexico\/promover-el-acceso-de-las-mujeres-a-la-economia-digital-acordaron-en-la-64o-reunion-de-la-mujer-en-america-latina\/","title":{"rendered":"<strong>Promover el acceso de las mujeres a la econom\u00eda digital acordaron en la 64\u00ba Reuni\u00f3n de la Mujer en Am\u00e9rica Latina&nbsp;<\/strong>"},"content":{"rendered":"\n<p class=\"wp-block-paragraph\"><strong>Relegadas las mujeres en la participaci\u00f3n laboral en \u00e1reas de ciencia, tecnolog\u00eda, ingenier\u00eda y matem\u00e1ticas<\/strong><\/p>\n\n\n\n<p class=\"wp-block-paragraph\">Micaela M\u00e1rquez<\/p>\n\n\n\n<p class=\"wp-block-paragraph\">SemM\u00e9xico, Ciudad &nbsp;de M\u00e9xico, 12 de febrero, 2023.- Pa\u00edses de la regi\u00f3n se comprometieron a \u201cpromover pol\u00edticas p\u00fablicas intersectoriales que incluyan medidas de acci\u00f3n afirmativa para propiciar la participaci\u00f3n, la permanencia y la culminaci\u00f3n de la educaci\u00f3n de las ni\u00f1as, las adolescentes y las mujeres en las \u00e1reas de la ciencia, la ingenier\u00eda, las matem\u00e1ticas y las tecnolog\u00edas\u201d, as\u00ed como su acceso pleno a la emergente econom\u00eda digital y sus potenciales oportunidades.<\/p>\n\n\n\n<p class=\"wp-block-paragraph\">As\u00ed lo establecieron las ministras y autoridades de los mecanismos nacionales para el adelanto de las mujeres reunidas en la 64\u00ba Reuni\u00f3n de la Mesa Directiva de la Conferencia Regional sobre la Mujer organizada por la Comisi\u00f3n Econ\u00f3mica para Am\u00e9rica Latina y el Caribe (CEPAL) y ONU Mujeres el pasado 8 y 9 de febrero.<\/p>\n\n\n\n<p class=\"wp-block-paragraph\">Participaron delegaciones de los 15 pa\u00edses que integran la Mesa, entre ellos M\u00e9xico y funcionarias y funcionarios de los 18 estados miembros de la CEPAL.<\/p>\n\n\n\n<p class=\"wp-block-paragraph\">Ana G\u00fcezmes, Directora de la Divisi\u00f3n de Asuntos de G\u00e9nero de la CEPAL, mencion\u00f3 que los acuerdo y documentos tomados nutren la Agenda Regional de G\u00e9nero y da pautas sobre c\u00f3mo abordar las desigualdades estructurales y avanzar en el acceso, uso, apropiaci\u00f3n e innovaci\u00f3n tecnol\u00f3gica de las mujeres y las ni\u00f1as en toda su diversidad.<\/p>\n\n\n\n<p class=\"wp-block-paragraph\">Permiten recuperar el talento perdido frente a la paradoja de que, si bien las mujeres tienen mayor tasa de conclusi\u00f3n de la educaci\u00f3n que los hombres, est\u00e1n relegadas en la participaci\u00f3n laboral y m\u00e1s en las \u00e1reas de ciencia, tecnolog\u00eda, ingenier\u00eda y matem\u00e1ticas, as\u00ed como en la innovaci\u00f3n y en la producci\u00f3n de conocimiento cient\u00edfico\u201d, dijo.<\/p>\n\n\n\n<p class=\"wp-block-paragraph\">Asimismo, refiri\u00f3 que como regi\u00f3n se tiene un rumbo claro para avanzar hacia la sociedad del cuidado que, entre otros beneficios, libere de tiempo y trabajo no remunerado a las mujeres para que puedan tener plena participaci\u00f3n en el \u00e1mbito laboral, puedan capacitarse y acceder en igualdad de condiciones a la educaci\u00f3n y las tecnolog\u00edas digitales\u201d.<\/p>\n\n\n\n<p class=\"wp-block-paragraph\">Aseguro que existe en la regi\u00f3n una agenda de prioridades clara y contundente. \u201cHay propuestas innovadoras para abordar las m\u00faltiples crisis que minan la igualdad y hay soluciones audaces para cerrar las brechas de g\u00e9nero\u201d.<\/p>\n\n\n\n<p class=\"wp-block-paragraph\"><strong>Mayor participaci\u00f3n de las mujeres en \u00e1reas de innovaci\u00f3n y tecnolog\u00eda y avanzar a sociedades de cuidado m\u00e1s justas<\/strong><\/p>\n\n\n\n<p class=\"wp-block-paragraph\">Ayel\u00e9n Mazzina, Ministra de las Mujeres, G\u00e9neros y Diversidad de Argentina y Presidenta de la Mesa Directiva de la Conferencia Regional, Llam\u00f3 a concentrar esfuerzos en una \u201ceducaci\u00f3n libre de mandatos y estereotipos en todos los niveles\u201d y en una mayor participaci\u00f3n de las mujeres en las \u00e1reas de innovaci\u00f3n, ciencia y tecnolog\u00eda.<\/p>\n\n\n\n<p class=\"wp-block-paragraph\">\u201cConf\u00edo en que nos seguiremos esforzando por implementar el Compromiso de Buenos Aires con pol\u00edticas, programas y avances hacia sociedades de cuidado, sociedades m\u00e1s justas, con m\u00e1s igualdad y m\u00e1s oportunidades\u201d.<\/p>\n\n\n\n<p class=\"wp-block-paragraph\">En la Declaraci\u00f3n se acuerda \u201cfomentar la participaci\u00f3n laboral de las mujeres en toda su diversidad en \u00e1reas de ciencia, tecnolog\u00eda, ingenier\u00eda y matem\u00e1ticas, eliminando la segregaci\u00f3n laboral y todas las formas de discriminaci\u00f3n y violencia por raz\u00f3n de g\u00e9nero contra las mujeres y garantizando el trabajo decente y la igualdad salarial, en particular en sectores emergentes, entre ellos el de la econom\u00eda digital, que son clave para el cambio estructural con igualdad y la descarbonizaci\u00f3n de las econom\u00edas\u201d.<\/p>\n\n\n\n<p class=\"wp-block-paragraph\">Agradeci\u00f3 la participaci\u00f3n de las delegaciones, destacando los resultados de la Sesi\u00f3n especial de Consulta Regional previa al 67\u00b0 per\u00edodo de sesiones de la CSW.<\/p>\n\n\n\n<p class=\"wp-block-paragraph\">Cecilia Alemany, Directora Regional Adjunta para las Am\u00e9ricas y el Caribe de ONU Mujeres y Representante interina en Argentina, resalt\u00f3 \u201cla importancia de potenciar la cooperaci\u00f3n regional e internacional en todas sus formas, respondiendo al concepto promovido por Chile de una cooperaci\u00f3n \u2018tous azimuts\u2019 y acu\u00f1ada como \u2018cooperaci\u00f3n circular\u2019 para una transici\u00f3n digital incluyente vinculada con la transici\u00f3n social y el fortalecimiento los ministerios de las mujeres, y que se plantea en la declaraci\u00f3n que hoy acuerdan los gobiernos de Am\u00e9rica Latina y el Caribe.<\/p>\n\n\n\n<p class=\"wp-block-paragraph\">En la Declaraci\u00f3n, las ministras y altas autoridades acordaron \u201cimpulsar programas de cooperaci\u00f3n subregional, regional y multilateral relacionados con la transformaci\u00f3n tecnol\u00f3gica y el ecosistema digital a trav\u00e9s de modalidades de cooperaci\u00f3n Norte-Sur, Sur-Sur y triangular, incluso entre los mecanismos nacionales para el adelanto de las mujeres, que promuevan la igualdad de g\u00e9nero y la autonom\u00eda de las mujeres en toda su diversidad\u201d.<\/p>\n\n\n\n<p class=\"wp-block-paragraph\">De igual forma, las delegadas se comprometieron a \u201capoyar el emprendimiento digital de las mujeres, en particular en el comercio electr\u00f3nico, entre otras, en la esfera de la microempresa y peque\u00f1a y mediana empresa, buscar soluciones locales, elaborar contenidos pertinentes y promover la innovaci\u00f3n y la creaci\u00f3n de empleo decente\u201d.<\/p>\n\n\n\n<p class=\"wp-block-paragraph\"><strong>En M\u00e9xico atorado desde el 2020 el Sistema Nacional de Cuidados<\/strong><\/p>\n\n\n\n<p class=\"wp-block-paragraph\">M\u00e9xico participo con un llamado hacia un nuevo estilo de desarrollo basado en el reconocimiento de los cuidados como derecho humano fundamental por parte de la presidenta del Instituto Nacional de las Mujeres (Inmujeres), Nadine Gasman Zylbermann, quien refiri\u00f3 que en M\u00e9xico se impulsa la creaci\u00f3n de un Sistema Nacional de Cuidados universal, progresivo y sostenible.<\/p>\n\n\n\n<p class=\"wp-block-paragraph\">Sin embargo, cabe recordar que, aunque la C\u00e1mara de Diputados aprob\u00f3 en noviembre del 2020 establecer el derecho al cuidado digno y crear el Sistema Nacional de Cuidados este se encuentra atorado en el Senado de la Republica en la Comisi\u00f3n de Puntos Constitucionales.<\/p>\n\n\n\n<p class=\"wp-block-paragraph\">M\u00e9xico podr\u00eda ser un l\u00edder en Am\u00e9rica Latina de aprobarse y materializarse la creaci\u00f3n del Sistema Nacional de Cuidados al reconocerlo como un derecho, un bien p\u00fablico y un pilar de la protecci\u00f3n social clave para avanzar en la agenda de la igualdad de g\u00e9nero.<\/p>\n\n\n\n<p class=\"wp-block-paragraph\">La directora regional para las Am\u00e9ricas y el Caribe de ONU Mujeres, Mar\u00eda Noel Vaeza, expres\u00f3 que las transiciones hacia la sostenibilidad y la digitalizaci\u00f3n tienen el potencial de crear millones de puestos de trabajo decentes en la regi\u00f3n. \u201cEs necesario que las mujeres se beneficien en pie de igualdad con los hombres\u201d.<\/p>\n\n\n\n<p class=\"wp-block-paragraph\">La Declaraci\u00f3n de la 64\u00ba Reuni\u00f3n de la Mesa Directiva de la Conferencia Regional sobre la Mujer de Am\u00e9rica Latina y el Caribe se dar\u00e1 a conocer a las Canciller\u00edas de los Gobiernos de la regi\u00f3n como aporte de Am\u00e9rica Latina y el Caribe a la negociaci\u00f3n de las conclusiones convenidas que se aprobar\u00e1n en el 67\u00ba per\u00edodo de sesiones de la CSW (6-17 de marzo de 2023).<\/p>\n","protected":false},"excerpt":{"rendered":"<p>Pa\u00edses de la regi\u00f3n se comprometieron a \u201cpromover pol\u00edticas p\u00fablicas intersectoriales que incluyan medidas de acci\u00f3n afirmativa para propiciar la participaci\u00f3n, la permanencia y la culminaci\u00f3n de la educaci\u00f3n de las ni\u00f1as, las adolescentes y las mujeres en las \u00e1reas de la ciencia, la ingenier\u00eda, las matem\u00e1ticas y las tecnolog\u00edas\u201d<\/p>\n","protected":false},"author":3,"featured_media":62581,"comment_status":"open","ping_status":"open","sticky":false,"template":"","format":"standard","meta":{"_monsterinsights_skip_tracking":false,"footnotes":""},"categories":[53],"tags":[],"class_list":["post-62580","post","type-post","status-publish","format-standard","has-post-thumbnail","category-internacional"],"_links":{"self":[{"href":"https:\/\/redsemlac.com\/semmexico\/wp-json\/wp\/v2\/posts\/62580","targetHints":{"allow":["GET"]}}],"collection":[{"href":"https:\/\/redsemlac.com\/semmexico\/wp-json\/wp\/v2\/posts"}],"about":[{"href":"https:\/\/redsemlac.com\/semmexico\/wp-json\/wp\/v2\/types\/post"}],"author":[{"embeddable":true,"href":"https:\/\/redsemlac.com\/semmexico\/wp-json\/wp\/v2\/users\/3"}],"replies":[{"embeddable":true,"href":"https:\/\/redsemlac.com\/semmexico\/wp-json\/wp\/v2\/comments?post=62580"}],"version-history":[{"count":0,"href":"https:\/\/redsemlac.com\/semmexico\/wp-json\/wp\/v2\/posts\/62580\/revisions"}],"wp:featuredmedia":[{"embeddable":true,"href":"https:\/\/redsemlac.com\/semmexico\/wp-json\/wp\/v2\/media\/62581"}],"wp:attachment":[{"href":"https:\/\/redsemlac.com\/semmexico\/wp-json\/wp\/v2\/media?parent=62580"}],"wp:term":[{"taxonomy":"category","embeddable":true,"href":"https:\/\/redsemlac.com\/semmexico\/wp-json\/wp\/v2\/categories?post=62580"},{"taxonomy":"post_tag","embeddable":true,"href":"https:\/\/redsemlac.com\/semmexico\/wp-json\/wp\/v2\/tags?post=62580"}],"curies":[{"name":"wp","href":"https:\/\/api.w.org\/{rel}","templated":true}]}}