{"id":62576,"date":"2023-02-12T13:50:43","date_gmt":"2023-02-12T19:50:43","guid":{"rendered":"https:\/\/redsemlac.com\/semmexico\/?p=62576"},"modified":"2023-02-12T13:50:45","modified_gmt":"2023-02-12T19:50:45","slug":"denuncian-violacion-a-derechos-laborales-trabajadoras-de-las-lunas-de-la-secretaria-de-las-mujeres-de-la-capital","status":"publish","type":"post","link":"https:\/\/redsemlac.com\/semmexico\/denuncian-violacion-a-derechos-laborales-trabajadoras-de-las-lunas-de-la-secretaria-de-las-mujeres-de-la-capital\/","title":{"rendered":"Denuncian violaci\u00f3n a derechos laborales trabajadoras de las Lunas, de la Secretaria de las Mujeres de la capital,"},"content":{"rendered":"\n<p class=\"wp-block-paragraph\">Con un oficio les ampliaron su horario, autoridades desconocen un acuerdo publicado en 2016<\/p>\n\n\n\n<p class=\"wp-block-paragraph\">Viejos pendientes en su vida laboral, por ejemplo, el Issste no atiende a las trabajadoras de c\u00e1ncer de mama<\/p>\n\n\n\n<p class=\"wp-block-paragraph\">Desde el viernes trabajan bajo protesta y este lunes se manifestar\u00e1n p\u00fablicamente en oficinas centrales<\/p>\n\n\n\n<p class=\"wp-block-paragraph\">Elda Montiel<\/p>\n\n\n\n<p class=\"wp-block-paragraph\">SemM\u00e9xico, Cd. de M\u00e9xico, 12 de febrero 2023.- Las trabajadoras de la N\u00f3mina 8 del gobierno de la Ciudad de M\u00e9xico, protestar\u00e1n ma\u00f1ana, en respuesta a un cambio en condiciones de trabajo que viola los acuerdos de 2016.<\/p>\n\n\n\n<p class=\"wp-block-paragraph\">Se trata de las trabajadoras las que atienden Las Lunas o centros de apoyo para las mujeres, dependiente de la Secretaria de la Mujer del gobierno capitalino; ellas han convocado a una protesta en oficinas centrales, &#8211; avenida Morelos No.&nbsp; 20- y explican sus razones. Informan que les cambiaron el horario de salida de los viernes a las 15 horas a horario normal de lunes a jueves, &#8211; hasta en la tarde-, pero el horario reducido es una prestaci\u00f3n con la que cuentan desde el a\u00f1o 2016 y publicado en la Gaceta Oficial de la Ciudad de M\u00e9xico el 10 de mayo del 2016.<\/p>\n\n\n\n<p class=\"wp-block-paragraph\">Informaron que en una circular del 9 de febrero la secretaria de las Mujeres les comunic\u00f3 con el Asunto de \u201cCriterios de asistencia\u201d que a partir del vienes 10 de febrero todo el personal sindicalizado deber\u00e1 cubrir su horario completo los d\u00edas viernes, como lo hacen de lunes a jueves.<\/p>\n\n\n\n<p class=\"wp-block-paragraph\">Advierten en el mismo oficio que se trata de una \u201ccorrecta implementaci\u00f3n de la nueva cultura laboral sobre organizaci\u00f3n del tiempo&#8230; y aluden a la excepci\u00f3n del supuesto imprevisto para el horario de atenci\u00f3n a tramites y servicios que demanda la ciudadan\u00eda que podr\u00e1 ser de 9 horas hasta las 19 horas.<\/p>\n\n\n\n<p class=\"wp-block-paragraph\">Argumentan, en el mismo oficio, que esta decisi\u00f3n no debe tomarse como la eliminaci\u00f3n de la cultura laboral sino como su correcta implementaci\u00f3n, bajo el argumento que los servicios que presta la secretaria de las Mujeres es a mujeres v\u00edctimas de violencia lo que constituye un orden prioritario y estrechamente vinculatorio a la procuraci\u00f3n de justicia.<\/p>\n\n\n\n<p class=\"wp-block-paragraph\">Las empleadas de la nomina 8 cumplieron este viernes con el horario bajo protesta en todas las alcald\u00edas y con colocaci\u00f3n de cartulinas donde expresan que sus derechos laborales est\u00e1n siendo violados y exigen \u201cBase con digito sindical para el personal de la nomina 8 con condiciones dignas de trabajo\u201d.<\/p>\n\n\n\n<p class=\"wp-block-paragraph\">Adem\u00e1s, expresan que resulta ir\u00f3nico que la Secretaria de las Mujeres que se ha caracterizado con las mujeres victimas de violencia a las mujeres de la base trabajadora, como las operativas, las de la chamba ruda y diaria en territorio sin explicaci\u00f3n l\u00f3gica y de la noche a la ma\u00f1ana les quiten los derechos ganados.<\/p>\n\n\n\n<p class=\"wp-block-paragraph\">Subrayan lo absurdo que resulta que la Secretaria de las Mujeres Cd. de M\u00e9xico seg\u00fan trabaja para erradicar la violencia contra las mujeres, pero no deja de violentar los derechos de sus trabajadoras.<\/p>\n\n\n\n<p class=\"wp-block-paragraph\"><strong>El ISSSTE no le proporciona tratamiento de c\u00e1ncer de mama a trabajadora y todav\u00eda le bajan nivel y sueldo en el gobierno capitalino<\/strong><\/p>\n\n\n\n<p class=\"wp-block-paragraph\">Tambi\u00e9n dieron a conocer el poco apoyo al personal femenino de las Lunas incluso en casos de enfermedad como en el caso de la trabajadora Nallelih H., de 35 a\u00f1os de edad con c\u00e1ncer de mama y en tratamiento no por el ISSSTE porque no lo cubre sino por la fundaci\u00f3n FUCAM, que, aunque poco si tiene costo que ya no podr\u00e1 cubrir. &nbsp;Su jefa inmediata Brenda C., le dijo que faltaba mucho y que \u201cla plata la necesitaba alguien mas y su actividad era menor\u201d.<\/p>\n\n\n\n<p class=\"wp-block-paragraph\">Esta situaci\u00f3n se dio a conocer tambi\u00e9n en \u201cAnimal Pol\u00edtico\u201d el 1\u00ba de enero de este a\u00f1o, Nallelih coment\u00f3 que fue con la titular Ingrid G\u00f3mez Sarac\u00edbar quien le respondi\u00f3 que deb\u00eda acatar \u00f3rdenes. La dependencia argumento que el 31 de diciembre concluyo el contrato anual con el que estaba contratada Nalleyli y como ten\u00eda faltas sin justificar la recontrataron con un puesto distinto y menos actividades y sueldo.<\/p>\n\n\n\n<p class=\"wp-block-paragraph\">La trabajadora se\u00f1alo que acudir\u00e1 a la Contralor\u00eda Interna del gobierno de la Ciudad de M\u00e9xico y a la Comisi\u00f3n de Derechos Humanos de la Ciudad de M\u00e9xico para que le regresen el nivel y sueldo que ven\u00eda percibiendo.<\/p>\n\n\n\n<figure class=\"wp-block-image size-large\"><a href=\"https:\/\/redsemlac.com\/semmexico\/wp-content\/uploads\/2023\/02\/derechos-laborales.jpg\"><img decoding=\"async\" src=\"https:\/\/redsemlac.com\/semmexico\/wp-content\/uploads\/2023\/02\/derechos-laborales-684x1024.jpg\" alt=\"\" class=\"wp-image-62578\"\/><\/a><\/figure>\n","protected":false},"excerpt":{"rendered":"<p>Las trabajadoras de la N\u00f3mina 8 del gobierno de la Ciudad de M\u00e9xico, protestar\u00e1n ma\u00f1ana, en respuesta a un cambio en condiciones de trabajo que viola los acuerdos de 2016.<\/p>\n","protected":false},"author":3,"featured_media":62577,"comment_status":"open","ping_status":"open","sticky":false,"template":"","format":"standard","meta":{"_monsterinsights_skip_tracking":false,"footnotes":""},"categories":[54],"tags":[],"class_list":["post-62576","post","type-post","status-publish","format-standard","has-post-thumbnail","category-mujeres"],"_links":{"self":[{"href":"https:\/\/redsemlac.com\/semmexico\/wp-json\/wp\/v2\/posts\/62576","targetHints":{"allow":["GET"]}}],"collection":[{"href":"https:\/\/redsemlac.com\/semmexico\/wp-json\/wp\/v2\/posts"}],"about":[{"href":"https:\/\/redsemlac.com\/semmexico\/wp-json\/wp\/v2\/types\/post"}],"author":[{"embeddable":true,"href":"https:\/\/redsemlac.com\/semmexico\/wp-json\/wp\/v2\/users\/3"}],"replies":[{"embeddable":true,"href":"https:\/\/redsemlac.com\/semmexico\/wp-json\/wp\/v2\/comments?post=62576"}],"version-history":[{"count":0,"href":"https:\/\/redsemlac.com\/semmexico\/wp-json\/wp\/v2\/posts\/62576\/revisions"}],"wp:featuredmedia":[{"embeddable":true,"href":"https:\/\/redsemlac.com\/semmexico\/wp-json\/wp\/v2\/media\/62577"}],"wp:attachment":[{"href":"https:\/\/redsemlac.com\/semmexico\/wp-json\/wp\/v2\/media?parent=62576"}],"wp:term":[{"taxonomy":"category","embeddable":true,"href":"https:\/\/redsemlac.com\/semmexico\/wp-json\/wp\/v2\/categories?post=62576"},{"taxonomy":"post_tag","embeddable":true,"href":"https:\/\/redsemlac.com\/semmexico\/wp-json\/wp\/v2\/tags?post=62576"}],"curies":[{"name":"wp","href":"https:\/\/api.w.org\/{rel}","templated":true}]}}