{"id":6255,"date":"2018-08-17T23:39:25","date_gmt":"2018-08-17T23:39:25","guid":{"rendered":"https:\/\/redsemlac.com\/semmexico\/?p=6255"},"modified":"2023-07-21T14:32:45","modified_gmt":"2023-07-21T19:32:45","slug":"palabra-de-mujer-17","status":"publish","type":"post","link":"https:\/\/redsemlac.com\/semmexico\/palabra-de-mujer-17\/","title":{"rendered":"Palabra de Mujer"},"content":{"rendered":"\n<p class=\"wp-block-paragraph\">Andr\u00e9s Flores Rosas, Siembra y Fruto<\/p>\n\n\n\n<h5 class=\"wp-block-heading\"> \u2022 48 horas de fandango porque no hab\u00eda otra manera de despedir a un ser tan vital y virtuoso c\u00f3mo Andr\u00e9s Flores Rosas.<\/h5>\n\n\n\n<p class=\"wp-block-paragraph\"><a href=\"https:\/\/semmexico.com\/gallery-post.php?id=5597#\">Billy Parker<\/a><\/p>\n\n\n\n<blockquote class=\"wp-block-quote is-layout-flow wp-block-quote-is-layout-flow\"><p><em>&#8211; La \u00faltima palabra se ha dicho, todo el mundo se levanta y reina el silencio absoluto, no hay tiempo de celebrar ni de fandanguear, las cuerdas se han desafinado, de la serran\u00eda viene bajando un llanto, se ha ido el maestro y pilar de este movimiento Andr\u00e9s Flores.<\/em><\/p><p><em>\u00ab-Hay que irlo a sembrar\u2026\u201d<\/em><\/p><p><em>\u00ab-S\u00ed, exacto hermano, a la semilla hay que irla a sembrar&#8230; \u201c(Mateo Rueda)<\/em><\/p><\/blockquote>\n\n\n\n<p class=\"wp-block-paragraph\">SemM\u00e9xico, 17 agosto 2018.- Y hubo 48 horas de fandango porque no hab\u00eda otra manera de despedir a un ser tan vital y virtuoso c\u00f3mo Andr\u00e9s Flores Rosas, destacado representante del son jarocho. Su talante pacificador, de beberse la vida en melod\u00edas y risas, fue fruto de la tradici\u00f3n.<\/p>\n\n\n\n<p class=\"wp-block-paragraph\">&nbsp;A las 12 horas, el son jarocho Olmeca abordaba con el &nbsp;gobernador electo de Veracruz, Cuitl\u00e1huac Garc\u00eda, el caso de la dolorosa situaci\u00f3n de los m\u00fasicos veracruzanos, abandonados por el sistema estatal, que no cuentan ni para atenci\u00f3n m\u00e9dica o su propio funeral. Un minuto de silencio pide el gobernador electo, empero su familia queda en la orfandad.<\/p>\n\n\n\n<p class=\"wp-block-paragraph\">Cuando internan a Andr\u00e9s Flores su banda, la creciente comunidad del son Jarocho, &nbsp;moviliz\u00f3 corazones, organiz\u00f3 fandangos pero, ya no hubo manera de rescatarlo de las manos de la muerte floreada, que tanto pintaba en sus obras de artes. Exiliado de su tierra Coatzacoalcos, debido a la violencia, viaj\u00f3 por el mundo para llevar al son Jarocho y su vida se extingui\u00f3 por falta de recursos para atender la emergencia de un derrame cerebral.<\/p>\n\n\n\n<p class=\"wp-block-paragraph\">Una muerte que pone a la vista la invisibilidad de los m\u00fasicos de tradici\u00f3n, casi todos provenientes de la zona rural, ind\u00edgenas o campesinos. Marginados de manera social e institucional, que confirm\u00f3 el mismo gobernador electo Garc\u00eda Jim\u00e9nez, al revelar en reuni\u00f3n con la comunidad del son en la regi\u00f3n olmeca, \u201cnadie me avis\u00f3\u201d. Evidencia que sus asesores, estando al tanto que ir\u00eda a sesi\u00f3n de trabajo con los hermanos de uno de los representante m\u00e1s destacados de la m\u00fasica veracruzana, quien &nbsp;agonizaba en el Hospital Nach\u00f3n de la Ciudad de Xalapa, no tuvieron a bien notificarle \u00bfQu\u00e9 clase de acompa\u00f1amiento le hacen al pr\u00f3ximo mandatario en sus primeros encuentros con la sociedad civil.<\/p>\n\n\n\n<p class=\"wp-block-paragraph\">Los protagonistas del son Jarocho se parten el alma por preservar y proteger el legado sociocultural y musical que pudiera desgarrar la inercia ego\u00edsta de una sociedad &nbsp;que rechaza los valores. No obstante su caminar descalzo por la tierra del olvido, en ellos sigue sobreviviendo el deseo de transmitir la tradici\u00f3n, que los nutre y hace amar la armon\u00eda, el goce y la paz.<\/p>\n\n\n\n<p class=\"wp-block-paragraph\">Ellos los m\u00fasicos como Andr\u00e9s Flores, son inspiraci\u00f3n y genialidad de los artistas que construyen su verdad cantando y desafiando a la vida. Se resisten al abandono &nbsp;con una sonrisa y magia en las manos y en las voces privilegiadas como la de Andr\u00e9s,&nbsp; laudero, decimista y mago del pandero.<\/p>\n\n\n\n<p class=\"wp-block-paragraph\">Miles de tuits, de todas las partes del mundo, entristecieron la red social, &nbsp;convirti\u00e9ndolo en tendencia esa lluviosa jornada, &nbsp;al apagarse la tarde -y la vida- de uno de los grandes representantes del Son Jarocho.<\/p>\n\n\n\n<p class=\"wp-block-paragraph\">Como pocas veces la comunidad se vio unida, era la siembra, su legado, su \u00faltima carcajada a la parca, que se lo llev\u00f3 pero, no se lo llev\u00f3. &nbsp;<\/p>\n\n\n\n<p class=\"wp-block-paragraph\">Nacido en El Corte, Veracruz, de personalidad solar, dir\u00edan los seguidores de la psicolog\u00eda Transpersonal, nunca dej\u00f3 de re\u00edrse y cantar a la &nbsp;vida, &nbsp;contagiando a todos en su entorno. Considerado como \u201cuno de los pocos ejecutantes del pandero del son, su conocimiento lo difundi\u00f3 por todo el mundo\u201d, donde si lo reconocen.<\/p>\n\n\n\n<p class=\"wp-block-paragraph\">Innovador, apasionado, Andr\u00e9s llev\u00f3 a Veracruz al mundo, s\u00f3lo, con su jarana y su &nbsp;su pandero, a Estados Unidos, Europa, el Caribe y varios lugares m\u00e1s del mundo.<\/p>\n\n\n\n<p class=\"wp-block-paragraph\">Andr\u00e9s Flores fund\u00f3, con otros, uno de los mejores grupos del Son Jarocho, Chuchumb\u00e9, recuerda uno de sus m\u00e1s cercano y hermano Ricardo Perry, tambi\u00e9n fundador, hoy director musical de Los Cojolites y Preside el Centro de Documentaci\u00f3n de la m\u00fasica veracruzana en el sur de Veracruz.&nbsp;<\/p>\n\n\n\n<p class=\"wp-block-paragraph\">Las d\u00e9cimas de Andr\u00e9s Flores mostraban problem\u00e1ticas sociales c\u00f3mo lo hacen los juglares modernos que no tienen m\u00e1s que el momento en su maleta. \u201cSer ilegal no es aquel, Que va buscando otro mundo, Y se va cual vagabundo, Con un l\u00e1tigo en la piel, Ser ilegal es el cruel, Gobernante, bandolero; Que manda su cancerbero; A pisotear lo que tienes; Y con trabajo sostienes; Todo pa\u00eds extranjero\u201d.<\/p>\n\n\n\n<p class=\"wp-block-paragraph\">Recuperando sus pasos luego de su velorio el domingo a las 20 Horas Recibi\u00f3 el regalo de Radio F\u00f3rmula, quien en el noticiero de MaruRojasenFormula.com (Gracias Maru)&nbsp;<a href=\"http:\/\/marurojasenformula.com\/pod-cast-domingo-12-de-agosto-2018\/#jp-carousel-47490\">http:\/\/marurojasenformula.com\/pod-cast-domingo-12-de-agosto-2018\/#jp-carousel-47490<\/a>&nbsp;&nbsp;se le rindi\u00f3 un homenaje recordando su trayectoria, pero tambi\u00e9n exponiendo la injusticia social para con los cientos de m\u00fasicos rurales, que han fallecido en el abandono de quienes los utilizan sin paga en eventos y cuando tienen un emergencia, los olvidan.<\/p>\n\n\n\n<p class=\"wp-block-paragraph\">SEM\/bp\/im<br><\/p>\n","protected":false},"excerpt":{"rendered":"<p>Andr\u00e9s Flores Rosas, Siembra y Fruto \u2022 48 horas de fandango porque no hab\u00eda otra manera de despedir a un ser tan vital y virtuoso c\u00f3mo Andr\u00e9s Flores Rosas. Billy Parker &#8211; La \u00faltima palabra se ha dicho, todo el mundo se levanta y reina el silencio absoluto, no hay tiempo de celebrar ni de [&hellip;]<\/p>\n","protected":false},"author":3,"featured_media":6161,"comment_status":"open","ping_status":"open","sticky":false,"template":"","format":"standard","meta":{"_monsterinsights_skip_tracking":false,"footnotes":""},"categories":[689,81,1],"tags":[],"class_list":["post-6255","post","type-post","status-publish","format-standard","has-post-thumbnail","category-689","category-billy-parker","category-uncategorized"],"_links":{"self":[{"href":"https:\/\/redsemlac.com\/semmexico\/wp-json\/wp\/v2\/posts\/6255","targetHints":{"allow":["GET"]}}],"collection":[{"href":"https:\/\/redsemlac.com\/semmexico\/wp-json\/wp\/v2\/posts"}],"about":[{"href":"https:\/\/redsemlac.com\/semmexico\/wp-json\/wp\/v2\/types\/post"}],"author":[{"embeddable":true,"href":"https:\/\/redsemlac.com\/semmexico\/wp-json\/wp\/v2\/users\/3"}],"replies":[{"embeddable":true,"href":"https:\/\/redsemlac.com\/semmexico\/wp-json\/wp\/v2\/comments?post=6255"}],"version-history":[{"count":0,"href":"https:\/\/redsemlac.com\/semmexico\/wp-json\/wp\/v2\/posts\/6255\/revisions"}],"wp:featuredmedia":[{"embeddable":true,"href":"https:\/\/redsemlac.com\/semmexico\/wp-json\/wp\/v2\/media\/6161"}],"wp:attachment":[{"href":"https:\/\/redsemlac.com\/semmexico\/wp-json\/wp\/v2\/media?parent=6255"}],"wp:term":[{"taxonomy":"category","embeddable":true,"href":"https:\/\/redsemlac.com\/semmexico\/wp-json\/wp\/v2\/categories?post=6255"},{"taxonomy":"post_tag","embeddable":true,"href":"https:\/\/redsemlac.com\/semmexico\/wp-json\/wp\/v2\/tags?post=6255"}],"curies":[{"name":"wp","href":"https:\/\/api.w.org\/{rel}","templated":true}]}}