{"id":62544,"date":"2023-02-10T12:50:03","date_gmt":"2023-02-10T18:50:03","guid":{"rendered":"https:\/\/redsemlac.com\/semmexico\/?p=62544"},"modified":"2023-02-10T12:50:05","modified_gmt":"2023-02-10T18:50:05","slug":"opinion-cladem-un-gobernador-en-jalisco-que-no-dimensiona-los-feminicidios-enrique-alfaro","status":"publish","type":"post","link":"https:\/\/redsemlac.com\/semmexico\/opinion-cladem-un-gobernador-en-jalisco-que-no-dimensiona-los-feminicidios-enrique-alfaro\/","title":{"rendered":"Opini\u00f3n CLADEM| Un gobernador en Jalisco que no dimensiona los feminicidios: Enrique Alfaro"},"content":{"rendered":"\n<p class=\"wp-block-paragraph\"><strong>Elia Estefan\u00eda Mart\u00ednez S\u00e1nchez<\/strong><\/p>\n\n\n\n<p class=\"wp-block-paragraph\">SemM\u00e9xico, Guadalajara, Jalisco, 10 de febrero del 2023.- S\u00f3lo algunas notas para el gobernador de Jalisco Enrique Alfaro. Lo personal es pol\u00edtico. Magistralmente ya desglosado desde los movimientos feministas a lo largo de los a\u00f1os, siendo una de sus principales expositoras Kate Millet en su libro de 1970 Pol\u00edtica sexual en donde se plantea que es necesario desarrollar una psicolog\u00eda y una filosof\u00eda de las relaciones de poder que vayan mucho m\u00e1s all\u00e1 de los l\u00edmites marcados por la pol\u00edtica tradicional.<\/p>\n\n\n\n<p class=\"wp-block-paragraph\">Millett se propone \u201cdemostrar que el sexo es una categor\u00eda social impregnada de pol\u00edtica\u201d. La pol\u00edtica no va a ser definida como el limitado mundo de las reuniones, los presidentes y los partidos, sino como \u201cel conjunto de compromisos estructurados de acuerdo con el poder en virtud de los cuales un grupo de personas queda bajo el control de otro grupo\u201d. Defini\u00f3 el terreno de lo privado -la familia, la reproducci\u00f3n, la sexualidad, la violencia contras las mujeres- como n\u00facleo de la subordinaci\u00f3n de las mujeres, alej\u00e1ndose de los postulados de la izquierda marxista, que supeditaba la igualdad entre las mujeres y los hombres a la desaparici\u00f3n de la dominaci\u00f3n de clase.<\/p>\n\n\n\n<p class=\"wp-block-paragraph\">El d\u00eda 6 de febrero a trav\u00e9s de un mensaje en sus redes sociales, como es costumbre, el gobernador del estado al abordar las cifras y la informaci\u00f3n sobre los casos de violencia contra las mujeres y ni\u00f1as, espec\u00edficamente de feminicidios, mencion\u00f3 lo siguiente:<\/p>\n\n\n\n<p class=\"wp-block-paragraph\">\u201cViolencia feminicida que va mucho m\u00e1s all\u00e1 de lo que pueda hacer un gobierno, surge en el seno del hogar y es producto de la descomposici\u00f3n social, un tema que se genera entre las parejas, entre las familias, (\u2026) 6 feminicidios en enero\u201d<\/p>\n\n\n\n<p class=\"wp-block-paragraph\">\u201c(\u2026) el gobierno ha hecho la parte que le toca, han detenido a las personas que privaron de la vida a las mujeres\u201d.<\/p>\n\n\n\n<p class=\"wp-block-paragraph\">El mismo d\u00eda, en una publicaci\u00f3n horas m\u00e1s tarde public\u00f3:<\/p>\n\n\n\n<p class=\"wp-block-paragraph\">\u201cEn Jalisco la violencia feminicida nos duele. Es un grave problema que parte de la descomposici\u00f3n social y que termina, de la peor manera, por los hombres m\u00e1s cercanos a sus v\u00edctimas, por agresores que est\u00e1n en su c\u00edrculo social, familiar o dentro de su propio hogar\u201d.<\/p>\n\n\n\n<p class=\"wp-block-paragraph\">\u201cEste no es un asunto de polic\u00edas y patrullas. El Gobierno no puede estar dentro de los hogares o intervenir en las relaciones personales de nadie. Lo que s\u00ed nos toca hacer es detener y encarcelar a quienes cometan estos actos brutales\u201d.<\/p>\n\n\n\n<p class=\"wp-block-paragraph\">Al respecto se\u00f1alamos que:<\/p>\n\n\n\n<p class=\"wp-block-paragraph\">1. El Ejecutivo no puede referirse a los feminicidios como un asunto privado, sus afirmaciones carentes de perspectiva de g\u00e9nero y de derechos humanos trasladan la responsabilidad de las violencias a las mujeres y ni\u00f1as v\u00edctimas de feminicidio, se lava las manos y no reconoce que las omisiones de su gobierno les causan la muerte a las mujeres en Jalisco.<\/p>\n\n\n\n<p class=\"wp-block-paragraph\">2. La violencia contra las mujeres no es un asunto privado, es una afectaci\u00f3n a la dignidad humana, una violaci\u00f3n a los derechos humanos y una muestra de discriminaci\u00f3n hist\u00f3rica en contra de las mujeres y ni\u00f1as, as\u00ed lo han establecido diversos organismos de derechos humanos a nivel internacional. El Gobierno del Estado est\u00e1 obligado a desplegar las acciones necesarias hasta el m\u00e1ximo de sus capacidades y recursos para prevenir, atender, investigar y sancionar los feminicidios.<\/p>\n\n\n\n<p class=\"wp-block-paragraph\">3. En materia de derechos humanos, su gobierno tiene obligaciones generales que cumplir: respetar, promover, proteger y garantizar. Desde 1980 a partir de la segunda Conferencia Mundial de la Mujer se reconoci\u00f3 internacionalmente que la violencia contra las mujeres, incluyendo la violencia dom\u00e9stica, constituye una violaci\u00f3n a sus derechos humanos y es un asunto de orden p\u00fablico y el Estado debe intervenir.<\/p>\n\n\n\n<p class=\"wp-block-paragraph\">S\u00f3lo algunas notas para recordar que \u201cLo personal, es pol\u00edtico\u201d.<\/p>\n\n\n\n<p class=\"wp-block-paragraph\"><a href=\"mailto:clademjalsc@gmail.com\">clademjalsc@gmail.com<\/a><\/p>\n","protected":false},"excerpt":{"rendered":"<p>S\u00f3lo algunas notas para el gobernador de Jalisco Enrique Alfaro. Lo personal es pol\u00edtico. <\/p>\n","protected":false},"author":3,"featured_media":62545,"comment_status":"open","ping_status":"open","sticky":false,"template":"","format":"standard","meta":{"_monsterinsights_skip_tracking":false,"footnotes":""},"categories":[35,619],"tags":[],"class_list":["post-62544","post","type-post","status-publish","format-standard","has-post-thumbnail","category-opinion","category-opinion-desde-cladem"],"_links":{"self":[{"href":"https:\/\/redsemlac.com\/semmexico\/wp-json\/wp\/v2\/posts\/62544","targetHints":{"allow":["GET"]}}],"collection":[{"href":"https:\/\/redsemlac.com\/semmexico\/wp-json\/wp\/v2\/posts"}],"about":[{"href":"https:\/\/redsemlac.com\/semmexico\/wp-json\/wp\/v2\/types\/post"}],"author":[{"embeddable":true,"href":"https:\/\/redsemlac.com\/semmexico\/wp-json\/wp\/v2\/users\/3"}],"replies":[{"embeddable":true,"href":"https:\/\/redsemlac.com\/semmexico\/wp-json\/wp\/v2\/comments?post=62544"}],"version-history":[{"count":0,"href":"https:\/\/redsemlac.com\/semmexico\/wp-json\/wp\/v2\/posts\/62544\/revisions"}],"wp:featuredmedia":[{"embeddable":true,"href":"https:\/\/redsemlac.com\/semmexico\/wp-json\/wp\/v2\/media\/62545"}],"wp:attachment":[{"href":"https:\/\/redsemlac.com\/semmexico\/wp-json\/wp\/v2\/media?parent=62544"}],"wp:term":[{"taxonomy":"category","embeddable":true,"href":"https:\/\/redsemlac.com\/semmexico\/wp-json\/wp\/v2\/categories?post=62544"},{"taxonomy":"post_tag","embeddable":true,"href":"https:\/\/redsemlac.com\/semmexico\/wp-json\/wp\/v2\/tags?post=62544"}],"curies":[{"name":"wp","href":"https:\/\/api.w.org\/{rel}","templated":true}]}}