{"id":62489,"date":"2023-02-09T14:03:19","date_gmt":"2023-02-09T20:03:19","guid":{"rendered":"https:\/\/redsemlac.com\/semmexico\/?p=62489"},"modified":"2023-02-09T14:03:21","modified_gmt":"2023-02-09T20:03:21","slug":"acapulco-registra-mayor-numero-de-denuncia-de-mujeres-desaparecidas-gordillo-oliveros","status":"publish","type":"post","link":"https:\/\/redsemlac.com\/semmexico\/acapulco-registra-mayor-numero-de-denuncia-de-mujeres-desaparecidas-gordillo-oliveros\/","title":{"rendered":"<strong>Acapulco registra mayor n\u00famero de denuncia de mujeres desaparecidas: Gordillo Oliveros<\/strong>"},"content":{"rendered":"\n<p class=\"wp-block-paragraph\"><strong>Lourdes Cobos Bautista<\/strong><\/p>\n\n\n\n<p class=\"wp-block-paragraph\">SemM\u00e9xico\/Ceprovysa, Acapulco, Guerrero, 9 de febrero del 2023.- El municipio de Acapulco registra el mayor n\u00famero de mujeres desaparecidas, se\u00f1al\u00f3 Pablo Andr\u00e9 Gordillo Olivares, secretario t\u00e9cnico del estado, quien apunt\u00f3 que 180 mujeres han sido localizadas bajo el esquema de Alerta Violeta y previa denuncia al 911; sin embargo, hay 7 mujeres no localizadas.<\/p>\n\n\n\n<p class=\"wp-block-paragraph\">Se\u00f1al\u00f3 que m\u00e1s del 90 por ciento de las desaparecidas corresponde a problemas dom\u00e9sticos \u201co tema del novio o de la familia\u201d, pero que es \u201cmultifactorial\u201d.<\/p>\n\n\n\n<p class=\"wp-block-paragraph\">No detall\u00f3 qu\u00e9 zonas o colonias de Acapulco presentan el mayor \u00edndice de mujeres desaparecidas -aunque mencion\u00f3 las colonias Renacimiento, Zapata y zona conurbada-, pero afirm\u00f3 que el problema se presenta en todo el municipio.<\/p>\n\n\n\n<p class=\"wp-block-paragraph\">Se\u00f1al\u00f3 que el programa Alerta Violeta se aplica en todo el estado de Guerrero, presumi\u00e9ndose que el problema se presenta en toda la entidad.<\/p>\n\n\n\n<p class=\"wp-block-paragraph\">Entrevistado luego de participar en la sesi\u00f3n del Grupo ACA, donde Gordillo Oliveros present\u00f3 la estrategia del gobierno estatal \u201cTerritorio Violeta\u201d, indic\u00f3 que este programa ha dado resultados positivos, reconocidos por el Secretariado Nacional de Seguridad P\u00fablica.<\/p>\n\n\n\n<p class=\"wp-block-paragraph\">Gordillo Oliveros indic\u00f3 que a cada mujer se le da atenci\u00f3n integral como psicol\u00f3gica y toxicol\u00f3gica, en su caso.<\/p>\n\n\n\n<p class=\"wp-block-paragraph\">Dijo que entre el 2021-2022 se registr\u00f3 una disminuci\u00f3n del 30 por ciento en feminicidios, mientras que en 2018 se redujo en 64 por ciento; en tanto enfatiz\u00f3 que el programa tambi\u00e9n ha sido efectivo bajo el esquema de denuncia ante el 911 \u201cCada Minuto Cuenta\u201d, con 84 por ciento.<\/p>\n\n\n\n<p class=\"wp-block-paragraph\">SEM\/MG<\/p>\n","protected":false},"excerpt":{"rendered":"<p>El municipio de Acapulco registra el mayor n\u00famero de mujeres desaparecidas, se\u00f1al\u00f3 Pablo Andr\u00e9 Gordillo Olivares, secretario t\u00e9cnico del estado.<\/p>\n","protected":false},"author":3,"featured_media":62490,"comment_status":"open","ping_status":"open","sticky":false,"template":"","format":"standard","meta":{"_monsterinsights_skip_tracking":false,"footnotes":""},"categories":[48],"tags":[],"class_list":["post-62489","post","type-post","status-publish","format-standard","has-post-thumbnail","category-no-mas-impunidad-no-mas-impunidad"],"_links":{"self":[{"href":"https:\/\/redsemlac.com\/semmexico\/wp-json\/wp\/v2\/posts\/62489","targetHints":{"allow":["GET"]}}],"collection":[{"href":"https:\/\/redsemlac.com\/semmexico\/wp-json\/wp\/v2\/posts"}],"about":[{"href":"https:\/\/redsemlac.com\/semmexico\/wp-json\/wp\/v2\/types\/post"}],"author":[{"embeddable":true,"href":"https:\/\/redsemlac.com\/semmexico\/wp-json\/wp\/v2\/users\/3"}],"replies":[{"embeddable":true,"href":"https:\/\/redsemlac.com\/semmexico\/wp-json\/wp\/v2\/comments?post=62489"}],"version-history":[{"count":0,"href":"https:\/\/redsemlac.com\/semmexico\/wp-json\/wp\/v2\/posts\/62489\/revisions"}],"wp:featuredmedia":[{"embeddable":true,"href":"https:\/\/redsemlac.com\/semmexico\/wp-json\/wp\/v2\/media\/62490"}],"wp:attachment":[{"href":"https:\/\/redsemlac.com\/semmexico\/wp-json\/wp\/v2\/media?parent=62489"}],"wp:term":[{"taxonomy":"category","embeddable":true,"href":"https:\/\/redsemlac.com\/semmexico\/wp-json\/wp\/v2\/categories?post=62489"},{"taxonomy":"post_tag","embeddable":true,"href":"https:\/\/redsemlac.com\/semmexico\/wp-json\/wp\/v2\/tags?post=62489"}],"curies":[{"name":"wp","href":"https:\/\/api.w.org\/{rel}","templated":true}]}}