{"id":62486,"date":"2023-02-09T11:07:02","date_gmt":"2023-02-09T17:07:02","guid":{"rendered":"https:\/\/redsemlac.com\/semmexico\/?p=62486"},"modified":"2023-02-09T11:07:42","modified_gmt":"2023-02-09T17:07:42","slug":"regresa-corregido-y-aumentado-y-con-orquesta-en-vivo-el-tributo-a-jose-jose-un-aplauso-para-el-amor-estrenara-temporada-en-el-dejavu-night-hall","status":"publish","type":"post","link":"https:\/\/redsemlac.com\/semmexico\/regresa-corregido-y-aumentado-y-con-orquesta-en-vivo-el-tributo-a-jose-jose-un-aplauso-para-el-amor-estrenara-temporada-en-el-dejavu-night-hall\/","title":{"rendered":"<strong>Regresa corregido y aumentado, y con orquesta en vivo el tributo a Jos\u00e9 Jos\u00e9 \u201cUn aplauso para el amor\u201d; estrenar\u00e1 temporada en el Dejav\u00fa Night Hall<\/strong>"},"content":{"rendered":"\n<p class=\"wp-block-paragraph\">Las puertas se abren. El p\u00fablico entra y mientras espera a que comience el show, puede comer y beber una copa. Suena entonces la orquesta con la m\u00fasica inconfundible de un \u00e9xito de Jos\u00e9 Jos\u00e9 de finales de los setenta y es inevitable corear: \u201c<em>Pido un aplauso para el amor \/ que a m\u00ed ha llegado\u201d.<\/em><\/p>\n\n\n\n<p class=\"wp-block-paragraph\">As\u00ed es la experiencia que ofrece el espect\u00e1culo \u201cPido un aplauso para el amor\u201d, un tributo a Jos\u00e9 Jos\u00e9, que naci\u00f3 en 2017 como un show armado con un pianista, cuatro cantantes y un narrador.<\/p>\n\n\n\n<p class=\"wp-block-paragraph\">\u201cPero nuestro sue\u00f1o siempre fue que las canciones se escucharan lo m\u00e1s parecido a las versiones de Jos\u00e9 Jos\u00e9, que eran con arreglos orquestales\u201d, cuenta Alicia Paola, una de las cantantes y creadoras del espect\u00e1culo.<\/p>\n\n\n\n<p class=\"wp-block-paragraph\">Finalmente, tras cinco a\u00f1os de presentaciones en temporadas interrumpidas por el sismo y la pandemia, ese anhelo es una realidad ya que \u201cUn aplauso para el amor\u201d crece en su producci\u00f3n hasta los l\u00edmites so\u00f1ados por Alicia Paola y Mario Heras, productores.<\/p>\n\n\n\n<p class=\"wp-block-paragraph\">\u201cCon nuestra empresa productora Resorte Teatro, de la mano de Luis Oropeza, director de la tambi\u00e9n productora CatorceVeinti7, hemos trabajado en conseguir los medios necesarios para tener una temporada corregida y aumentada\u201d, dice Alicia con entusiasmo.<\/p>\n\n\n\n<p class=\"wp-block-paragraph\">La renovaci\u00f3n del espect\u00e1culo y su crecimiento tambi\u00e9n fue posible, porque ahora se presentar\u00e1n en un foro m\u00e1s grande: el show ahora ser\u00e1 en el Dejav\u00fa Night Hall, que tiene un aforo de hasta 250 personas.<\/p>\n\n\n\n<p class=\"wp-block-paragraph\">Los cantantes que est\u00e1n en esta temporada son Mario Heras (actor y director de doblaje), Carmen Sarah\u00ed (voz oficial de la Reina Elsa para Latinoam\u00e9rica), Manuel Gorka (\u00edcono de la \u00f3pera en Europa) y la propia Alicia Paola (importante figura del teatro musical mexicano).<\/p>\n\n\n\n<p class=\"wp-block-paragraph\">\u201cLas canciones son las que todos conocemos, reinterpretadas por dos voces masculinas y dos femeninas, con arreglos diferentes, acompa\u00f1ados por una orquesta de diez m\u00fasicos dirigida brillantemente por David Pineda, nuestro director vocal y musical\u201d.<\/p>\n\n\n\n<p class=\"wp-block-paragraph\">El espect\u00e1culo tambi\u00e9n suma un hilo conductor, una narraci\u00f3n que hace el periodista V\u00edctor Hugo S\u00e1nchez de las an\u00e9cdotas que vivi\u00f3 junto a Jos\u00e9 Jos\u00e9, con quien trabaj\u00f3 de manera estrecha hasta establecer una relaci\u00f3n de amistad con \u00e9l.<\/p>\n\n\n\n<p class=\"wp-block-paragraph\">En esa parte del anecdotario, \u201cUn aplauso para el amor\u201d revela, a partir de las narraciones de V\u00edctor Hugo, aspectos del \u201cPr\u00edncipe de la Canci\u00f3n\u201d cuando bajaba del escenario y dejaba de ser la estrella internacional para vivir su cotidianeidad.&nbsp;<\/p>\n\n\n\n<p class=\"wp-block-paragraph\">De esa manera, el p\u00fablico no s\u00f3lo viaja en el tiempo gracias a las canciones de Jos\u00e9 Jos\u00e9, sino que descubren a un gran ser humano a trav\u00e9s de an\u00e9cdotas de la vida personal de Jos\u00e9 R\u00f3mulo Sosa.<\/p>\n\n\n\n<p class=\"wp-block-paragraph\">\u201cLos espectadores van a vivir una noche de nostalgia, recordando y coreando estas canciones que no pasan de moda, porque corazones rotos y enamorados hay en todas las generaciones. A todos nos ha representado, en alg\u00fan momento de nuestra vida, alguno de estos temas\u201d, dice Alicia para finalizar.<\/p>\n\n\n\n<p class=\"wp-block-paragraph\">&nbsp;\u201cUn aplauso para el amor\u201d se presentar\u00e1 durante seis jueves a partir del 16 de febrero en el Dejav\u00fa Night Hall, ubicado en Coyoac\u00e1n, a las 9:30pm.<\/p>\n","protected":false},"excerpt":{"rendered":"<p>As\u00ed es la experiencia que ofrece el espect\u00e1culo \u201cPido un aplauso para el amor\u201d, un tributo a Jos\u00e9 Jos\u00e9, que naci\u00f3 en 2017 como un show armado con un pianista, cuatro cantantes y un narrador.<\/p>\n","protected":false},"author":3,"featured_media":62487,"comment_status":"open","ping_status":"open","sticky":false,"template":"","format":"standard","meta":{"_monsterinsights_skip_tracking":false,"footnotes":""},"categories":[45,46],"tags":[],"class_list":["post-62486","post","type-post","status-publish","format-standard","has-post-thumbnail","category-cultura","category-cultura-cultura"],"_links":{"self":[{"href":"https:\/\/redsemlac.com\/semmexico\/wp-json\/wp\/v2\/posts\/62486","targetHints":{"allow":["GET"]}}],"collection":[{"href":"https:\/\/redsemlac.com\/semmexico\/wp-json\/wp\/v2\/posts"}],"about":[{"href":"https:\/\/redsemlac.com\/semmexico\/wp-json\/wp\/v2\/types\/post"}],"author":[{"embeddable":true,"href":"https:\/\/redsemlac.com\/semmexico\/wp-json\/wp\/v2\/users\/3"}],"replies":[{"embeddable":true,"href":"https:\/\/redsemlac.com\/semmexico\/wp-json\/wp\/v2\/comments?post=62486"}],"version-history":[{"count":0,"href":"https:\/\/redsemlac.com\/semmexico\/wp-json\/wp\/v2\/posts\/62486\/revisions"}],"wp:featuredmedia":[{"embeddable":true,"href":"https:\/\/redsemlac.com\/semmexico\/wp-json\/wp\/v2\/media\/62487"}],"wp:attachment":[{"href":"https:\/\/redsemlac.com\/semmexico\/wp-json\/wp\/v2\/media?parent=62486"}],"wp:term":[{"taxonomy":"category","embeddable":true,"href":"https:\/\/redsemlac.com\/semmexico\/wp-json\/wp\/v2\/categories?post=62486"},{"taxonomy":"post_tag","embeddable":true,"href":"https:\/\/redsemlac.com\/semmexico\/wp-json\/wp\/v2\/tags?post=62486"}],"curies":[{"name":"wp","href":"https:\/\/api.w.org\/{rel}","templated":true}]}}