{"id":62483,"date":"2023-02-09T10:51:57","date_gmt":"2023-02-09T16:51:57","guid":{"rendered":"https:\/\/redsemlac.com\/semmexico\/?p=62483"},"modified":"2023-02-09T10:51:59","modified_gmt":"2023-02-09T16:51:59","slug":"reelige-el-congreso-del-estado-al-empresario-zepeda-bermudez-en-la-comision-estatal-de-derechos-humanos","status":"publish","type":"post","link":"https:\/\/redsemlac.com\/semmexico\/reelige-el-congreso-del-estado-al-empresario-zepeda-bermudez-en-la-comision-estatal-de-derechos-humanos\/","title":{"rendered":"<strong>Reelige el Congreso del estado al empresario Zepeda Berm\u00fadez en la Comisi\u00f3n Estatal de Derechos Humanos<\/strong>"},"content":{"rendered":"\n<ul class=\"wp-block-list\">\n<li><strong>Activistas feministas y ONGs cuestionan al Congreso por no respetar la paridad de g\u00e9nero.<\/strong><\/li>\n\n\n\n<li><strong>Diputadas de la Comisi\u00f3n de Derechos Humanos d\u00edas antes de la resoluci\u00f3n hicieron saber que \u201crecibieron l\u00ednea\u201d para la reelecci\u00f3n.<\/strong><\/li>\n<\/ul>\n\n\n\n<p class=\"wp-block-paragraph\"><strong>Gabriela Couti\u00f1o<\/strong><\/p>\n\n\n\n<p class=\"wp-block-paragraph\">SemM\u00e9xico, Tuxtla Guti\u00e9rrez, Chiapas, 9 de febrero del 2023.- La Comisi\u00f3n permanente del Congreso del estado a propuesta de la de Derechos Humanos, integrada en su mayor\u00eda por mujeres, reeligi\u00f3 en sesi\u00f3n extraordinaria a puerta cerrada, por otro periodo de 5 a\u00f1os al empresario Jos\u00e9 Juan Zepeda Berm\u00fadez como titular de la Comisi\u00f3n Estatal de Derechos Humanos (CEDH).<\/p>\n\n\n\n<p class=\"wp-block-paragraph\">Los cinco a\u00f1os que Zepeda Berm\u00fadez lleva al frente del organismo, han sido cuestionados por organizaciones de la sociedad civil, la comunidad LGBT, y por colectivas feministas de ser omiso ante la violencia que vive el estado de Chiapas, porque no emite recomendaciones, ni ofrece un acompa\u00f1amiento efectivo a las v\u00edctimas de los delitos.<\/p>\n\n\n\n<p class=\"wp-block-paragraph\">El proceso de renovaci\u00f3n del organismo, desde el inicio estuvo cuestionado por activistas, que se\u00f1alaron que la convocatoria era imprecisa y daba poco margen de tiempo para que las asociaciones postularan candidato o candidata.<\/p>\n\n\n\n<p class=\"wp-block-paragraph\">Adriana Guill\u00e9n Hern\u00e1ndez, regidora del Ayuntamiento de Tuxtla Guti\u00e9rrez, cuestion\u00f3 que la Comisi\u00f3n permanente del Congreso, no prioriz\u00f3 lo establecido en la reforma constitucional de 2019, conocida como \u201cParidad en Todo\u201d, que establece la alternancia de g\u00e9nero en los \u00f3rganos constitucionales aut\u00f3nomos a nivel federal y estatal.<\/p>\n\n\n\n<p class=\"wp-block-paragraph\">Lament\u00f3 que sean las mismas mujeres diputadas las que no honren su funci\u00f3n, atendiendo a lo establecido en la reforma constitucional de 2019 que establece la alternancia de g\u00e9nero en los \u00f3rganos constitucionales, aut\u00f3nomos a nivel federal y estatal.<\/p>\n\n\n\n<p class=\"wp-block-paragraph\">Tere Campos de la colectiva Brujas Violetas dijo que el art\u00edculo 24 de la Ley de la Comisi\u00f3n Estatal de Derechos Humanos, establece que la Comisi\u00f3n de Derechos Humanos del Congreso estatal debi\u00f3 realizar una consulta p\u00fablica entre las organizaciones sociales y los distintos sectores de la sociedad con total transparencia.<\/p>\n\n\n\n<p class=\"wp-block-paragraph\">Las organizaciones acusaron adem\u00e1s a Zepeda Berm\u00fadez de ser juez y parte, pues el mismo emiti\u00f3 la convocatoria, y eso le permiti\u00f3 \u201cmadrugar\u201d a instituciones de educaci\u00f3n superior para solicitar las cartas de apoyo, entre ellas de la Universidad Aut\u00f3noma de Chiapas (UNACH) y de la Universidad de Ciencias y Artes de Chiapas (UNICAH).<\/p>\n\n\n\n<p class=\"wp-block-paragraph\">Colectivas feministas, entre las que se encontraban FUNDINDAC, Fundaci\u00f3n de Pueblos Ind\u00edgenas-Mayas, el comit\u00e9 de derechos humanos Digna Ochoa, y una centena de asociaciones civiles, pidieron detener la reelecci\u00f3n del actual Ombusperson, y exigieron que se respetara la equidad de g\u00e9nero.<\/p>\n\n\n\n<p class=\"wp-block-paragraph\">Las mujeres y la comunidad LGBT rechazaron la reelecci\u00f3n del presidente de la CEDH, porque durante su gesti\u00f3n ha sido recomendado en diversas ocasiones por la Comisi\u00f3n Nacional de los Derechos Humanos, CNDH, \u00abpor violaciones a derechos humanos durante su actual gesti\u00f3n\u201d.<\/p>\n\n\n\n<p class=\"wp-block-paragraph\">Adem\u00e1s, agregaron, recientemente fue denunciado ante la Auditor\u00eda Superior del Estado, \u00abpor nepotismo y desv\u00edo de recursos al interior de la CEDH\u00bb.<\/p>\n\n\n\n<p class=\"wp-block-paragraph\">Sin embargo, este mi\u00e9rcoles, la comisi\u00f3n de derechos humanos del Congreso del estado integrada por seis diputadas y un solo diputado resolvieron en un dictamen que inclu\u00eda una terna compuesta por Zepeda Berm\u00fadez, la visitadora general para Asuntos de la Mujer de la CEDH, Claudia Ruiz Couti\u00f1o, y la abogada Laura Le\u00f3n Carballo, esta \u00faltima la m\u00e1s fuerte aspirante.<\/p>\n\n\n\n<p class=\"wp-block-paragraph\">Le\u00f3n Carballo era de las aspirantes que diversas organizaciones sociales impulsaron pues representaba la llegada al organismo de alguien que pertenece a la sociedad civil.<\/p>\n\n\n\n<p class=\"wp-block-paragraph\">La abogada feminista, desde el arranque del proceso, cuestion\u00f3 la convocatoria y pidi\u00f3 piso parejo al Congreso del estado; sin embargo diputadas de la Comisi\u00f3n de Derechos Humanos d\u00edas antes de la resoluci\u00f3n le hicieron saber que \u201crecibieron l\u00ednea\u201d para la reelecci\u00f3n.<\/p>\n\n\n\n<p class=\"wp-block-paragraph\">Las diputadas que votaron por la reelecci\u00f3n son: Citlali Isabel de Le\u00f3n Villard, Roc\u00edo Guadalupe Cervantes Cancino, Leticia Albores Ruiz, Carolina Zuarth Ramos y el diputado Carlos Mario Estrada Urbina.<\/p>\n\n\n\n<p class=\"wp-block-paragraph\">Mientras que de la Comisi\u00f3n permanente votaron a favor de la reelecci\u00f3n: Sonia Catalina \u00c1lvarez, Yolanda Correa Gonz\u00e1lez, Cecilia L\u00f3pez S\u00e1nchez, Flor de Mar\u00eda Esponda Torres y Martha Guadalupe Mart\u00ednez Ru\u00edz.<\/p>\n\n\n\n<p class=\"wp-block-paragraph\">Finalmente el Congreso hizo p\u00fablico en un escueto bolet\u00edn de prensa la reelecci\u00f3n de Zepeda Berm\u00fadez por otro periodo de cinco a\u00f1os.<\/p>\n\n\n\n<p class=\"wp-block-paragraph\">En Chiapas, en 30 a\u00f1os de existencia de la Comisi\u00f3n Estatal de Derechos Humanos, solamente una mujer ha ocupado la presidencia.<\/p>\n\n\n\n<p class=\"wp-block-paragraph\">SEM\/MG<\/p>\n","protected":false},"excerpt":{"rendered":"<p>La Comisi\u00f3n permanente del Congreso del estado a propuesta de la de Derechos Humanos, integrada en su mayor\u00eda por mujeres, reeligi\u00f3 en sesi\u00f3n extraordinaria a puerta cerrada, por otro periodo de 5 a\u00f1os al empresario Jos\u00e9 Juan Zepeda Berm\u00fadez como titular de la Comisi\u00f3n Estatal de Derechos Humanos (CEDH).<\/p>\n","protected":false},"author":3,"featured_media":62484,"comment_status":"open","ping_status":"open","sticky":false,"template":"","format":"standard","meta":{"_monsterinsights_skip_tracking":false,"footnotes":""},"categories":[50],"tags":[],"class_list":["post-62483","post","type-post","status-publish","format-standard","has-post-thumbnail","category-congreso"],"_links":{"self":[{"href":"https:\/\/redsemlac.com\/semmexico\/wp-json\/wp\/v2\/posts\/62483","targetHints":{"allow":["GET"]}}],"collection":[{"href":"https:\/\/redsemlac.com\/semmexico\/wp-json\/wp\/v2\/posts"}],"about":[{"href":"https:\/\/redsemlac.com\/semmexico\/wp-json\/wp\/v2\/types\/post"}],"author":[{"embeddable":true,"href":"https:\/\/redsemlac.com\/semmexico\/wp-json\/wp\/v2\/users\/3"}],"replies":[{"embeddable":true,"href":"https:\/\/redsemlac.com\/semmexico\/wp-json\/wp\/v2\/comments?post=62483"}],"version-history":[{"count":0,"href":"https:\/\/redsemlac.com\/semmexico\/wp-json\/wp\/v2\/posts\/62483\/revisions"}],"wp:featuredmedia":[{"embeddable":true,"href":"https:\/\/redsemlac.com\/semmexico\/wp-json\/wp\/v2\/media\/62484"}],"wp:attachment":[{"href":"https:\/\/redsemlac.com\/semmexico\/wp-json\/wp\/v2\/media?parent=62483"}],"wp:term":[{"taxonomy":"category","embeddable":true,"href":"https:\/\/redsemlac.com\/semmexico\/wp-json\/wp\/v2\/categories?post=62483"},{"taxonomy":"post_tag","embeddable":true,"href":"https:\/\/redsemlac.com\/semmexico\/wp-json\/wp\/v2\/tags?post=62483"}],"curies":[{"name":"wp","href":"https:\/\/api.w.org\/{rel}","templated":true}]}}