{"id":62475,"date":"2023-02-08T14:37:31","date_gmt":"2023-02-08T20:37:31","guid":{"rendered":"https:\/\/redsemlac.com\/semmexico\/?p=62475"},"modified":"2023-02-08T14:37:33","modified_gmt":"2023-02-08T20:37:33","slug":"lanzan-campana-yanomas-hablalo","status":"publish","type":"post","link":"https:\/\/redsemlac.com\/semmexico\/lanzan-campana-yanomas-hablalo\/","title":{"rendered":"Lanzan campa\u00f1a \u201c#YaNoM\u00e1s #H\u00e1blalo\u201d"},"content":{"rendered":"\n<ul class=\"wp-block-list\">\n<li><strong>Por el derecho de las mujeres a vivir libres y seguras, y de universalizar la lucha a favor de la igualdad sustantiva.<\/strong><\/li>\n\n\n\n<li><strong>Salvador Guerrero Chipr\u00e9s, consider\u00f3 necesario que sean los varones quienes entiendan que su desarrollo pleno est\u00e1 asociado con el abandono del machismo.<\/strong><\/li>\n<\/ul>\n\n\n\n<p class=\"wp-block-paragraph\"><strong>Mercedes Mart\u00ednez<\/strong><\/p>\n\n\n\n<p class=\"wp-block-paragraph\">SemM\u00e9xico, Ciudad de M\u00e9xico, 8 de febrero del 2023.- Este mi\u00e9rcoles, organizaciones p\u00fablicas y de la iniciativa privada dieron a conocer la campa\u00f1a \u201c#YaNoM\u00e1s #H\u00e1blalo\u201d con la finalidad de promover el derecho de las mujeres a vivir libres y seguras, y de universalizar la lucha a favor de la igualdad sustantiva.<\/p>\n\n\n\n<p class=\"wp-block-paragraph\">En entrevista, Salvador Guerrero Chipr\u00e9s subray\u00f3 que el 80 por ciento de los reportes telef\u00f3nicos que reciben al Consejo Ciudadano que presiden, se trata de violencia familiar y de g\u00e9nero producida por actores dom\u00e9sticos como la pareja o alg\u00fan familiar cercano. Por ello, consider\u00f3 necesario que sean los varones quienes entiendan que su desarrollo pleno est\u00e1 asociado con el abandono del machismo, \u201cde otra manera no vamos a avanzar\u201d.<\/p>\n\n\n\n<figure class=\"wp-block-image size-large\"><a href=\"https:\/\/redsemlac.com\/semmexico\/wp-content\/uploads\/2023\/02\/FodQQAUWcAMTiLK.jpg\"><img decoding=\"async\" src=\"https:\/\/redsemlac.com\/semmexico\/wp-content\/uploads\/2023\/02\/FodQQAUWcAMTiLK-721x1024.jpg\" alt=\"\" class=\"wp-image-62476\"\/><\/a><figcaption class=\"wp-element-caption\">MUJERE<\/figcaption><\/figure>\n\n\n\n<p class=\"wp-block-paragraph\">La campa\u00f1a \u201c#YaNoM\u00e1s #H\u00e1blalo\u201d es una iniciativa de Grupo IMU, empresa l\u00edder en mobiliario urbano en M\u00e9xico, en alianza con la plataforma de mujeres columnistas, Opini\u00f3n 51, y el Consejo Ciudadano para la Seguridad y Justicia de la Ciudad de M\u00e9xico. Con ella se busca promover la cultura del respeto y concientizar a la poblaci\u00f3n sobre la violencia que existe en contra de las mujeres.<\/p>\n\n\n\n<p class=\"wp-block-paragraph\">La iniciativa consiste en colocar a quince embajadoras representantes de diversos \u00e1mbitos, quienes ser\u00e1n los rostros de la campa\u00f1a, y compartir\u00e1n sus historias de violencia a trav\u00e9s de podcast. Esto, con el fin de motivar a otras mujeres a contar sus experiencias y hablar de esta problem\u00e1tica.<\/p>\n\n\n\n<p class=\"wp-block-paragraph\">Durante el evento de presentaci\u00f3n, Gerardo C\u00e1ndano, director general de Grupo IMU, destac\u00f3 que se har\u00e1 difusi\u00f3n a la campa\u00f1a a trav\u00e9s de mil 944 columnas y parabuses de la empresa ubicados en diferentes ciudades del pa\u00eds, con carteles que tienen un c\u00f3digo QR que direccionar\u00e1 a la audiencia a los podcast, disponibles en la p\u00e1gina web de Opini\u00f3n 51.<\/p>\n\n\n\n<p class=\"wp-block-paragraph\">Pamela Cerdeira, periodista, cofundadora de Opini\u00f3n 51 y una de las embajadoras dijo que \u201cm\u00e1s de 51 % de la poblaci\u00f3n mexicana son mujeres, y feminicidios, abuso, acoso, violaci\u00f3n, y otros delitos en su contra, siguen en aumento. Todos, hombres y mujeres, tenemos que parar esta situaci\u00f3n, y para ello es clave que las mujeres hablen, denuncien y sepan que no est\u00e1n solas, que hay instancias que pueden darles acompa\u00f1amiento\u201d.<\/p>\n\n\n\n<p class=\"wp-block-paragraph\">Por su parte, Chipr\u00e9s detall\u00f3 que \u201clos reportes de violencia contra las mujeres atendidos por el Consejo Ciudadano a nivel nacional crecieron 20.5 % entre 2021 y 2022, y de ellos, 8 de cada 10 son por violencia familiar. No basta con decirles a las ni\u00f1as, mujeres y adultas mayores que no est\u00e1n solas, hay que activar una cadena de auxilio en coordinaci\u00f3n con autoridades, organismos empresariales y medios de comunicaci\u00f3n, de ah\u00ed la importancia de esta campa\u00f1a\u201d.<\/p>\n\n\n\n<p class=\"wp-block-paragraph\">Ser\u00e1 el Consejo Ciudadano el encargado de brindar orientaci\u00f3n jur\u00eddica y psicol\u00f3gica a v\u00edctimas y familiares que se comuniquen a la l\u00ednea telef\u00f3nica 55 5533 5533.<\/p>\n\n\n\n<p class=\"wp-block-paragraph\">SEM\/MG<\/p>\n","protected":false},"excerpt":{"rendered":"<p>Por el derecho de las mujeres a vivir libres y seguras, y de universalizar la lucha a favor de la igualdad sustantiva.<\/p>\n","protected":false},"author":3,"featured_media":62477,"comment_status":"open","ping_status":"open","sticky":false,"template":"","format":"standard","meta":{"_monsterinsights_skip_tracking":false,"footnotes":""},"categories":[54],"tags":[],"class_list":["post-62475","post","type-post","status-publish","format-standard","has-post-thumbnail","category-mujeres"],"_links":{"self":[{"href":"https:\/\/redsemlac.com\/semmexico\/wp-json\/wp\/v2\/posts\/62475","targetHints":{"allow":["GET"]}}],"collection":[{"href":"https:\/\/redsemlac.com\/semmexico\/wp-json\/wp\/v2\/posts"}],"about":[{"href":"https:\/\/redsemlac.com\/semmexico\/wp-json\/wp\/v2\/types\/post"}],"author":[{"embeddable":true,"href":"https:\/\/redsemlac.com\/semmexico\/wp-json\/wp\/v2\/users\/3"}],"replies":[{"embeddable":true,"href":"https:\/\/redsemlac.com\/semmexico\/wp-json\/wp\/v2\/comments?post=62475"}],"version-history":[{"count":0,"href":"https:\/\/redsemlac.com\/semmexico\/wp-json\/wp\/v2\/posts\/62475\/revisions"}],"wp:featuredmedia":[{"embeddable":true,"href":"https:\/\/redsemlac.com\/semmexico\/wp-json\/wp\/v2\/media\/62477"}],"wp:attachment":[{"href":"https:\/\/redsemlac.com\/semmexico\/wp-json\/wp\/v2\/media?parent=62475"}],"wp:term":[{"taxonomy":"category","embeddable":true,"href":"https:\/\/redsemlac.com\/semmexico\/wp-json\/wp\/v2\/categories?post=62475"},{"taxonomy":"post_tag","embeddable":true,"href":"https:\/\/redsemlac.com\/semmexico\/wp-json\/wp\/v2\/tags?post=62475"}],"curies":[{"name":"wp","href":"https:\/\/api.w.org\/{rel}","templated":true}]}}