{"id":62467,"date":"2023-02-08T14:28:40","date_gmt":"2023-02-08T20:28:40","guid":{"rendered":"https:\/\/redsemlac.com\/semmexico\/?p=62467"},"modified":"2023-02-08T14:28:42","modified_gmt":"2023-02-08T20:28:42","slug":"semujeres-y-municipios-suman-esfuerzos-para-prevenir-violencia-contra-las-mujeres","status":"publish","type":"post","link":"https:\/\/redsemlac.com\/semmexico\/semujeres-y-municipios-suman-esfuerzos-para-prevenir-violencia-contra-las-mujeres\/","title":{"rendered":"Semujeres y municipios suman esfuerzos para prevenir violencia contra las mujeres"},"content":{"rendered":"\n<ul class=\"wp-block-list\">\n<li><strong>Para Alfredo Del Mazo Maza, ha sido importante crear sinergia con los municipios para atender, prevenir y erradicar la violencia contra las mujeres.<\/strong><\/li>\n\n\n\n<li><strong>Diana Vel\u00e1zquez S\u00e1nchez recalc\u00f3 que es fundamental brindar a las mexiquenses herramientas que impulsen su empoderamiento para lograr una mejor calidad de vida.<\/strong><\/li>\n<\/ul>\n\n\n\n<p class=\"wp-block-paragraph\"><strong>Redacci\u00f3n<\/strong><\/p>\n\n\n\n<p class=\"wp-block-paragraph\">SemM\u00e9xico, Toluca, Estado de M\u00e9xico, 8 de febrero del 2023.- Con el objetivo del trabajo conjunto y de fomentar el di\u00e1logo sobre la necesidad de brindar capacitaci\u00f3n en materia de perspectiva de g\u00e9nero, la directora general de Perspectiva de G\u00e9nero de la Secretar\u00eda de las Mujeres (Semujeres), Diana Vel\u00e1zquez S\u00e1nchez, se reuni\u00f3 con titulares de los Institutos de la Mujer Municipales (IMM) pertenecientes a las regiones de Zumpango y Ecatepec.<\/p>\n\n\n\n<p class=\"wp-block-paragraph\">Para la administraci\u00f3n del mandatario estatal Alfredo Del Mazo Maza, ha sido importante crear sinergia con los municipios para atender, prevenir y erradicar la violencia contra las mujeres, al ser estos, la autoridad m\u00e1s cercana a la poblaci\u00f3n.<\/p>\n\n\n\n<p class=\"wp-block-paragraph\">En este encuentro, resalt\u00f3 que es prioridad mantener una cercan\u00eda, acompa\u00f1amiento y orientaci\u00f3n con las 125 Instancias, ya que ello, refiri\u00f3, permite fijar objetivos en com\u00fan y trabajar de forma coordinada en pro de las casi 9 millones de mujeres que hay en la entidad.<\/p>\n\n\n\n<figure class=\"wp-block-gallery has-nested-images columns-default is-cropped wp-block-gallery-1 is-layout-flex wp-block-gallery-is-layout-flex\">\n<figure class=\"wp-block-image size-large\"><a href=\"https:\/\/redsemlac.com\/semmexico\/wp-content\/uploads\/2023\/02\/Imagen-de-WhatsApp-2023-02-08-a-las-14.24.02-3.jpg\"><img loading=\"lazy\" decoding=\"async\" width=\"1024\" height=\"682\" data-id=\"62473\" src=\"https:\/\/redsemlac.com\/semmexico\/wp-content\/uploads\/2023\/02\/Imagen-de-WhatsApp-2023-02-08-a-las-14.24.02-3.jpg\" alt=\"\" class=\"wp-image-62473\"\/><\/a><\/figure>\n\n\n\n<figure class=\"wp-block-image size-large\"><a href=\"https:\/\/redsemlac.com\/semmexico\/wp-content\/uploads\/2023\/02\/Imagen-de-WhatsApp-2023-02-08-a-las-14.24.02-2.jpg\"><img loading=\"lazy\" decoding=\"async\" width=\"1024\" height=\"682\" data-id=\"62472\" src=\"https:\/\/redsemlac.com\/semmexico\/wp-content\/uploads\/2023\/02\/Imagen-de-WhatsApp-2023-02-08-a-las-14.24.02-2.jpg\" alt=\"\" class=\"wp-image-62472\"\/><\/a><\/figure>\n<\/figure>\n\n\n\n<p class=\"wp-block-paragraph\">En compa\u00f1\u00eda de Mar\u00eda de Lourdes Hinojosa Jaimes, coordinadora de las Delegaciones Regionales, Vel\u00e1zquez S\u00e1nchez recalc\u00f3 que es fundamental transversalizar la perspectiva de g\u00e9nero y la igualdad sustantiva en todos los sectores de la sociedad, as\u00ed como brindar a las mexiquenses herramientas que impulsen su empoderamiento para lograr una mejor calidad de vida.<\/p>\n\n\n\n<p class=\"wp-block-paragraph\">Asimismo, como parte de esta reuni\u00f3n, se dialog\u00f3 sobre la necesidad de la conformaci\u00f3n de las Unidades de Igualdad de G\u00e9nero; aunado a esto, se dio seguimiento a las acciones e informes de los Sistemas Municipales.<\/p>\n\n\n\n<p class=\"wp-block-paragraph\">Finalmente, se explic\u00f3 a las titulares la importancia del uso del Atlas de G\u00e9nero del Estado de M\u00e9xico, herramienta de datos estad\u00edsticos desagregados por sexo, que permite identificar temas como la desigualdad, trabajo, empleo, violencia de g\u00e9nero, entre otros, para mejorar la toma de decisiones de pol\u00edticas p\u00fablicas en cada municipio, disponible en <a href=\"https:\/\/atlasdegenero-semujeres.edomex.gob.mx\/\">https:\/\/atlasdegenero-semujeres.edomex.gob.mx\/<\/a><\/p>\n\n\n\n<p class=\"wp-block-paragraph\">Cabe mencionar que las delegaciones regionales de la Semujeres se integran de la siguiente manera, regi\u00f3n Zumpango contempla los municipios de Apaxco, Hueypoxtla, Jaltenco, Nextlalpan, Tonanitla, Tequixquiac y Zumpango; mientras que la regi\u00f3n Ecatepec est\u00e1 conformada por Axapusco, Ecatepec, Nopaltepec, Otumba, Tec\u00e1mac y Temascalapa.<\/p>\n\n\n\n<p class=\"wp-block-paragraph\">SEM\/MG<\/p>\n","protected":false},"excerpt":{"rendered":"<p>Destacan la importancia del uso del Atlas de G\u00e9nero del Estado de M\u00e9xico, herramienta de datos estad\u00edsticos.<\/p>\n","protected":false},"author":3,"featured_media":62471,"comment_status":"open","ping_status":"open","sticky":false,"template":"","format":"standard","meta":{"_monsterinsights_skip_tracking":false,"footnotes":""},"categories":[51],"tags":[],"class_list":["post-62467","post","type-post","status-publish","format-standard","has-post-thumbnail","category-ejecutivo"],"_links":{"self":[{"href":"https:\/\/redsemlac.com\/semmexico\/wp-json\/wp\/v2\/posts\/62467","targetHints":{"allow":["GET"]}}],"collection":[{"href":"https:\/\/redsemlac.com\/semmexico\/wp-json\/wp\/v2\/posts"}],"about":[{"href":"https:\/\/redsemlac.com\/semmexico\/wp-json\/wp\/v2\/types\/post"}],"author":[{"embeddable":true,"href":"https:\/\/redsemlac.com\/semmexico\/wp-json\/wp\/v2\/users\/3"}],"replies":[{"embeddable":true,"href":"https:\/\/redsemlac.com\/semmexico\/wp-json\/wp\/v2\/comments?post=62467"}],"version-history":[{"count":0,"href":"https:\/\/redsemlac.com\/semmexico\/wp-json\/wp\/v2\/posts\/62467\/revisions"}],"wp:featuredmedia":[{"embeddable":true,"href":"https:\/\/redsemlac.com\/semmexico\/wp-json\/wp\/v2\/media\/62471"}],"wp:attachment":[{"href":"https:\/\/redsemlac.com\/semmexico\/wp-json\/wp\/v2\/media?parent=62467"}],"wp:term":[{"taxonomy":"category","embeddable":true,"href":"https:\/\/redsemlac.com\/semmexico\/wp-json\/wp\/v2\/categories?post=62467"},{"taxonomy":"post_tag","embeddable":true,"href":"https:\/\/redsemlac.com\/semmexico\/wp-json\/wp\/v2\/tags?post=62467"}],"curies":[{"name":"wp","href":"https:\/\/api.w.org\/{rel}","templated":true}]}}