{"id":62449,"date":"2023-02-08T09:33:47","date_gmt":"2023-02-08T15:33:47","guid":{"rendered":"https:\/\/redsemlac.com\/semmexico\/?p=62449"},"modified":"2023-02-08T09:33:49","modified_gmt":"2023-02-08T15:33:49","slug":"sindica-y-regidora-del-ayuntamiento-de-jitotol-chiapas-denuncian-al-alcalde-de-corrupcion-y-violencia-politica-de-genero","status":"publish","type":"post","link":"https:\/\/redsemlac.com\/semmexico\/sindica-y-regidora-del-ayuntamiento-de-jitotol-chiapas-denuncian-al-alcalde-de-corrupcion-y-violencia-politica-de-genero\/","title":{"rendered":"S\u00edndica y regidora del Ayuntamiento de Jitotol Chiapas, denuncian al alcalde de corrupci\u00f3n y violencia pol\u00edtica de g\u00e9nero"},"content":{"rendered":"\n<ul class=\"wp-block-list\">\n<li><strong>\u201c\u00danicamente pasa las actas que se firmen sin realizar&nbsp; sesiones de cabildo\u00bb, asegur\u00f3 la s\u00edndica M\u00e9ndez Balc\u00e1zar.<\/strong><\/li>\n<\/ul>\n\n\n\n<p class=\"wp-block-paragraph\"><strong>Gabriela Couti\u00f1o<\/strong><\/p>\n\n\n\n<p class=\"wp-block-paragraph\">SemM\u00e9xico, Tuxtla Guti\u00e9rrez, Chiapas, 8 de febrero del 2023.- Martha Elia M\u00e9ndez Balc\u00e1zar y Nayely Berenice L\u00f3pez P\u00e9rez, s\u00edndica y segunda&nbsp; regidora del Ayuntamiento de Jitotol, denunciaron ante el Congreso del Estado ser v\u00edctimas de violencia pol\u00edtica en raz\u00f3n de g\u00e9nero desde el inicio de la administraci\u00f3n (octubre 2021) del alcalde Juan Leyver M\u00e9ndez Vaquerizo, quien las excluy\u00f3 del Ayuntamiento y les mienta la madre.<\/p>\n\n\n\n<p class=\"wp-block-paragraph\">Bromas hirientes, agresiones verbales, restringir el uso de la palabra, ridiculizar y humillar en p\u00fablico son algunas de las agresiones que la s\u00edndica y la regidora acusaron ante el Instituto de Elecciones y Participaci\u00f3n Ciudadana (IEPC) y el Tribunal Electoral del estado.<\/p>\n\n\n\n<p class=\"wp-block-paragraph\">En conferencia de prensa, las mujeres se\u00f1alaron que el edil emanado del partido local Chiapas Unido, adem\u00e1s de prepotente, d\u00e9spota, grosero, que las violenta, solo por ser mujeres, incumple con la transparencia y la rendici\u00f3n de cuentas en la realizaci\u00f3n de obras p\u00fablicas millonarias inconclusas.<\/p>\n\n\n\n<p class=\"wp-block-paragraph\">\u201c\u00danicamente pasa las actas que se firmen sin realizar sesiones de cabildo\u00bb, asegur\u00f3 la s\u00edndica M\u00e9ndez Balc\u00e1zar.<\/p>\n\n\n\n<p class=\"wp-block-paragraph\">\u201cComo s\u00edndica municipal me ha atropellado mucho, me insulta, me mienta la madre, me tiene vetada y no considera mis decisiones; dice que no valgo nada, que mi palabra como mujer no vale nada\u00bb, afirm\u00f3 Martha Elvia M\u00e9ndez Balc\u00e1zar.<\/p>\n\n\n\n<p class=\"wp-block-paragraph\">Asegur\u00f3 que con argucias legales, el alcalde la hizo a un lado del Ayuntamiento. \u201cLos licenciados Fredy y Falconi figuran en un acta de cabildo como los jur\u00eddicos, y me desplazaron de mis funciones; mientras que el profesor Francisco P\u00e9rez P\u00e9rez hace mis funciones por orden de M\u00e9ndez Vaquerizo\u201d.<\/p>\n\n\n\n<p class=\"wp-block-paragraph\">Aunado a que orden\u00f3 a directores de varias \u00e1reas \u00abque no me hicieran caso, porque \u00e9l es el \u00fanico que manda, y la presidencia municipal&nbsp; tiene nombre y apellido\u00bb.<\/p>\n\n\n\n<p class=\"wp-block-paragraph\">Todav\u00eda m\u00e1s, Juan Leyver asegura que a \u00abdonde me vaya a quejar no me har\u00e1n caso, as\u00ed vaya con el gobernador (Rutilio Escand\u00f3n Cadenas), o con el auditor Uriel Estrada Mart\u00ednez, porque los compra con su dinero\u00bb.<\/p>\n\n\n\n<p class=\"wp-block-paragraph\">La s\u00edndica acus\u00f3, tambi\u00e9n al edil de falta de transparencia y rendici\u00f3n de cuentas de los recursos financieros, porque&nbsp; \u00ab\u00fanicamente pasa las actas que se firmen sin realizar sesiones de cabildo\u00bb.<\/p>\n\n\n\n<p class=\"wp-block-paragraph\">Dijo que amparado en esas pr\u00e1cticas, M\u00e9ndez Vaquerizo de octubre a diciembre de 2021 \u00able lleg\u00f3 un recurso de 35 millones de pesos; a la fecha no sabemos en qu\u00e9 gast\u00f3 ese monto\u00bb.<\/p>\n\n\n\n<p class=\"wp-block-paragraph\">Mientras que a partir de enero de 2022 a la fecha, \u00abfueron m\u00e1s de 135 millones de pesos, y no se sabe en qu\u00e9 los gast\u00f3 el presidente municipal\u201d, subray\u00f3 la s\u00edndica.<\/p>\n\n\n\n<p class=\"wp-block-paragraph\">La regidora L\u00f3pez P\u00e9rez denunci\u00f3 que el alcalde las excluye y \u00abveta en la toma de decisiones\u00bb, no s\u00f3lo no las convoca a sesiones de cabildo sino que les cancela sus actividades sociales relacionadas con el Ayuntamiento.<\/p>\n\n\n\n<p class=\"wp-block-paragraph\">Martha Elia y Mayely Berenice, pidieron a la Comisi\u00f3n Estatal de Derechos Humanos, a la Secretaria de Igualdad de G\u00e9nero y la Fiscal\u00eda de la Mujer que proteja sus derechos pol\u00edticos y humanos.<\/p>\n\n\n\n<p class=\"wp-block-paragraph\">Asimismo exigieron a la Auditor\u00eda Superior del Estado y al Congreso que practique una auditor\u00eda a la administraci\u00f3n p\u00fablica municipal de Jitotol, y que se informe de los resultados al pueblo.<\/p>\n\n\n\n<p class=\"wp-block-paragraph\">SEM\/MG<\/p>\n","protected":false},"excerpt":{"rendered":"<p>\u201c\u00danicamente pasa las actas que se firmen sin realizar\u00a0 sesiones de cabildo\u00bb, asegur\u00f3 la s\u00edndica M\u00e9ndez Balc\u00e1zar.<\/p>\n","protected":false},"author":3,"featured_media":62450,"comment_status":"open","ping_status":"open","sticky":false,"template":"","format":"standard","meta":{"_monsterinsights_skip_tracking":false,"footnotes":""},"categories":[51],"tags":[],"class_list":["post-62449","post","type-post","status-publish","format-standard","has-post-thumbnail","category-ejecutivo"],"_links":{"self":[{"href":"https:\/\/redsemlac.com\/semmexico\/wp-json\/wp\/v2\/posts\/62449","targetHints":{"allow":["GET"]}}],"collection":[{"href":"https:\/\/redsemlac.com\/semmexico\/wp-json\/wp\/v2\/posts"}],"about":[{"href":"https:\/\/redsemlac.com\/semmexico\/wp-json\/wp\/v2\/types\/post"}],"author":[{"embeddable":true,"href":"https:\/\/redsemlac.com\/semmexico\/wp-json\/wp\/v2\/users\/3"}],"replies":[{"embeddable":true,"href":"https:\/\/redsemlac.com\/semmexico\/wp-json\/wp\/v2\/comments?post=62449"}],"version-history":[{"count":0,"href":"https:\/\/redsemlac.com\/semmexico\/wp-json\/wp\/v2\/posts\/62449\/revisions"}],"wp:featuredmedia":[{"embeddable":true,"href":"https:\/\/redsemlac.com\/semmexico\/wp-json\/wp\/v2\/media\/62450"}],"wp:attachment":[{"href":"https:\/\/redsemlac.com\/semmexico\/wp-json\/wp\/v2\/media?parent=62449"}],"wp:term":[{"taxonomy":"category","embeddable":true,"href":"https:\/\/redsemlac.com\/semmexico\/wp-json\/wp\/v2\/categories?post=62449"},{"taxonomy":"post_tag","embeddable":true,"href":"https:\/\/redsemlac.com\/semmexico\/wp-json\/wp\/v2\/tags?post=62449"}],"curies":[{"name":"wp","href":"https:\/\/api.w.org\/{rel}","templated":true}]}}