{"id":62441,"date":"2023-02-07T16:46:08","date_gmt":"2023-02-07T22:46:08","guid":{"rendered":"https:\/\/redsemlac.com\/semmexico\/?p=62441"},"modified":"2023-02-07T19:36:03","modified_gmt":"2023-02-08T01:36:03","slug":"contra-el-borrado-de-las-mujeres-en-la-legislacion-mexicana-convocan-a-marcha-el-11-de-marzo","status":"publish","type":"post","link":"https:\/\/redsemlac.com\/semmexico\/contra-el-borrado-de-las-mujeres-en-la-legislacion-mexicana-convocan-a-marcha-el-11-de-marzo\/","title":{"rendered":"Contra el borrado de las mujeres en la legislaci\u00f3n mexicana, convocan a marcha el 11 de marzo"},"content":{"rendered":"\n<ul class=\"wp-block-list\">\n<li><strong>En el marco del Dia Internacional de la Mujer.<\/strong><\/li>\n<\/ul>\n\n\n\n<p class=\"wp-block-paragraph\"><strong>Elda Montiel<\/strong><\/p>\n\n\n\n<p class=\"wp-block-paragraph\">SemM\u00e9xico, Ciudad de M\u00e9xico, 7 de febrero del 2023.- El pr\u00f3ximo 11 de marzo se realizar\u00e1 la marcha que conmemora el D\u00eda Internacional de la Mujer, partir\u00e1 del Monumento a la Revoluci\u00f3n, al Senado de la Rep\u00fablica para terminar en la Antimonumenta de Avenida Ju\u00e1rez, con la finalidad de reposicionar el feminismo como movimiento pol\u00edtico e hist\u00f3rico frente a los intentos del patriarcado y el neoliberalismo de borrar a las mujeres, anunciaron las organizaciones y colectivas integradas en el Comit\u00e9 Feminista Organizador de la Marcha<strong> <\/strong>8 de marzo 2023 (CFO-8M-2023).<\/p>\n\n\n\n<p class=\"wp-block-paragraph\">En conferencia de prensa se\u00f1alaron que eligieron el s\u00e1bado 11 de marzo para facilitar que feministas de otros estados puedan asistir y para llamar la atenci\u00f3n en la lucha por recuperar el feminismo para las mujeres contra el \u201cfeminismo sin mujeres\u201d que impulsa la ideolog\u00eda queer y el borrado de las mujeres de la legislaci\u00f3n mexicana que tambi\u00e9n busca legalizar los vientres de alquiler y la prostituci\u00f3n.<\/p>\n\n\n\n<p class=\"wp-block-paragraph\">Recordaron que como todos los a\u00f1os el mi\u00e9rcoles 8 de marzo las organizaciones feministas radicales celebran en la Ciudad de M\u00e9xico y diferentes estados de la Rep\u00fablica el Dia Internacional de la Mujer, al cual ellas se sumaran.<\/p>\n\n\n\n<p class=\"wp-block-paragraph\">Explicaron que la marcha del 11 de marzo marca el inicio de una campa\u00f1a que durara hasta el 25 de noviembre de este a\u00f1o por parte del Comit\u00e9 Feminista &nbsp;donde levantaran &nbsp;las banderas por la abolici\u00f3n del g\u00e9nero, de la prostituci\u00f3n, la pornograf\u00eda, los vientres de alquiler y todas las formas de opresi\u00f3n de las mujeres.<\/p>\n\n\n\n<p class=\"wp-block-paragraph\">Las voceras de las diversas organizaciones y colectivos convocan a la marcha con el lema \u201cNo al borrado de las mujeres y ni\u00f1as\u201d a toda la diversidad de mujeres; empleadas, campesinas, migrantes, desplazadas, jornaleras,&nbsp; obreras, originarias, mineras, pescadoras, estudiantes, profesionistas, privadas de su libertad, con discapacidad, v\u00edctimas de violencia machista vicaria, dom\u00e9stica, cibern\u00e9tica, \u00e1cida, feminicida y as\u00ed como explotaci\u00f3n sexual y reproductiva a expresar sus demandas m\u00e1s sentidas y urgentes.<\/p>\n\n\n\n<p class=\"wp-block-paragraph\">Demandan continuar con las luchas fundamentales de las mujeres y en particular poner un alto a todas las formas y modalidades de violencia feminicida, mis\u00f3gina y generista contra las mujeres que defienden los derechos de las mujeres basados en el sexo.<\/p>\n\n\n\n<p class=\"wp-block-paragraph\">Se pronuncian por un feminismo radical abolicionista de todos los tipos de opresi\u00f3n y violencia, ya sea por el g\u00e9nero, la prostituci\u00f3n, la pornograf\u00eda, el matrimonio, los vientres de alquiler.<\/p>\n\n\n\n<p class=\"wp-block-paragraph\">Por la defensa de las ni\u00f1as y los ni\u00f1os contra todas las formas de violencia y por un normal desarrollo psicosexual, libre de estereotipos de g\u00e9nero.<\/p>\n\n\n\n<p class=\"wp-block-paragraph\">Como mujeres que representan m\u00e1s del 50 por ciento de la poblaci\u00f3n levantan la voz para se\u00f1alar que no est\u00e1n dispuestas a dejar que se les despoje como mujeres de los espacios exclusivos como ba\u00f1os, refugios, deportes y la marcha y el 8 de marzo, como fecha emblem\u00e1tica de la lucha hist\u00f3rica de las mujeres.<\/p>\n\n\n\n<h2 class=\"wp-block-heading\"><strong>249 mujeres asesinadas en 2023<\/strong><\/h2>\n\n\n\n<p class=\"wp-block-paragraph\">No est\u00e1n dispuestas a permitir la violencia contra las mujeres, pues tan solo hasta el 4 de enero de 2023 ya se contabilizaban entre muertes violentas de mujeres y feminicidios 249 mujeres asesinadas. \u201cEsto es un genocidio que no estamos dispuestas a seguir permitiendo\u201d.<\/p>\n\n\n\n<p class=\"wp-block-paragraph\">Los objetivos de la marcha son fortalecer el movimiento feminista como el \u00fanico espacio pol\u00edtico de las mujeres sin intervenciones externas.<\/p>\n\n\n\n<p class=\"wp-block-paragraph\">Promover estrategias que apunten a construir otro modo de organizaci\u00f3n social justa, que recuperen la potencia creativa original de las mujeres, sus saberes y &nbsp;conocimientos ancestrales.<\/p>\n\n\n\n<p class=\"wp-block-paragraph\">Respeto al Principio de Autonom\u00eda Pol\u00edtica (PAP) que debe regir a todos los movimientos sociales; no a la violaci\u00f3n de la autoorganizaci\u00f3n, la autodirecci\u00f3n y la autogesti\u00f3n del movimiento feminista abolicionista.<\/p>\n\n\n\n<p class=\"wp-block-paragraph\">Impulsar leyes y pol\u00edticas a favor de un desarrollo integral de las mujeres, tomando en cuenta el enorme volumen de plusval\u00eda que aportan a la riqueza de la naci\u00f3n (PIB) con su trabajo de reproducci\u00f3n social, a trav\u00e9s del trabajo dom\u00e9stico y de cuidados no pagado y el trabajo extra-dom\u00e9stico mal pagado.<\/p>\n\n\n\n<p class=\"wp-block-paragraph\">En el video se se\u00f1al\u00f3 entre otros aspectos que las lesbianas no pertenecen a la diversidad sexual sino al feminismo, y se demando la libertad de las mujeres luchadoras sociales privadas de su libertad as\u00ed como a las presas por abortar y presas por homicidio en raz\u00f3n de parentesco.<\/p>\n\n\n\n<p class=\"wp-block-paragraph\">SEM\/MG<\/p>\n","protected":false},"excerpt":{"rendered":"<p>El 11 de marzo marca el inicio de una campa\u00f1a que durar\u00e1 hasta el 25 de noviembre, donde levantaran las banderas por la abolici\u00f3n del g\u00e9nero, de la prostituci\u00f3n, la pornograf\u00eda, los vientres de alquiler y todas las formas de opresi\u00f3n de las mujeres.<\/p>\n","protected":false},"author":3,"featured_media":62442,"comment_status":"open","ping_status":"open","sticky":false,"template":"","format":"standard","meta":{"_monsterinsights_skip_tracking":false,"footnotes":""},"categories":[54],"tags":[],"class_list":["post-62441","post","type-post","status-publish","format-standard","has-post-thumbnail","category-mujeres"],"_links":{"self":[{"href":"https:\/\/redsemlac.com\/semmexico\/wp-json\/wp\/v2\/posts\/62441","targetHints":{"allow":["GET"]}}],"collection":[{"href":"https:\/\/redsemlac.com\/semmexico\/wp-json\/wp\/v2\/posts"}],"about":[{"href":"https:\/\/redsemlac.com\/semmexico\/wp-json\/wp\/v2\/types\/post"}],"author":[{"embeddable":true,"href":"https:\/\/redsemlac.com\/semmexico\/wp-json\/wp\/v2\/users\/3"}],"replies":[{"embeddable":true,"href":"https:\/\/redsemlac.com\/semmexico\/wp-json\/wp\/v2\/comments?post=62441"}],"version-history":[{"count":0,"href":"https:\/\/redsemlac.com\/semmexico\/wp-json\/wp\/v2\/posts\/62441\/revisions"}],"wp:featuredmedia":[{"embeddable":true,"href":"https:\/\/redsemlac.com\/semmexico\/wp-json\/wp\/v2\/media\/62442"}],"wp:attachment":[{"href":"https:\/\/redsemlac.com\/semmexico\/wp-json\/wp\/v2\/media?parent=62441"}],"wp:term":[{"taxonomy":"category","embeddable":true,"href":"https:\/\/redsemlac.com\/semmexico\/wp-json\/wp\/v2\/categories?post=62441"},{"taxonomy":"post_tag","embeddable":true,"href":"https:\/\/redsemlac.com\/semmexico\/wp-json\/wp\/v2\/tags?post=62441"}],"curies":[{"name":"wp","href":"https:\/\/api.w.org\/{rel}","templated":true}]}}