{"id":62435,"date":"2023-02-07T11:19:49","date_gmt":"2023-02-07T17:19:49","guid":{"rendered":"https:\/\/redsemlac.com\/semmexico\/?p=62435"},"modified":"2023-02-07T11:19:50","modified_gmt":"2023-02-07T17:19:50","slug":"guterres-insta-a-movilizarse-contra-la-mutilacion-genital-femenina-una-de-las-manifestaciones-mas-atroces-del-patriarcado","status":"publish","type":"post","link":"https:\/\/redsemlac.com\/semmexico\/guterres-insta-a-movilizarse-contra-la-mutilacion-genital-femenina-una-de-las-manifestaciones-mas-atroces-del-patriarcado\/","title":{"rendered":"Guterres insta a movilizarse contra la mutilaci\u00f3n genital femenina, \u201cuna de las manifestaciones m\u00e1s atroces del patriarcado\u201d"},"content":{"rendered":"\n<ul class=\"wp-block-list\">\n<li><strong>Ant\u00f3nio Guterres advierte que m\u00e1s de cuatro millones de ni\u00f1as \u201ccorren el riesgo de ser sometidas a este acto de violencia de g\u00e9nero\u201d durante este a\u00f1o e insta a los hombres a alzar su voz contra este \u201cacto de violencia de g\u00e9nero\u201d.<\/strong><\/li>\n<\/ul>\n\n\n\n<p class=\"wp-block-paragraph\"><strong>Redacci\u00f3n<\/strong><\/p>\n\n\n\n<p class=\"wp-block-paragraph\">SemM\u00e9xico\/NoticiasONU, Ciudad de M\u00e9xico, 7 de febrero del 2023.- La mutilaci\u00f3n genital femenina \u00abes una forma repulsiva de atentar contra los derechos humanos fundamentales\u201d, afirm\u00f3 este lunes el secretario general de la ONU, con motivo del D\u00eda Internacional de Tolerancia Cero contra esta lacra, que sigue amenazando a nada menos que a 4,2 millones de ni\u00f1as.<\/p>\n\n\n\n<p class=\"wp-block-paragraph\">Ant\u00f3nio Guterres afirm\u00f3 que la pr\u00e1ctica de la ablaci\u00f3n genital, una costumbre que prevalece en algunas culturas desde hace m\u00e1s de mil a\u00f1os, da\u00f1a de por vida tanto la salud f\u00edsica como mental de mujeres y ni\u00f1as y representa \u201cuna de las manifestaciones m\u00e1s atroces del patriarcado que reina en nuestro mundo.\u201d<\/p>\n\n\n\n<h2 class=\"wp-block-heading\"><strong>La ablaci\u00f3n genital es un acto de violencia de g\u00e9nero<\/strong><\/h2>\n\n\n\n<p class=\"wp-block-paragraph\">El secretario general cifr\u00f3 en m\u00e1s de cuatro millones el n\u00famero de ni\u00f1as que este a\u00f1o \u201ccorren el riesgo de ser sometidas a este acto de violencia de g\u00e9nero\u201d y pidi\u00f3 una mayor movilizaci\u00f3n para eliminar la mutilaci\u00f3n genital femenina para 2030, una de las metas de los Objetivos de Desarrollo Sostenible, tomando las correspondientes medidas para lograrlo.<\/p>\n\n\n\n<p class=\"wp-block-paragraph\">\u201cLa mutilaci\u00f3n genital femenina tiene su origen en las mismas desigualdades de g\u00e9nero y complejas normas sociales que limitan la participaci\u00f3n y el liderazgo de las mujeres y que restringen su acceso a la educaci\u00f3n y al empleo. Esta discriminaci\u00f3n perjudica a toda la sociedad en su conjunto, y urge que todas y todos trabajemos para ponerle fin\u201d, solicit\u00f3.<\/p>\n\n\n\n<p class=\"wp-block-paragraph\">Por ello, afirm\u00f3 que los hombres y los ni\u00f1os -hermanos, padres, trabajadores de la salud, docentes y dirigentes tradicionales- pueden convertirse en \u201cgrandes aliados para acabar con esta lacra\u201d, tal y como indica claramente en el lema de este a\u00f1o.<\/p>\n\n\n\n<h2 class=\"wp-block-heading\"><strong>\u201cAvalancha\u00bb de aliados masculinos contra la mutilaci\u00f3n<\/strong><\/h2>\n\n\n\n<p class=\"wp-block-paragraph\">El tema elegido este 2023 por el Fondo de Poblaci\u00f3n de la ONU (UNFPA), la agencia de la Organizaci\u00f3n para la salud sexual y reproductiva, y UNICEF para eliminar este flagelo es: \u201cAlianza con hombres y ni\u00f1os para transformar las normas sociales y de g\u00e9nero para acabar con la mutilaci\u00f3n genital femenina\u201d.<\/p>\n\n\n\n<p class=\"wp-block-paragraph\">Ambas agencias llamaron a la comunidad internacional a promover el compromiso de los hombres sobre lo da\u00f1ina que es la mutilaci\u00f3n genital femenina y a alzar sus voces en favor de las mujeres y las ni\u00f1as.<\/p>\n\n\n\n<p class=\"wp-block-paragraph\">Las iniciativas emprendidas por la ONU y las ONG asociadas dieron como resultado \u00abuna avalancha de aliados masculinos, como l\u00edderes religiosos, trabajadores sanitarios, funcionarios encargados de hacer cumplir la ley, miembros de la sociedad civil y organizaciones comunitarias\u00bb, afirm\u00f3 la ONU.<\/p>\n\n\n\n<p class=\"wp-block-paragraph\">El programa conjunto del UNFPA y UNICEF para acelerar la eliminaci\u00f3n de la ablaci\u00f3n genital lleva en marcha desde 2008 y se centra en 17 pa\u00edses de \u00c1frica y Oriente Medio, adem\u00e1s de apoyar iniciativas regionales y mundiales.<\/p>\n\n\n\n<p class=\"wp-block-paragraph\">Gracias al apoyo del programa, m\u00e1s de seis millones de ni\u00f1as y mujeres han recibido servicios de prevenci\u00f3n, protecci\u00f3n y atenci\u00f3n, mientras que alrededor de 45 millones de personas manifestaron p\u00fablicamente su abandono.<\/p>\n\n\n\n<h2 class=\"wp-block-heading\"><strong>El personal sanitario todav\u00eda forma parte del problema<\/strong><\/h2>\n\n\n\n<p class=\"wp-block-paragraph\">Seg\u00fan el informe anual del UNFPA sobre la mutilaci\u00f3n genital femenina, en 2021 se evit\u00f3 que m\u00e1s de 532.000 ni\u00f1as fueran sometidas a este abuso.<\/p>\n\n\n\n<p class=\"wp-block-paragraph\">Sin embargo, tambi\u00e9n calcula que, a causa del retroceso generado por la pandemia de Covid-19, puede haber hasta dos millones de casos de ablaci\u00f3n genital en 2030, que de otro modo se habr\u00edan evitado.<\/p>\n\n\n\n<p class=\"wp-block-paragraph\">De acuerdo con los datos de UNICEF de 2020, el personal sanitario todav\u00eda practic\u00f3 la mutilaci\u00f3n genital femenina en casi una de cada cuatro ni\u00f1as y mujeres en todo el mundo -o 52 millones de personas-, lo que apunta a \u00abuna tendencia alarmante en la medicalizaci\u00f3n de la mutilaci\u00f3n genital femenina\u00bb.<\/p>\n\n\n\n<p class=\"wp-block-paragraph\">SEM\/MG<\/p>\n","protected":false},"excerpt":{"rendered":"<p>Ant\u00f3nio Guterres advierte que m\u00e1s de cuatro millones de ni\u00f1as \u201ccorren el riesgo de ser sometidas a este acto de violencia de g\u00e9nero\u201d durante este a\u00f1o e insta a los hombres a alzar su voz contra este \u201cacto de violencia de g\u00e9nero\u201d.<\/p>\n","protected":false},"author":3,"featured_media":62436,"comment_status":"open","ping_status":"open","sticky":false,"template":"","format":"standard","meta":{"_monsterinsights_skip_tracking":false,"footnotes":""},"categories":[53],"tags":[],"class_list":["post-62435","post","type-post","status-publish","format-standard","has-post-thumbnail","category-internacional"],"_links":{"self":[{"href":"https:\/\/redsemlac.com\/semmexico\/wp-json\/wp\/v2\/posts\/62435","targetHints":{"allow":["GET"]}}],"collection":[{"href":"https:\/\/redsemlac.com\/semmexico\/wp-json\/wp\/v2\/posts"}],"about":[{"href":"https:\/\/redsemlac.com\/semmexico\/wp-json\/wp\/v2\/types\/post"}],"author":[{"embeddable":true,"href":"https:\/\/redsemlac.com\/semmexico\/wp-json\/wp\/v2\/users\/3"}],"replies":[{"embeddable":true,"href":"https:\/\/redsemlac.com\/semmexico\/wp-json\/wp\/v2\/comments?post=62435"}],"version-history":[{"count":0,"href":"https:\/\/redsemlac.com\/semmexico\/wp-json\/wp\/v2\/posts\/62435\/revisions"}],"wp:featuredmedia":[{"embeddable":true,"href":"https:\/\/redsemlac.com\/semmexico\/wp-json\/wp\/v2\/media\/62436"}],"wp:attachment":[{"href":"https:\/\/redsemlac.com\/semmexico\/wp-json\/wp\/v2\/media?parent=62435"}],"wp:term":[{"taxonomy":"category","embeddable":true,"href":"https:\/\/redsemlac.com\/semmexico\/wp-json\/wp\/v2\/categories?post=62435"},{"taxonomy":"post_tag","embeddable":true,"href":"https:\/\/redsemlac.com\/semmexico\/wp-json\/wp\/v2\/tags?post=62435"}],"curies":[{"name":"wp","href":"https:\/\/api.w.org\/{rel}","templated":true}]}}