{"id":62431,"date":"2023-02-07T10:55:40","date_gmt":"2023-02-07T16:55:40","guid":{"rendered":"https:\/\/redsemlac.com\/semmexico\/?p=62431"},"modified":"2023-02-07T10:55:42","modified_gmt":"2023-02-07T16:55:42","slug":"entresemana-con-el-orgullo-herido","status":"publish","type":"post","link":"https:\/\/redsemlac.com\/semmexico\/entresemana-con-el-orgullo-herido\/","title":{"rendered":"Entresemana| Con el orgullo herido"},"content":{"rendered":"\n<p class=\"wp-block-paragraph\"><strong>Mois\u00e9s S\u00e1nchez Lim\u00f3n<\/strong><\/p>\n\n\n\n<p class=\"wp-block-paragraph\">SemM\u00e9xico, Ciudad de M\u00e9xico, 7 de febrero del 2023.- \u00bfY las lambisconas y lambiscones d\u00f3nde andan?<\/p>\n\n\n\n<p class=\"wp-block-paragraph\">Esa ser\u00eda la pregunta de Su Alteza Seren\u00edsima cuando el aplauso f\u00e1cil comienza a escasear en los actos oficiales y, en contraste, las mentadas de madre, abucheos, desdenes y chiflidos nada amables tienden a ser condimento.<\/p>\n\n\n\n<p class=\"wp-block-paragraph\">Elemental; el nadir del poder se aproxima inexorable. Y\u2026<\/p>\n\n\n\n<p class=\"wp-block-paragraph\">M\u00e1s temprano que tarde, Su Alteza Seren\u00edsima resentir\u00eda el paulatino abandono, la soledad del poder, la ausencia de loas y el aplauso encaminado, maiceado por los programas de Bienestar.<\/p>\n\n\n\n<p class=\"wp-block-paragraph\">Porque la clase pol\u00edtica de casa, incluso, \u00e9sta que en los m\u00edtines aprovecha espacios para promoverse y pepenarse del jir\u00f3n del poder presidencial de Andr\u00e9s Manuel I que se rasga y lo desnuda dej\u00e1ndole la piel ciudadana com\u00fan y, sin duda, m\u00e1s corriente de esos d\u00edas en los que saboreaba el poder desde el balc\u00f3n de Palacio.<\/p>\n\n\n\n<p class=\"wp-block-paragraph\">Porque no supo ejercer el poder o se neg\u00f3 a aprender a ser Presidente y se qued\u00f3 en \u00e9mulo con su cargo escrito en min\u00fasculas y camino al archivo de un gobierno que ser\u00e1 recordado por las y los pobres porque los dej\u00f3 pobres con m\u00e1s pobres en competencia por las migajas de contentillo para no hacer esc\u00e1ndalo y votar Morena y apoyar sin chistar lo moreno.<\/p>\n\n\n\n<p class=\"wp-block-paragraph\">Sea por dios y la pobreza franciscana que visti\u00f3 de cashmere y marcas caras al licenciado Presidente y abult\u00f3 la fortuna escondida entre prestanombres y sus hijos e incondicionales, porque el billete de 200 pesos no le servir\u00e1 para maldita la cosa cuando el 1 de septiembre del a\u00f1o entrante entregue el poder, a quien sea&#8230;<\/p>\n\n\n\n<p class=\"wp-block-paragraph\">Y ese o \u00e9sa quien sea lo echar\u00e1 del que fue su Palacio.<\/p>\n\n\n\n<p class=\"wp-block-paragraph\">Y si tiene tama\u00f1os y convicciones de hacer justicia le advertir\u00e1 que se haga de un buen equipo de abogadas y abogados o se largue del pa\u00eds porque, en principio, tiene demandas de genocidio por el perverso manejo de la pandemia de Covid 19 que cobr\u00f3 m\u00e1s de 700 mil vidas.<\/p>\n\n\n\n<p class=\"wp-block-paragraph\">\u00a1Ah!, el licenciado Presidente que ironiza con esa p\u00e9rdida de poder y la simpat\u00eda de quienes no tienen por qu\u00e9 tenerle simpat\u00eda y le han perdido el respeto porque la investidura que debiera portar con orgullo de ejercer el poder sin distingos ni apetitos transexenales, la manch\u00f3 desde antes de rendir protestar en el cargo el s\u00e1bado 1 de diciembre de 2018.<\/p>\n\n\n\n<p class=\"wp-block-paragraph\">Y le duele la ausencia del aplauso.<\/p>\n\n\n\n<p class=\"wp-block-paragraph\">Le hiere el orgullo que su contraparte en el Poder Judicial de las Federaci\u00f3n, la ministra Norma Luc\u00eda Pi\u00f1a Hern\u00e1ndez, no se levantara de su asiento, el antepen\u00faltimo que perversamente le asignaron de \u00faltima hora, junto al pen\u00faltimo de Santiago Creel Miranda, presidente de la Mesa Directiva de la C\u00e1mara de Diputados, en el pres\u00eddium en el Teatro de la Rep\u00fablica el domingo 5 de febrero en el acto conmemorativo del 106 Aniversario de la Promulgaci\u00f3n de la Constituci\u00f3n Pol\u00edtica de M\u00e9xico.<\/p>\n\n\n\n<p class=\"wp-block-paragraph\">En serio, funcionarias, funcionarios de la Secretar\u00eda de Gobernaci\u00f3n atendieron \u00f3rdenes superiores y alejaron lo m\u00e1s posible de Su Alteza Seren\u00edsima Andr\u00e9s Manuel I a los inc\u00f3modos actores pol\u00edticos que no pertenecen al s\u00e9quito de aplaudidores y aplaudidoras.<\/p>\n\n\n\n<p class=\"wp-block-paragraph\">\u00bfPor qu\u00e9 hicieron lo mismo con el senador Alejandro Armenta Mier, presidente de la Mesa Directiva del Senado de la Rep\u00fablica, si es de casa?<\/p>\n\n\n\n<p class=\"wp-block-paragraph\">Burdos aprendices de brujos al servicio del tenor de Bucareli.<\/p>\n\n\n\n<p class=\"wp-block-paragraph\">De que los hay, los hay\u2026<\/p>\n\n\n\n<p class=\"wp-block-paragraph\">Aplausos, aplausos, pide el Duce porque sin los aplausos la vida no se llama vida, porque son su linimento que apacigua dolores del alma ofendida y se alzan el\u00edxir que le lleva a decir barbaridades y asumirse due\u00f1o del universo, maestro y gur\u00fa, patriota sin matices chovinistas aunque as\u00ed procede.<\/p>\n\n\n\n<p class=\"wp-block-paragraph\">Aplausos, aplausos porque Su Alteza Seren\u00edsima no se parece a los de antes pero le encanta disfrutar de esos placeres mundanos, vida de jeque en esa \u00ednsula que es el Palacio Nacional, su palacio.&nbsp;<\/p>\n\n\n\n<p class=\"wp-block-paragraph\">Mire usted.<\/p>\n\n\n\n<p class=\"wp-block-paragraph\">El martes 03 de febrero de 2015, concluido su mensaje para anunciar medidas de transparencia en su gobierno, pillado con propiedades como la Casa Blanca valuada en miserables 85 millones de pesos, dijo a las y los reporteros: \u00abYa s\u00e9 que no aplauden\u00bb.<\/p>\n\n\n\n<p class=\"wp-block-paragraph\">Y, \u00a1vaya coincidencias!, en la ma\u00f1anera del martes 27 de agosto de 2019, al t\u00e9rmino de la presentaci\u00f3n de un acuerdo con empresarias y empresarios mexicanos y extranjeros, el licenciado Andr\u00e9s Manuel L\u00f3pez Obrador pregunt\u00f3 a los reporteros presente: \u201c\u00bfA poco la prensa no aplaude?\u201d<\/p>\n\n\n\n<p class=\"wp-block-paragraph\">No, la prensa no aplaude. O no sol\u00eda aplaudir.<\/p>\n\n\n\n<p class=\"wp-block-paragraph\">Una regla no escrita que, en las ma\u00f1aneras, rompieron sedicentes reporteros\/as mercenarios que aplauden y se r\u00eden de las gracejadas y puntadas de Su Alteza Seren\u00edsima.<\/p>\n\n\n\n<p class=\"wp-block-paragraph\">Aunque, hay que decirlo, Vicente Fox y Do\u00f1a Martha contaban con su staff de prensa aplaudidora, reporteras y reporteros que hasta Las Ma\u00f1anitas cantaban al entonces Presidente en pleno vuelo del TP-01, e incluso aplaudieron y recibieron el ramo cuando fue el casorio de la pareja Fox-Sahag\u00fan.<\/p>\n\n\n\n<p class=\"wp-block-paragraph\">Por eso, por eso, el licenciado Presidente generaliza, insulta, descalifica y estigmatiza. Aunque, \u00bfa poco no?, entre periodistas cada quien sabe qui\u00e9n es y qu\u00e9 pecados a cometido.<\/p>\n\n\n\n<p class=\"wp-block-paragraph\">Cada quien.<\/p>\n\n\n\n<p class=\"wp-block-paragraph\">Como hoy el licenciado Presidente cuyos fantasmas se le rebelan y le recuerdan que cada amanecer es el de un d\u00eda menos en el poder.<\/p>\n\n\n\n<p class=\"wp-block-paragraph\">Por eso, por eso\u2026<\/p>\n\n\n\n<p class=\"wp-block-paragraph\">Sin que nadie le preguntara, en la ma\u00f1anera de inicio de semana trajo a colaci\u00f3n el tema de la ministra presidenta que le recet\u00f3 un mensaje firme, sin dobleces, record\u00e1ndole que el Pode Judicial es un Poder que no depende del Ejecutivo.<\/p>\n\n\n\n<p class=\"wp-block-paragraph\">Y pretendi\u00f3 ser sincero m\u00e1s cay\u00f3 en lo rampl\u00f3n y se mostr\u00f3 dolido, am\u00e9n de falto de respeto hacia la ministra Norma Luc\u00eda Pi\u00f1a Hern\u00e1ndez.<\/p>\n\n\n\n<p class=\"wp-block-paragraph\">\u201cAyer -dijo Su Alteza Seren\u00edsima- me dio mucho gusto porque se not\u00f3, yo creo que porque estaba cansada o no quiso pararse la ministra presidenta de la Suprema Corte de Justicia, pero me dio mucho gusto, me dio much\u00edsimo gusto porque eso no se ve\u00eda antes, los ministros de la Corte eran empleados\/empleadas del Presidente\u201d.<\/p>\n\n\n\n<p class=\"wp-block-paragraph\">Quiso sacar provecho del que, sin duda no fue desd\u00e9n de la ministra presidenta quien no est\u00e1 acostumbrada a estos actos en los que el licenciado Presidente es la big star.<\/p>\n\n\n\n<p class=\"wp-block-paragraph\">\u201c(\u2026) \u00bfCu\u00e1ndo se hab\u00eda visto que se quedara sentado el presidente de la Corte en un acto as\u00ed? Eso me llena de orgullo porque significa que estamos llevando a cabo cambios, es una transformaci\u00f3n, ya no es el Presidente el que le da \u00f3rdenes a las ministras ni a los ministros, y tambi\u00e9n es un desmentido cuando de manera exagerada se habla de una dictadura, de una tiran\u00eda\u201d, presumi\u00f3 el Duce.<\/p>\n\n\n\n<p class=\"wp-block-paragraph\">\u00bfQu\u00e9 le parece? Seguro y Chucho Ram\u00edrez, quien mediante un tuit hab\u00eda descalificado, sin citarla por su nombre y cargo, a la ministra presidenta, le recomend\u00f3 curarse en salud y presumir que aunque el golpe fue duro y a la cabeza de su ego, no le doli\u00f3.<\/p>\n\n\n\n<p class=\"wp-block-paragraph\">Pero, Andr\u00e9s, Andr\u00e9s, la p\u00e9rdida del poder duele\u2026<\/p>\n\n\n\n<p class=\"wp-block-paragraph\">Y luego, para completar el cuadro le cobr\u00f3 la factura a Santiago Creel Miranda, presidente de la Mesa Directiva de la C\u00e1mara de Diputados, cuyo discurso en la conmemoraci\u00f3n de la promulgaci\u00f3n de la Constituci\u00f3n Pol\u00edtica le recet\u00f3 varias recomendaciones, una de ellas fundamental, fincada en el di\u00e1logo.<\/p>\n\n\n\n<p class=\"wp-block-paragraph\">-\u00bfC\u00f3mo interpreta el llamado a la reconciliaci\u00f3n de la oposici\u00f3n en medio de campa\u00f1as de golpeteo pol\u00edtico; o sea, la oposici\u00f3n llama a que debe de haber una reconciliaci\u00f3n, pero hay campa\u00f1as de golpeteo? \u00bfQu\u00e9 les dir\u00eda, en funci\u00f3n del cambio que considera que debe de continuar en el pa\u00eds? -fue pregunta a modo a Su Alteza Seren\u00edsima.<\/p>\n\n\n\n<p class=\"wp-block-paragraph\">-No, yo pienso que tiene que haber respeto, pero no somos iguales, hay quienes apoyaron y siguen apoyando un modelo que beneficia s\u00f3lo a las minor\u00edas, por eso existe un bloque conservador que tiene su influencia, relativa, pero hacen valer sus derechos en el Congreso, y lo mismo en el Poder Judicial -respondi\u00f3 Andr\u00e9s Manuel I de corridito.<\/p>\n\n\n\n<p class=\"wp-block-paragraph\">Y hasta presumi\u00f3:<\/p>\n\n\n\n<p class=\"wp-block-paragraph\">\u201cSer\u00eda muy f\u00e1cil nombrar al presidente o la presidenta desde Palacio Nacional, como se hac\u00eda antes, de la Corte, ser\u00eda f\u00e1cil conseguir la aprobaci\u00f3n de todas las iniciativas que enviara el Ejecutivo al Legislativo\u201d.<\/p>\n\n\n\n<p class=\"wp-block-paragraph\">Pero, cort\u00f3 previsiones:<\/p>\n\n\n\n<p class=\"wp-block-paragraph\">\u201cA veces, cuando dicen: \u2018Queremos di\u00e1logo\u2019, nosotros decimos: No. No es que no respetemos y que en la democracia debe de haber pluralidad, es que el di\u00e1logo que ellos\/ellas quieren busca prebendas, es regresar a los moches\u201d, prejuzg\u00f3 sin rubor.<\/p>\n\n\n\n<p class=\"wp-block-paragraph\">Y ah\u00ed qued\u00f3 el mensaje a Santiago Creel y para quien pretenda cita en Palacio para dialogar con el emperador, el oligarca que busca perpetuarse en el poder como neo caudillo que se espanta con el desd\u00e9n y reacciona rencoroso. Anda dolido; cuidado. Digo.<\/p>\n\n\n\n<p class=\"wp-block-paragraph\"><a href=\"mailto:sanchezlimon@gmail.com\">sanchezlimon@gmail.com<\/a>&nbsp;&nbsp; <a href=\"http:\/\/www.entresemana.mx\">www.entresemana.mx<\/a>&nbsp;&nbsp; @sanchezlimon1<\/p>\n","protected":false},"excerpt":{"rendered":"<p> \u00bfY las lambisconas y lambiscones d\u00f3nde andan?<\/p>\n","protected":false},"author":3,"featured_media":15805,"comment_status":"open","ping_status":"open","sticky":false,"template":"","format":"standard","meta":{"_monsterinsights_skip_tracking":false,"footnotes":""},"categories":[105,83,35],"tags":[],"class_list":["post-62431","post","type-post","status-publish","format-standard","has-post-thumbnail","category-entresemana","category-moises-sanchez-limon","category-opinion"],"_links":{"self":[{"href":"https:\/\/redsemlac.com\/semmexico\/wp-json\/wp\/v2\/posts\/62431","targetHints":{"allow":["GET"]}}],"collection":[{"href":"https:\/\/redsemlac.com\/semmexico\/wp-json\/wp\/v2\/posts"}],"about":[{"href":"https:\/\/redsemlac.com\/semmexico\/wp-json\/wp\/v2\/types\/post"}],"author":[{"embeddable":true,"href":"https:\/\/redsemlac.com\/semmexico\/wp-json\/wp\/v2\/users\/3"}],"replies":[{"embeddable":true,"href":"https:\/\/redsemlac.com\/semmexico\/wp-json\/wp\/v2\/comments?post=62431"}],"version-history":[{"count":0,"href":"https:\/\/redsemlac.com\/semmexico\/wp-json\/wp\/v2\/posts\/62431\/revisions"}],"wp:featuredmedia":[{"embeddable":true,"href":"https:\/\/redsemlac.com\/semmexico\/wp-json\/wp\/v2\/media\/15805"}],"wp:attachment":[{"href":"https:\/\/redsemlac.com\/semmexico\/wp-json\/wp\/v2\/media?parent=62431"}],"wp:term":[{"taxonomy":"category","embeddable":true,"href":"https:\/\/redsemlac.com\/semmexico\/wp-json\/wp\/v2\/categories?post=62431"},{"taxonomy":"post_tag","embeddable":true,"href":"https:\/\/redsemlac.com\/semmexico\/wp-json\/wp\/v2\/tags?post=62431"}],"curies":[{"name":"wp","href":"https:\/\/api.w.org\/{rel}","templated":true}]}}