{"id":6243,"date":"2018-08-31T23:30:43","date_gmt":"2018-08-31T23:30:43","guid":{"rendered":"https:\/\/redsemlac.com\/semmexico\/?p=6243"},"modified":"2023-07-21T14:33:18","modified_gmt":"2023-07-21T19:33:18","slug":"palabra-de-mujer-15","status":"publish","type":"post","link":"https:\/\/redsemlac.com\/semmexico\/palabra-de-mujer-15\/","title":{"rendered":"Palabra de Mujer"},"content":{"rendered":"\n<p class=\"wp-block-paragraph\">Periodista de provincia, Presunto Culpable<\/p>\n\n\n\n<h5 class=\"wp-block-heading\"> \u2022 Una juez capitalina neg\u00f3 la libertad condicional<\/h5>\n\n\n\n<p class=\"wp-block-paragraph\"><a href=\"https:\/\/semmexico.com\/gallery-post.php?id=5719#\">Billy Parker<\/a><\/p>\n\n\n\n<p class=\"wp-block-paragraph\">SemM\u00e9xico, 31 agosto 2018,.- -\u00a1Le pusieron un cuatro! \u00a1No se vale!&nbsp; &#8211;denuncia el padre de Erik Gonz\u00e1lez Carbajal, acusado del presunto robo en el diario La Raz\u00f3n, el pasado 4 de abril.&nbsp; Carmelo Gonz\u00e1lez, periodista del estado de Guerrero con 33 a\u00f1os de ejercicio profesional, rompe en llanto al tel\u00e9fono, al referir los cuatro meses de incertidumbre sobre la situaci\u00f3n jur\u00eddica de su hijo, egresado de Comunicaci\u00f3n Social de la Universidad, quien quiso probar suerte en la ciudad de M\u00e9xico para ayudar a la familia por la diabetes de su progenitor.<\/p>\n\n\n\n<p class=\"wp-block-paragraph\">&#8211;Estoy cansado. \u00a1Ya no puedo m\u00e1s! Y la voz de colega Carmelo se ahoga con l\u00e1grimas de impotencia.<\/p>\n\n\n\n<p class=\"wp-block-paragraph\">&nbsp;&#8211;Me han dejado en la miseria, pagando abogados para que al final una juez le impida tener un debido proceso,&nbsp; -y se conduele porque organizaciones de periodistas no atienden el caso de injusticia sobre su hijo.<\/p>\n\n\n\n<p class=\"wp-block-paragraph\">&#8211;Lo detuvieron porque cumpli\u00f3 una orden de Rub\u00e9n Cort\u00e9s, exdirector del diario, de origen cubano, asegura el quebrado periodista guerrerense&nbsp; al ver como hunden a Erik y sus sue\u00f1os.<\/p>\n\n\n\n<p class=\"wp-block-paragraph\">&#8211;Solo porque es un periodista de provincia lo tratan as\u00ed \u2014sostiene al tiempo que ruega al gremio den a conocer su caso y lo acompa\u00f1en este domingo al penal de Santa Martha para visitar a su v\u00e1stago.&nbsp;<\/p>\n\n\n\n<p class=\"wp-block-paragraph\">&#8211;Mi hijo fue detenido y llevado al ba\u00f1o del peri\u00f3dico para torturarlo salvajemente,&nbsp; con el fin de acusar a una persona de haber organizado el robo, a quien luego liberaron \u00bfC\u00f3mo es posible que fuera entregado cuatro horas despu\u00e9s de su detenci\u00f3n a la agencia del Ministerio P\u00fablico? &#8211;rese\u00f1a el mortificado padre y ruega el acompa\u00f1amiento de los colegas para que nunca m\u00e1s alguien viva esa experiencia.&nbsp;<\/p>\n\n\n\n<p class=\"wp-block-paragraph\">En la llamada que desgarra el alma, me expresa que ha tocado puertas sin respuestas. \u201cNi directivos del diario, ni jueces, ni defensores de periodistas, ni autoridades. No tiene recursos para gestionar ante otras instancias.<\/p>\n\n\n\n<p class=\"wp-block-paragraph\">Una juez capitalina neg\u00f3 la libertad condicional a Erik Manuel bajo el argumento de que podr\u00eda evadir la justicia ya que \u201ces originario de la ciudad de Chilpancingo\u201d, pese a la evidencia de la violaci\u00f3n de derechos Humanos del joven periodista, adem\u00e1s de inconsistencias, como su derecho a la presunci\u00f3n de inocencia y a un debido proceso. Es decir, lo tratan como un caso m\u00e1s de \u201cpresunto culpable\u201d y en la tendencia de criminalizar a los periodistas.<\/p>\n\n\n\n<p class=\"wp-block-paragraph\">En la audiencia Erik declar\u00f3 que el martes 3 de abril lleg\u00f3 a las oficinas de La Raz\u00f3n alrededor de las 20:00 horas para cumplir con sus labores habituales y cerca de las 2:30 de la ma\u00f1ana horas recibi\u00f3 una llamada de una persona que se identific\u00f3 como Rub\u00e9n Cort\u00e9s Fern\u00e1ndez, entonces director editorial del peri\u00f3dico y quien dijo necesitar dinero y la p\u00f3liza de seguro de su coche alegando que hab\u00eda sufrido un accidente automovil\u00edstico. El supuesto Rub\u00e9n Cort\u00e9s pidi\u00f3 ayuda al guerrerense quien entonces era la \u00fanica persona dentro de las instalaciones del peri\u00f3dico, incluso&nbsp; dijo que lo amenaz\u00f3 con despedirlo de no seguir sus &nbsp;indicaciones precisas sobre llaves y objetos que solamente alguien con conocimiento total de la oficina podr\u00eda conocer.<\/p>\n\n\n\n<p class=\"wp-block-paragraph\">-\u201cVe a mi oficina y en el segundo caj\u00f3n del mueble que est\u00e1 al lado de la maceta encontrar\u00e1s una llave con la que abrir\u00e1s la oficina del director financiero, ve hasta ah\u00ed y saca la caja fuerte, ll\u00e9vala al s\u00f3tano y espera a una persona de mi confianza quien la traer\u00e1 hasta dote me encuentro para que yo pueda sacar la p\u00f3liza del seguro.\u201d<\/p>\n\n\n\n<p class=\"wp-block-paragraph\">Luego de entregar la caja de seguridad, el supuesto director editorial del peri\u00f3dico pidi\u00f3 abrir una segunda caja fuerte empotrada en la pared de la oficina del director financiero. Sin malicia el joven periodista pidi\u00f3 ayuda a la encargada del turno de la ma\u00f1ana quien ya se encontraba laborando y con quien pudo contactar a un par de cerrajeros quienes llegaron al lugar y comenzaron a trabajar para lograr abrir la caja. Entrada la ma\u00f1ana decenas de polic\u00edas ingresaron a la oficina e inmediatamente detuvieron a Erik Gonz\u00e1lez, a la periodista encargada del turno de la ma\u00f1ana y a los cerrajeros.<\/p>\n\n\n\n<p class=\"wp-block-paragraph\">Una oficial que portaba una placa que colgaba de cuello lleg\u00f3 a la oficina donde Erik estaba siendo interrogado, se acerc\u00f3 a \u00e9l, le dio un rodillazo en los test\u00edculos y le dijo: \u201cAhora s\u00ed ya te carg\u00f3 la verga, pinche putito\u201d, con las mismas pr\u00e1cticas que est\u00e1n evidenciando en los medios del comportamiento de polic\u00edas del DF. \u201cLo empuj\u00f3 contra la pared y lo entreg\u00f3 a dos oficiales quienes lo trasladaron al ba\u00f1o. Dentro del ba\u00f1o eran torturados los cerrajeros. Erik fue puesto de rodillas y golpeado por todos los polic\u00edas que entraban, posteriormente le dieron descargas el\u00e9ctricas y obligado a decir el nombre de dos calles y la frase \u201cEs \u00e9l\u201d.<\/p>\n\n\n\n<p class=\"wp-block-paragraph\">Luego de llevarlo a una casa para identificar a quien quer\u00edan los polic\u00edas, entraron por la fuerza, golpearon a miembros de esa familia y sacaron con violencia a un ch\u00f3fer de Uber, que presentaron como culpable de haberse llevado la caja fuerte, mismo que fue excarcelado por falta de pruebas.<\/p>\n\n\n\n<p class=\"wp-block-paragraph\">Gonz\u00e1lez Carbajal fue recluido en el Ministerio P\u00fablico y es el \u00fanico detenido en lo que se configur\u00f3 como delito de robo agravado en pandilla, pero no la hab\u00eda.<\/p>\n\n\n\n<p class=\"wp-block-paragraph\">Durante este periodo, el diario La Raz\u00f3n de M\u00e9xico no fij\u00f3 ninguna postura respecto al caso, ni mucho menos alg\u00fan directivo dio la cara denuncian familiares del detenido, quienes han acudido al edificio donde se encuentran las oficinas del peri\u00f3dico y se les ha negado el acceso.<\/p>\n\n\n\n<p class=\"wp-block-paragraph\">Casi tres meses despu\u00e9s del presunto robo Rub\u00e9n Cort\u00e9s anunci\u00f3 su renuncia luego de cuatro a\u00f1os encabezando el diario, el argumento fue &nbsp;\u201cpor mutuo acuerdo y por as\u00ed convenir a sus intereses\u201d.<\/p>\n\n\n\n<p class=\"wp-block-paragraph\">&#8211;Que enfrente su error por seguir las indicaciones de su jefe pero, con un debido proceso, bajo fianza, &#8211;clama el padre del periodista, presunto culpable de un crimen que no cometi\u00f3. Usted Opine.<\/p>\n","protected":false},"excerpt":{"rendered":"<p>Periodista de provincia, Presunto Culpable \u2022 Una juez capitalina neg\u00f3 la libertad condicional Billy Parker SemM\u00e9xico, 31 agosto 2018,.- -\u00a1Le pusieron un cuatro! \u00a1No se vale!&nbsp; &#8211;denuncia el padre de Erik Gonz\u00e1lez Carbajal, acusado del presunto robo en el diario La Raz\u00f3n, el pasado 4 de abril.&nbsp; Carmelo Gonz\u00e1lez, periodista del estado de Guerrero con [&hellip;]<\/p>\n","protected":false},"author":3,"featured_media":6161,"comment_status":"open","ping_status":"open","sticky":false,"template":"","format":"standard","meta":{"_monsterinsights_skip_tracking":false,"footnotes":""},"categories":[689,81,108],"tags":[],"class_list":["post-6243","post","type-post","status-publish","format-standard","has-post-thumbnail","category-689","category-billy-parker","category-palabra-de-mujer"],"_links":{"self":[{"href":"https:\/\/redsemlac.com\/semmexico\/wp-json\/wp\/v2\/posts\/6243","targetHints":{"allow":["GET"]}}],"collection":[{"href":"https:\/\/redsemlac.com\/semmexico\/wp-json\/wp\/v2\/posts"}],"about":[{"href":"https:\/\/redsemlac.com\/semmexico\/wp-json\/wp\/v2\/types\/post"}],"author":[{"embeddable":true,"href":"https:\/\/redsemlac.com\/semmexico\/wp-json\/wp\/v2\/users\/3"}],"replies":[{"embeddable":true,"href":"https:\/\/redsemlac.com\/semmexico\/wp-json\/wp\/v2\/comments?post=6243"}],"version-history":[{"count":0,"href":"https:\/\/redsemlac.com\/semmexico\/wp-json\/wp\/v2\/posts\/6243\/revisions"}],"wp:featuredmedia":[{"embeddable":true,"href":"https:\/\/redsemlac.com\/semmexico\/wp-json\/wp\/v2\/media\/6161"}],"wp:attachment":[{"href":"https:\/\/redsemlac.com\/semmexico\/wp-json\/wp\/v2\/media?parent=6243"}],"wp:term":[{"taxonomy":"category","embeddable":true,"href":"https:\/\/redsemlac.com\/semmexico\/wp-json\/wp\/v2\/categories?post=6243"},{"taxonomy":"post_tag","embeddable":true,"href":"https:\/\/redsemlac.com\/semmexico\/wp-json\/wp\/v2\/tags?post=6243"}],"curies":[{"name":"wp","href":"https:\/\/api.w.org\/{rel}","templated":true}]}}