{"id":62416,"date":"2023-02-06T14:12:11","date_gmt":"2023-02-06T20:12:11","guid":{"rendered":"https:\/\/redsemlac.com\/semmexico\/?p=62416"},"modified":"2023-02-06T14:12:13","modified_gmt":"2023-02-06T20:12:13","slug":"scjn-debera-resolver-impugnaciones-a-la-reforma-electoral-antes-de-junio-ibd","status":"publish","type":"post","link":"https:\/\/redsemlac.com\/semmexico\/scjn-debera-resolver-impugnaciones-a-la-reforma-electoral-antes-de-junio-ibd\/","title":{"rendered":"SCJN deber\u00e1 resolver impugnaciones a la reforma electoral antes de junio: IBD"},"content":{"rendered":"\n<ul class=\"wp-block-list\">\n<li><strong>El Plan B pone en riesgo la estabilidad pol\u00edtica del pa\u00eds.<\/strong><\/li>\n\n\n\n<li><strong>Se prev\u00e9n m\u00e1s acciones de inconstitucionalidad por la discusi\u00f3n del segundo paquete de reformas electorales.<\/strong><\/li>\n<\/ul>\n\n\n\n<p class=\"wp-block-paragraph\"><strong>Elda Montiel<\/strong><\/p>\n\n\n\n<p class=\"wp-block-paragraph\">SemM\u00e9xico, Ciudad de M\u00e9xico, 6 de febrero del 2023.- La Suprema Corte de Justicia de la Naci\u00f3n deber\u00e1 resolver a la brevedad sobre la constitucionalidad y validez del Plan B antes de junio de 2023, para preservar la certidumbre del proceso electoral de 2024 y la estabilidad pol\u00edtica del pa\u00eds. Para invalidar el Plan B se requerir\u00e1 una mayor\u00eda calificada de 8 de los 11 ministros\/ministras de la Corte que voten en ese sentido, de acuerdo a una investigaci\u00f3n del Instituto Belisario Dom\u00ednguez del Senado de la Rep\u00fablica (IBD).<\/p>\n\n\n\n<p class=\"wp-block-paragraph\">Hasta el 1 de febrero pasado, se hab\u00edan presentado un juicio de amparo en contra de la reforma, cuatro acciones de inconstitucionalidad por parte de partidos pol\u00edticos de oposici\u00f3n y diversos legisladores y legisladoras, as\u00ed como una controversia constitucional del INE contra las modificaciones legales en materia de propaganda gubernamental, puntualiza C\u00e9sar Alejandro Giles Navarro en la investigaci\u00f3n titulada \u201cAspectos del proceso legislativo de la Reforma Electoral (Plan B)\u201d.<\/p>\n\n\n\n<p class=\"wp-block-paragraph\">El llamado Plan B se perfila para ser la reforma electoral m\u00e1s impugnada en la historia, tanto por la premura con la que fue aprobada por el Congreso, pero tambi\u00e9n por lo que consideran diversos actores que las modificaciones propuestas ocasionar\u00edan el debilitamiento del INE, inequidad en las contiendas por la intervenci\u00f3n de servidoras y servidores p\u00fablicos e incluso, ponen en riesgo la organizaci\u00f3n del proceso electoral de 2024. &nbsp;<\/p>\n\n\n\n<p class=\"wp-block-paragraph\">Hasta antes del inicio del segundo periodo ordinario de sesiones de febrero, el Plan B ha sido aprobado de manera parcial por el Congreso: de los dos paquetes de reformas, solo el relativo a la flexibilizaci\u00f3n de las normas de propaganda gubernamental fue publicado por el Ejecutivo el 27 de diciembre de 2022 y ha sido impugnado mediante distintos medios de control constitucional.<\/p>\n\n\n\n<p class=\"wp-block-paragraph\">Paralelamente partidos pol\u00edticos de oposici\u00f3n y diversas organizaciones de la sociedad civil han convocado a una marcha el 26 de febrero de 2023 en el Z\u00f3calo capitalino en contra del llamado Plan B y en defensa del Instituto Nacional Electoral.<\/p>\n\n\n\n<p class=\"wp-block-paragraph\">El segundo paquete de reformas que plantea la reestructuraci\u00f3n y compactaci\u00f3n del INE a\u00fan debe ser discutido y aprobado por el Senado en su calidad de c\u00e1mara revisora. El paquete pendiente entre otras cosas, plantea la compactaci\u00f3n y reestructuraci\u00f3n del INE, as\u00ed como la eliminaci\u00f3n de la cl\u00e1usula de \u201cvida eterna a partidos\u201d.<\/p>\n\n\n\n<p class=\"wp-block-paragraph\">Todos los actores que promovieron acciones de inconstitucionalidad contra la reforma en materia de propaganda gubernamental adelantaron que har\u00edan lo mismo con las reformas a normas electorales que tocan la estructura y funcionamiento del INE. &nbsp;<\/p>\n\n\n\n<p class=\"wp-block-paragraph\">El INE, por su parte, adem\u00e1s de la controversia constitucional presentada el 1 de febrero de 2023 en contra del decreto en materia de propaganda gubernamental, ha comenzado una intensa campa\u00f1a para dar a conocer los efectos de la Reforma Electoral discutida por el congreso y ha anunciado que presentar\u00e1 recursos legales ante lo que considera la primera reforma regresiva de la democracia.<\/p>\n\n\n\n<p class=\"wp-block-paragraph\">La Constituci\u00f3n en su art\u00edculo 105 proh\u00edbe realizar cambios a normas electorales 90 d\u00edas antes del inicio de los procesos electorales federales, por lo que, a partir de junio, el Congreso estar\u00e1 impedido de realizar modificaciones de este tipo de acuerdo con la legislaci\u00f3n vigente, el proceso electoral federal de 2024 inicia formalmente el 1 de septiembre de 2023 (aunque la Reforma Electoral plantea postergarlo a la tercera semana de noviembre).<\/p>\n\n\n\n<p class=\"wp-block-paragraph\">En el sistema jur\u00eddico nacional, los medios de control constitucional de orden jurisdiccional son el Juicio de Amparo; las Acciones de Inconstitucionalidad; las Controversias Constitucionales; el Juicio para la Protecci\u00f3n de los Derechos Pol\u00edtico Electorales y el Juicio de Revisi\u00f3n constitucional.<\/p>\n\n\n\n<p class=\"wp-block-paragraph\">Para el caso del Plan B, los medios de control constitucional procedentes son el juicio de amparo, la acci\u00f3n de inconstitucionalidad y la controversia constitucional.<\/p>\n\n\n\n<h2 class=\"wp-block-heading\"><strong>Plan B sustituye a reforma constitucional rechazada<\/strong><\/h2>\n\n\n\n<p class=\"wp-block-paragraph\">En el estudio se se\u00f1ala que el llamado \u201cPlan B\u201d es una reforma impulsada por el gobierno federal y sus bancadas en el Congreso, luego del rechazo de la iniciativa de reforma constitucional en materia electoral del Ejecutivo. Morena present\u00f3 una propuesta de reforma electoral a nivel de leyes secundarias conocida como \u201cPlan B\u201d, conformado por dos iniciativas.<\/p>\n\n\n\n<p class=\"wp-block-paragraph\">El primer paquete de reformas contemplaba modificaciones a tres ordenamientos vigentes: la Ley General de Instituciones y Procedimientos Electorales, Ley General de Partidos Pol\u00edticos y Ley Org\u00e1nica del Poder Judicial de la Federaci\u00f3n, as\u00ed como la expedici\u00f3n de una nueva Ley General de los Medios de Impugnaci\u00f3n en Materia Electoral.<\/p>\n\n\n\n<p class=\"wp-block-paragraph\">El gobierno y sus bancadas en el Congreso a favor del Plan manejan como principal argumento la austeridad, pues se generar\u00e1 un ahorro de m\u00e1s de tres mil 605 millones de pesos del erario p\u00fablico.<\/p>\n\n\n\n<p class=\"wp-block-paragraph\">Entre lo planteado esta asegurar el cumplimiento del mandato del art\u00edculo 127 constitucional para que las percepciones salariales de las personas consejeras magistradas electorales y la totalidad del INE, as\u00ed como del Tribunal, sean inferiores al salario del Presidente de la Rep\u00fablica.&nbsp;<\/p>\n\n\n\n<p class=\"wp-block-paragraph\">Compactar el calendario del proceso electoral para racionalizar recursos fortaleciendo la integraci\u00f3n de los \u00f3rganos electorales con los desconcentrados y los OPLEs y reducir la burocracia, aprovechando al m\u00e1ximo la estructura org\u00e1nica y los recursos de organizaci\u00f3n.<\/p>\n\n\n\n<p class=\"wp-block-paragraph\">Eliminar la rama administrativa del Servicio Profesional Electoral Nacional, la franquicia telegr\u00e1fica de los partidos pol\u00edticos y se unifica el programa de resultados electorales preliminares con el c\u00f3mputo de la elecci\u00f3n.<\/p>\n\n\n\n<p class=\"wp-block-paragraph\">As\u00ed como limitar interpretaciones arbitrarias del INE y del Tribunal ajenas a la ley que han limitado la libertad de expresi\u00f3n, los derechos pol\u00edtico-electorales y la autodeterminaci\u00f3n de los partidos pol\u00edticos principalmente.<\/p>\n\n\n\n<h2 class=\"wp-block-heading\"><strong>Desmantelar al INE y Tribunal Electoral para proceso electoral del 2024<\/strong><\/h2>\n\n\n\n<p class=\"wp-block-paragraph\">El estudio muestras las posiciones de los partidos de oposici\u00f3n en las&nbsp; discusiones.<\/p>\n\n\n\n<p class=\"wp-block-paragraph\">Partido Acci\u00f3n Nacional sostiene que desaparecer las 300 juntas distritales, la secretar\u00eda ejecutiva y otras \u00e1reas del INE no es una propuesta consistente con la izquierda, lo que se busca es dejar inoperante al Instituto Nacional Electoral y al Tribunal Electoral, en un intento por restaurar a un partido hegem\u00f3nico, un burdo intento de sabotaje al proceso electoral del a\u00f1o 2024.<\/p>\n\n\n\n<p class=\"wp-block-paragraph\">Movimiento Ciudadano ha sostenido que el prop\u00f3sito es desmantelar en su conjunto el sistema electoral enfocando las bater\u00edas en el \u00e1rbitro electoral. Tiene como objetivo volver a los tiempos de partido hegem\u00f3nico. Se da\u00f1an profundamente las capacidades de la autoridad electoral, desmantelando la estructura distrital del INE, ampliando los m\u00e1rgenes de impunidad de los delincuentes electorales y cooptando los instrumentos del INE. La creaci\u00f3n del INE y el TEPFJ han sido avances democr\u00e1ticos que hay que defender. Los salarios de las y los consejeros se pueden modificar. Pero se deben fortalecer a las autoridades electorales.<\/p>\n\n\n\n<p class=\"wp-block-paragraph\">El PRI ha se\u00f1alado que las reformas carecen de pertinencia y prudencia se alejan del consenso. Se reduce al INE, al mermar su operatividad y capacidad organizativa con la desaparici\u00f3n de \u00e1reas estrat\u00e9gicas. Se atenta contra la impartici\u00f3n de justicia electoral y se busca la permisividad de conductas que vulneran la equidad en la contienda. La reforma es un retroceso electoral. Compactar la estructura del INE y los OPLEs los debilita.<\/p>\n\n\n\n<p class=\"wp-block-paragraph\">El PRD se\u00f1ala que es una reforma inconstitucional porque establece un sistema nacional electoral. Se abre la puerta a los recursos il\u00edcitos, p\u00fablicos, sino a la delincuencia organizada y desorganizada. Es una reforma antidemocr\u00e1tica, porque atenta contra uno de los pilares del sistema electoral moderno: la profesionalizaci\u00f3n de sus integrantes.<\/p>\n\n\n\n<p class=\"wp-block-paragraph\">Se est\u00e1 destruyendo lo que tom\u00f3 treinta a\u00f1os construir. Es una regresi\u00f3n democr\u00e1tica, un atropello a la Constituci\u00f3n que dinamita las instituciones. Se desmantela al INE y se cambian las reglas para beneficial al partido en el poder.<\/p>\n\n\n\n<p class=\"wp-block-paragraph\">SEM\/MG<\/p>\n","protected":false},"excerpt":{"rendered":"<p>El Plan B pone en riesgo la estabilidad pol\u00edtica del pa\u00eds.<\/p>\n","protected":false},"author":3,"featured_media":62417,"comment_status":"open","ping_status":"open","sticky":false,"template":"","format":"standard","meta":{"_monsterinsights_skip_tracking":false,"footnotes":""},"categories":[50],"tags":[],"class_list":["post-62416","post","type-post","status-publish","format-standard","has-post-thumbnail","category-congreso"],"_links":{"self":[{"href":"https:\/\/redsemlac.com\/semmexico\/wp-json\/wp\/v2\/posts\/62416","targetHints":{"allow":["GET"]}}],"collection":[{"href":"https:\/\/redsemlac.com\/semmexico\/wp-json\/wp\/v2\/posts"}],"about":[{"href":"https:\/\/redsemlac.com\/semmexico\/wp-json\/wp\/v2\/types\/post"}],"author":[{"embeddable":true,"href":"https:\/\/redsemlac.com\/semmexico\/wp-json\/wp\/v2\/users\/3"}],"replies":[{"embeddable":true,"href":"https:\/\/redsemlac.com\/semmexico\/wp-json\/wp\/v2\/comments?post=62416"}],"version-history":[{"count":0,"href":"https:\/\/redsemlac.com\/semmexico\/wp-json\/wp\/v2\/posts\/62416\/revisions"}],"wp:featuredmedia":[{"embeddable":true,"href":"https:\/\/redsemlac.com\/semmexico\/wp-json\/wp\/v2\/media\/62417"}],"wp:attachment":[{"href":"https:\/\/redsemlac.com\/semmexico\/wp-json\/wp\/v2\/media?parent=62416"}],"wp:term":[{"taxonomy":"category","embeddable":true,"href":"https:\/\/redsemlac.com\/semmexico\/wp-json\/wp\/v2\/categories?post=62416"},{"taxonomy":"post_tag","embeddable":true,"href":"https:\/\/redsemlac.com\/semmexico\/wp-json\/wp\/v2\/tags?post=62416"}],"curies":[{"name":"wp","href":"https:\/\/api.w.org\/{rel}","templated":true}]}}