{"id":62413,"date":"2023-02-06T13:54:20","date_gmt":"2023-02-06T19:54:20","guid":{"rendered":"https:\/\/redsemlac.com\/semmexico\/?p=62413"},"modified":"2023-02-06T13:56:44","modified_gmt":"2023-02-06T19:56:44","slug":"reconoceran-trayectoria-de-queta-navagomez-protagonista-de-la-literatura-mexicana","status":"publish","type":"post","link":"https:\/\/redsemlac.com\/semmexico\/reconoceran-trayectoria-de-queta-navagomez-protagonista-de-la-literatura-mexicana\/","title":{"rendered":"Reconocer\u00e1n trayectoria de Queta Navag\u00f3mez, protagonista de la literatura mexicana\u00a0"},"content":{"rendered":"\n<ul class=\"wp-block-list\">\n<li><strong>Dentro del ciclo Protagonistas de la literatura, en la Sala Manuel M. Ponce, martes 7 de febrero a las 19:00 horas.<\/strong><\/li>\n<\/ul>\n\n\n\n<p class=\"wp-block-paragraph\"><strong>Redacci\u00f3n<\/strong><\/p>\n\n\n\n<p class=\"wp-block-paragraph\">SemM\u00e9xico, Ciudad de M\u00e9xico, 6 de febrero del 2023.- La Secretar\u00eda de Cultura del Gobierno de M\u00e9xico y el Instituto Nacional de Bellas Artes y Literatura (INBAL), a trav\u00e9s de la Coordinaci\u00f3n Nacional de Literatura (CNL), en colaboraci\u00f3n con el Consejo Estatal para la Cultura y las Artes de Nayarit (CECAN), reconocer\u00e1n la trayectoria de la cuentista, novelista, poeta y creadora de literatura infantil y juvenil, Queta Navag\u00f3mez, este martes 7 de febrero a las 19:00 horas, en la Sala Manuel M. Ponce del Palacio de Bellas Artes.<\/p>\n\n\n\n<p class=\"wp-block-paragraph\">Como parte del ciclo Protagonistas de la literatura mexicana, los escritores Federico Corral Vallejo, Ernesto Garc\u00eda N\u00fa\u00f1ez, Jos\u00e9 Antonio Dur\u00e1n Alc\u00e1ntara y Luis Ram\u00f3n Ventura, celebrar\u00e1n, en presencia de la homenajeada, la vida y obra de la autora reconocida con el Premio Bellas Artes de Novela Jos\u00e9 Rub\u00e9n Romero 2008, por El tigre del Nayar (2010) y con la Presea Amado Nervo al M\u00e9rito Literario 2017.<\/p>\n\n\n\n<p class=\"wp-block-paragraph\">Originaria de Bellavista, Nayarit, Queta Navag\u00f3mez (1954) ha explorado diversos g\u00e9neros literarios a trav\u00e9s de casi una veintena de libros publicados, entre los cuales destacan sus novelas Huichol, la rebeli\u00f3n del M\u00e1scara de oro (2010), El rey Nayarit (2018), y los cuentos Aqu\u00ed no ha terminado (1993), En busca de un alma (cuentos huicholes) (2001) y De mujer la hoguera (2005).<\/p>\n\n\n\n<p class=\"wp-block-paragraph\">Asimismo, entre su producci\u00f3n literaria resalta el libro de minificci\u00f3n como Hadas ebrias (2006) y los poemarios Fantasmas de ciudad (1999), Destiempo (sonetos) (2004), Canto para desplegar las alas (2006), Ra\u00edces de mangle (2009); as\u00ed como el poemario para ni\u00f1as, ni\u00f1os y adolescentes Para imaginar nac\u00ed (2014).<\/p>\n\n\n\n<p class=\"wp-block-paragraph\">Queta Navag\u00f3mez comenz\u00f3 su carrera literaria en 1990. Fue alumna de prestigiados autores como Enriqueta Ochoa, Guillermo Samperio o Edmundo Valad\u00e9s, y egres\u00f3 de la Escuela de Escritores de la Sociedad General de Escritores de M\u00e9xico (SOGEM). Adem\u00e1s de su obra publicada, ha colaborado en publicaciones como La Pluma del Ganso, El B\u00faho y Molino de Letras (Chapingo, Estado de M\u00e9xico); e imparte charlas sobre cuento, poes\u00eda, novela y minificci\u00f3n.<\/p>\n\n\n\n<p class=\"wp-block-paragraph\">Durante su trayectoria ha sido distinguida tambi\u00e9n con el primer lugar del Concurso de Cuento Brev\u00edsimo de la revista El Cuento -en 1989 y 1990, respectivamente-, el Premio Nacional de Cuento \u00c1lica de Nayarit 1995, as\u00ed como con la presea Pluma Amorosa ra\u00edz, Al\u00ed Chumacero 2016, y el Reconocimiento en la rama literaria por parte de la Universidad Aut\u00f3noma de Nayarit (UAN), en el marco de las celebraciones por el 50 aniversario de la instituci\u00f3n educativa, en 2019.<\/p>\n\n\n\n<p class=\"wp-block-paragraph\">SEM\/MG<\/p>\n","protected":false},"excerpt":{"rendered":"<p>Dentro del ciclo Protagonistas de la literatura, en la Sala Manuel M. Ponce, martes 7 de febrero a las 19:00 horas.<\/p>\n","protected":false},"author":3,"featured_media":62414,"comment_status":"open","ping_status":"open","sticky":false,"template":"","format":"standard","meta":{"_monsterinsights_skip_tracking":false,"footnotes":""},"categories":[45,46],"tags":[],"class_list":["post-62413","post","type-post","status-publish","format-standard","has-post-thumbnail","category-cultura","category-cultura-cultura"],"_links":{"self":[{"href":"https:\/\/redsemlac.com\/semmexico\/wp-json\/wp\/v2\/posts\/62413","targetHints":{"allow":["GET"]}}],"collection":[{"href":"https:\/\/redsemlac.com\/semmexico\/wp-json\/wp\/v2\/posts"}],"about":[{"href":"https:\/\/redsemlac.com\/semmexico\/wp-json\/wp\/v2\/types\/post"}],"author":[{"embeddable":true,"href":"https:\/\/redsemlac.com\/semmexico\/wp-json\/wp\/v2\/users\/3"}],"replies":[{"embeddable":true,"href":"https:\/\/redsemlac.com\/semmexico\/wp-json\/wp\/v2\/comments?post=62413"}],"version-history":[{"count":0,"href":"https:\/\/redsemlac.com\/semmexico\/wp-json\/wp\/v2\/posts\/62413\/revisions"}],"wp:featuredmedia":[{"embeddable":true,"href":"https:\/\/redsemlac.com\/semmexico\/wp-json\/wp\/v2\/media\/62414"}],"wp:attachment":[{"href":"https:\/\/redsemlac.com\/semmexico\/wp-json\/wp\/v2\/media?parent=62413"}],"wp:term":[{"taxonomy":"category","embeddable":true,"href":"https:\/\/redsemlac.com\/semmexico\/wp-json\/wp\/v2\/categories?post=62413"},{"taxonomy":"post_tag","embeddable":true,"href":"https:\/\/redsemlac.com\/semmexico\/wp-json\/wp\/v2\/tags?post=62413"}],"curies":[{"name":"wp","href":"https:\/\/api.w.org\/{rel}","templated":true}]}}