{"id":62396,"date":"2023-02-06T11:06:01","date_gmt":"2023-02-06T17:06:01","guid":{"rendered":"https:\/\/redsemlac.com\/semmexico\/?p=62396"},"modified":"2023-02-06T11:06:08","modified_gmt":"2023-02-06T17:06:08","slug":"alfa-omega-no-queremos-gobierno-de-un-solo-hombre-la-historia-presidencial-de-casi-200-anos-tres-etapas-dificiles-poco-conocidas","status":"publish","type":"post","link":"https:\/\/redsemlac.com\/semmexico\/alfa-omega-no-queremos-gobierno-de-un-solo-hombre-la-historia-presidencial-de-casi-200-anos-tres-etapas-dificiles-poco-conocidas\/","title":{"rendered":"Alfa Omega| No queremos gobierno de un solo hombre. La historia presidencial de casi 200 a\u00f1os. Tres etapas dif\u00edciles poco conocidas."},"content":{"rendered":"\n<p class=\"has-medium-font-size wp-block-paragraph\"><strong>\u00bfM\u00e9xico igual que Nicaragua, Venezuela y Cuba?<\/strong><\/p>\n\n\n\n<p class=\"wp-block-paragraph\"><strong>Jorge Herrera Valenzuela<\/strong><\/p>\n\n\n\n<p class=\"wp-block-paragraph\">SemM\u00e9xico, Ciudad de M\u00e9xico, 6 de febrero del 2023.- Estamos en el umbral del segundo centenario de la creaci\u00f3n de la <strong>Rep\u00fablica Representativa, Popular y Federal, <\/strong>bajo el nombre de Estados Unidos Mexicanos y mundialmente conocido nuestro pa\u00eds con el nombre de <strong>M\u00e9xico<\/strong>. El 10 de octubre de 1824 el duranguense que se autobautiz\u00f3 como <strong>Guadalupe Victoria<\/strong> asumi\u00f3 primero provisionalmente la Presidencia de la Rep\u00fablica. Un a\u00f1o m\u00e1s tarde lo fue apoyado en la Constituci\u00f3n de ese mismo a\u00f1o y termin\u00f3 su mandato en marzo de 1829.<\/p>\n\n\n\n<p class=\"wp-block-paragraph\">De alg\u00fan modo, por las circunstancias que privan en este hermoso pa\u00eds, la sucesi\u00f3n presidencial para el sexenio 2024-2030 no es nada predecible. La de 1829 entre yorkinos y escoceses tuvo un final inesperado. Desconocieron al triunfador. El provisional renunci\u00f3 nueve meses despu\u00e9s y hubo dos interinos (el segundo presidi\u00f3 un triunvirato) en los \u00faltimos quince d\u00edas de diciembre de 1829. <strong>Tres mandatarios en un mes<\/strong>.<\/p>\n\n\n\n<p class=\"wp-block-paragraph\">Ese pasaje que comentar\u00eda como una an\u00e9cdota, lo refiero por la incapacidad de la organizaci\u00f3n pol\u00edtica. No se ten\u00eda experiencia, sin desconocer las tareas legislativas de Jos\u00e9 Mar\u00eda Morelos, de Ignacio L\u00f3pez Ray\u00f3n y de quienes participaron durante 11 a\u00f1os en la lucha de Independencia y en &nbsp;los tres posteriores a la firma del Acta en septiembre de 1821, pasado el ef\u00edmero imperio iturbidista.<\/p>\n\n\n\n<p class=\"wp-block-paragraph\">Un siglo despu\u00e9s, en el per\u00edodo posrevolucionario y luego de 20 a\u00f1os de un movimiento armado, la lucha fratricida, entre grupos que dec\u00edan tener sus razones para pelear, hubo elecciones presidenciales. De 1900 a 1910 hubo un presidente derrocado, dos asesinados, cuatro interinos (uno durante 45 minutos) y tres \u201cconvencionistas\u201d \u00a1<strong>Diez en veinte a\u00f1os<\/strong>!<\/p>\n\n\n\n<p class=\"wp-block-paragraph\">La Constituci\u00f3n promulgada en 1917 dej\u00f3 muy preciso el concepto de <strong>No Reelecci\u00f3n<\/strong>, pero para cumplirle su deseo, a <strong>\u00c1lvaro Obreg\u00f3n,<\/strong> de volver la Presidencia de M\u00e9xico, su paisano y s\u00fabdito <strong>Plutarco El\u00edas Calles, <\/strong>presidente en funciones, promovi\u00f3 la reforma constitucional para eliminar el principio de No Reelecci\u00f3n. Se aprob\u00f3 en enero de 1927, autorizando no solo la reelecci\u00f3n del presidente, de senadores\/as y de diputados\/as federales, sino abriendo la posibilidad de fuesen reelectos\/as inmediatamente despu\u00e9s de terminar su per\u00edodo en el cargo.&nbsp; &nbsp;<\/p>\n\n\n\n<p class=\"wp-block-paragraph\">Obreg\u00f3n iba a ser el primer presidente sexenal. Se pon\u00eda fin a los gobiernos de cuatro a\u00f1os, surgidos \u00e9stos 104 a\u00f1os atr\u00e1s. La muerte violenta del sonorense, lo apunt\u00f3 como el primero y \u00fanico presidente reelecto, en el siglo pasado.<\/p>\n\n\n\n<p class=\"wp-block-paragraph\">M\u00e9xico tuvo <strong>4 presidentes en 6 a\u00f1os<\/strong> (1928-1934) Calles, en funciones; Emilio Portes Gil, interino; Pascual Ortiz Rubio, electo y Abelardo L. Rodr\u00edguez, \u00faltimo interino en la historia.<\/p>\n\n\n\n<p class=\"wp-block-paragraph\">Reelecto el 1 de julio de 1928, Obreg\u00f3n \u201cjug\u00f3\u201d como candidato solitario. No hubo oposici\u00f3n. El padr\u00f3n electoral registraba <strong>1 mill\u00f3n 673 mil 433<\/strong> votantes. \u201cEl Manco de Celaya\u201d, aunque Usted no lo crea, \u201cgan\u00f3 con un total de <strong>1 mill\u00f3n 673 mil 433<\/strong>\u201d.<\/p>\n\n\n\n<p class=\"wp-block-paragraph\">Plutarco El\u00edas Calles convoc\u00f3 a los integrantes de todos los \u201cgrupos revolucionarios\u201d, reparti\u00f3 prerrogativas y surgi\u00f3 <strong>El Maximato<\/strong>, liquidado en 1936 por el michoacano <strong>L\u00e1zaro C\u00e1rdenas del R\u00edo.<\/strong> Calles y sus cercanos amigos, al exilio a Estados Unidos.<\/p>\n\n\n\n<h2 class=\"wp-block-heading\"><strong>Mentiras, \u201chonestos, incapaces\u201d<\/strong><\/h2>\n\n\n\n<p class=\"wp-block-paragraph\">Reitero la afirmaci\u00f3n de que las mexicanas y mexicanos esperaban que al entregar su voto a un hombre, que realiz\u00f3 una campa\u00f1a pol\u00edtica durante 18 a\u00f1os, visitando poblados, rancher\u00edas y barrios, jam\u00e1s visitados por quienes buscan el poder, los problemas nacionales tendr\u00edan soluciones integrales.<\/p>\n\n\n\n<p class=\"wp-block-paragraph\">En la campa\u00f1a de 2018 ofreci\u00f3, a las y los electores, combatir la corrupci\u00f3n, terminar con la impunidad, no imponer nuevos impuestos, no m\u00e1s \u201cgasolinazos\u201d y dijo que gobernar\u00eda para todas y todos los mexicanos.<\/p>\n\n\n\n<p class=\"wp-block-paragraph\">Obtuvo el respaldo de m\u00e1s de 30 millones de mujeres y hombres, de todas las edades. Al tomar posesi\u00f3n como Presidente de M\u00e9xico, el tabasque\u00f1o prometi\u00f3 cumplir y hacer cumplir la Constituci\u00f3n Pol\u00edtica de los Estados Unidos Mexicanos. Integr\u00f3 un gabinete con personas sin experiencia pol\u00edtica ni administrativa, pero de su absoluta confianza. 90 por ciento de honestidad y 10 por ciento de conocimientos, es la norma al nombrar a sus colaboradores y colaboradoras.<\/p>\n\n\n\n<p class=\"wp-block-paragraph\">En los \u201ctradicionales\u201d primeros cien d\u00edas del sexenio, qued\u00f3 claro que el Presidente de M\u00e9xico ment\u00eda, enga\u00f1aba y daba rienda suelta para dividir a las y los mexicanos, redentor de las y los pobres, de las y los integrantes de un <strong>pueblo sabio y pueblo bueno <\/strong>que lo cuidar\u00eda y por eso suprimi\u00f3 al Estado Mayor Presidencial. Se olvid\u00f3 que era Presidente de M\u00e9xico, de un pa\u00eds muy importante mundialmente y decidi\u00f3 viajar en vuelos comerciales, como cualquier ciudadano y ciudadana.<\/p>\n\n\n\n<p class=\"wp-block-paragraph\">Impuso sus conferencias ma\u00f1aneras, de lunes a viernes, montando un set de televisi\u00f3n en lo que fue el Sal\u00f3n de la Tesorer\u00eda de la Federaci\u00f3n, en Palacio Nacional. Los s\u00e1bados y domingos las organiza donde se encuentra y &nbsp;contin\u00faa su campa\u00f1a pol\u00edtica, iniciada en 2005 dejando la jefatura de Gobierno del Distrito Federal. En este a\u00f1o es el promotor de \u201clas corcholatas\u201d que nombr\u00f3 para la sucesi\u00f3n presidencial, otra de sus inoportunas \u201cocurrencias\u201d.<\/p>\n\n\n\n<p class=\"wp-block-paragraph\">Abri\u00f3 su \u201cprograma de un solo hombre\u201d (perd\u00f3n don <strong>Humberto G. Tamayo<\/strong>) lanzando dardos contra los medios de informaci\u00f3n y de comunicaci\u00f3n, personaliz\u00f3 sus ataques y aleg\u00f3 a su favor \u201cel derecho de r\u00e9plica\u201d. En otro momento desat\u00f3 su furia contra los gobiernos antecesores, los calific\u00f3 de conservadores, neoliberales, fif\u00eds, derechistas. A la clase media, la que lo llev\u00f3 al poder, la mantiene marginada y est\u00e1 contra las y los aspiracionistas.<\/p>\n\n\n\n<p class=\"wp-block-paragraph\">Desde el primer d\u00eda y hasta la fecha, el escenario est\u00e1 controlado y acuden a ese lugar supuestos reporteros y reporteras e inclusive tienen asignados los lugares donde deben sentarse, as\u00ed como \u201clos orientan\u201d para hacer preguntas.<\/p>\n\n\n\n<h2 class=\"wp-block-heading\"><strong>Rencor y resentimiento<\/strong><\/h2>\n\n\n\n<p class=\"wp-block-paragraph\">El encanto termin\u00f3 para muchas y muchos de sus seguidores y fortaleci\u00f3 a los llamados \u201cchairos\u201d que incondicionalmente lo apoyan. Un lector de estos comentarios period\u00edsticos, me coment\u00f3, v\u00eda Internet, que es m\u00e1s f\u00e1cil convencer a un Testigo de Jehov\u00e1 que a un simpatizante del tabasque\u00f1o.<\/p>\n\n\n\n<p class=\"wp-block-paragraph\">Las supuestas conferencias desde el p\u00falpito presidencial, no confundirlo ni llamarlo \u201calta tribuna\u201d, destroz\u00f3 a los empresarios\/as, los presion\u00f3 para que le entreguen millones de pesos. Su programa de obras emblem\u00e1ticas, impulsoras de la econom\u00eda nacional, son la central avionera internacional denominada Aeropuerto Internacional Felipe \u00c1ngeles. La refiner\u00eda Dos Bocas, en terrenos susceptibles de inundaciones. El Tren Maya en el Sureste.<\/p>\n\n\n\n<p class=\"wp-block-paragraph\">Obras fara\u00f3nicas inauguradas sin estar terminadas. Sin planificaci\u00f3n, sin estudios previos, sin participaci\u00f3n de &nbsp;experimentados\/as t\u00e9cnicos. Las inversiones se han triplicado en costos. Ah, pero se borr\u00f3 la construcci\u00f3n del nuevo aeropuerto. Se destina miles de millones de pesos de otros rubros, a efecto de continuar las ocurrencias tabasque\u00f1as. El tren suburbano M\u00e9xico-Toluca estar\u00e1 listo antes de 2050.<\/p>\n\n\n\n<p class=\"wp-block-paragraph\">\u00bfQu\u00e9 hay en la mente del Presidente de M\u00e9xico?<\/p>\n\n\n\n<p class=\"wp-block-paragraph\">Demostrar que el gobierno es \u00e9l. Afirmar con sus acciones que nadie debe criticarlo. Es un hombre que est\u00e1 desfogando todo su rencor ante la sociedad progresista. Es un resentido con la vida. Utiliza el poder para vengarse. No ha presentado, ni presentar\u00e1, un programa de trabajo, el Plan Nacional de Desarrollo.<\/p>\n\n\n\n<p class=\"wp-block-paragraph\">Nadie de su equipo debe de protestar. Lo dijo hace cuatro a\u00f1os, deben obedecer a ciegas. Ha desaparecido instituciones acad\u00e9micas, acab\u00f3 con los fideicomisos y no deja t\u00edtere con cabeza. La destrucci\u00f3n es la caracter\u00edstica de un gobierno que tiene como bandera la llamada \u201ccuarta transformaci\u00f3n\u201d.<\/p>\n\n\n\n<h2 class=\"wp-block-heading\"><strong>No divisi\u00f3n de poderes<\/strong><\/h2>\n\n\n\n<p class=\"wp-block-paragraph\">Desde el nacimiento de la Rep\u00fablica Mexicana, la Divisi\u00f3n de Poderes es fundamental para gobierno y pueblo, pol\u00edtica, social y econ\u00f3micamente. El Ejecutivo representado por el mexicano electo mediante el voto ciudadano, como titular. Es el Primer Mandatario. Corresponde al presidente de la C\u00e1mara de Diputados encabezar el Poder Legislativo y quien presida la Suprema Corte de Justicia de la Naci\u00f3n, el Poder Judicial Federal.<\/p>\n\n\n\n<p class=\"wp-block-paragraph\">Las diputadas, diputados y senadoras, senadores, con las excepciones naturales, en este sexenio est\u00e1n obligados\/as, por disposici\u00f3n presidencial, a no quitarle ni una coma a las iniciativas que presente el Ejecutivo. No ha tenido \u00e9xito al 100 por ciento la orden, pero las y los supuestos representantes populares del partido oficial, cumplen. Lo mismo ocurre en el Senado, donde el l\u00edder mantiene una postura no oficialista y algunos de sus correligionarios lo critican.&nbsp;<\/p>\n\n\n\n<p class=\"wp-block-paragraph\">Hubo intento de imponer una presidenta en la Suprema Corte, pero la ministra candidata fue acusada de plagiar una tesis para presentar examen y obtener t\u00edtulo de Licenciada en Derecho. Result\u00f3 electa otra ministra, a la que el Presidente de la Rep\u00fablica se ha referido, simplemente, como <strong>\u201cla Se\u00f1ora Pi\u00f1a\u201d. <\/strong>Se le dificult\u00f3 llamarla ministra o presidenta de la Suprema Corte de Justicia.<\/p>\n\n\n\n<p class=\"wp-block-paragraph\">El tabasque\u00f1o dijo que no crear\u00eda problemas contra la Corte ni abr\u00eda una guerra. Pero, como siempre, arremeti\u00f3 con calificativos ofensivos ministras y ministros. Insiste en que el Poder Judicial Federal est\u00e1 lleno de corruptos\/as. A magistrados\/magistradas y jueces\/juezas que dan fallos que no le parecen al Presiente de M\u00e9xico, inmediatamente ordena que los investiguen.<\/p>\n\n\n\n<p class=\"wp-block-paragraph\">Quiere apoderarse de una parte del Poder Judicial. Desea que la actual presidenta de la Suprema Corte, la ministra <strong>Norma Luc\u00eda Pi\u00f1a Hern\u00e1ndez<\/strong> no presida el Consejo de la Justicia Federal. \u00c9l quiere tener el control y dijo que promover\u00e1 reformas para ello.<\/p>\n\n\n\n<p class=\"wp-block-paragraph\">Quiere que no haya injusticias y se olvida que \u00e9l orden\u00f3 en octubre de 2019 liberar al capo <strong>Ovidio Guzm\u00e1n L\u00f3pez <\/strong>y a presi\u00f3n del gobierno de Estados Unidos tuvo que ponerlo en prisi\u00f3n, pero no tramita la extradici\u00f3n solicitada. Defiende a don Joaqu\u00edn Guzm\u00e1n Loera y a la familia, sin tocar a los dem\u00e1s capos del narcotr\u00e1fico.<\/p>\n\n\n\n<h2 class=\"wp-block-heading\"><strong>\u00bfCaminamos a la dictadura?<\/strong><\/h2>\n\n\n\n<p class=\"wp-block-paragraph\">Entre todas las formas de gobierno, cu\u00e1l cree Usted, estimada, estimado visitante de esta p\u00e1gina digital, que pudiera llegar a tener M\u00e9xico. Ef\u00edmeramente tuvimos dos ef\u00edmeros gobiernos mon\u00e1rquicos, en el Siglo XIX. En los finales de esa centuria y en los primeros once a\u00f1os del Siglo XX, mexicanas y mexicanos estuvieron bajo el gobierno dictatorial y aristocr\u00e1tico de Porfirio D\u00edaz. M\u00e1s adelante, toc\u00f3 soportar una corta etapa a la oligarqu\u00eda.<\/p>\n\n\n\n<p class=\"wp-block-paragraph\">Los a\u00f1os en que el poder estuvo controlado por un solo partido, no ha sido debidamente analizado y si satanizado. PNR, PARM y finalmente PRI, de 1929 a 1999 fueron una variante en la pol\u00edtica, en la administraci\u00f3n y en la econom\u00eda. Cierto hubo malos gobernantes. Floreci\u00f3 la corrupci\u00f3n. Se hicieron millonarios cada seis a\u00f1os, como lleg\u00f3 a decir el tamaulipeco Emilio Portes Gil.<\/p>\n\n\n\n<p class=\"wp-block-paragraph\">No fueron gobiernos de un solo hombre. Desde 1939 se organiz\u00f3 la oposici\u00f3n pol\u00edtica a trav\u00e9s del Partido Acci\u00f3n Nacional. Se dio el voto federal a la mujer. Se eligieron gobernadoras, senadoras, diputadas, presidentas municipales. Se redujo la edad ciudadana, a los 18 a\u00f1os para mujeres y hombres. Construyeron carreteras, autopistas, escuelas, hospitales. Se promovi\u00f3 la industrializaci\u00f3n. Se impuls\u00f3 el turismo. Surgieron la Ciudad Universitaria y las instalaciones del Instituto Polit\u00e9cnico Nacional no s\u00f3lo fueron modernizadas, sino ampliadas.<\/p>\n\n\n\n<p class=\"wp-block-paragraph\">De diciembre de 2018 a febrero de 2023 es falso que se consulte al pueblo. No es cierto que haya consenso con empresarios\/as, industriales, comerciantes. Reci\u00e9n est\u00e1 el decreto presidencial para sacar la carga a\u00e9rea del Aeropuerto de la Ciudad de M\u00e9xico. \u00bfSe escuch\u00f3 a la gente de esa gigantesca e internacional industria? No. \u00bfPor qu\u00e9? Porque el Presidente de M\u00e9xico es el que manda y <strong>nada de que<\/strong> <strong>la ley es la ley.<\/strong><\/p>\n\n\n\n<p class=\"wp-block-paragraph\">Ser\u00e1 que caminamos hacia un gobierno dictatorial. La palabra del que vive en Palacio Nacional, desde donde ataca sin meditar y mucho sin pensar, se cumple y punto.<\/p>\n\n\n\n<p class=\"wp-block-paragraph\">Eso es lo que est\u00e1n viviendo las y los nicarag\u00fcenses, cubanas, cubanos y las y los venezolanos.<\/p>\n\n\n\n<p class=\"wp-block-paragraph\"><strong>Los m\u00e1s de 120 millones de mexicanos y mexicanas, NO QUEREMOS EL GOBIERNO DE UN SOLO HOMBRE.<\/strong><\/p>\n\n\n\n<p class=\"wp-block-paragraph\"><strong>Rotundo No a La Dictadura<\/strong><\/p>\n\n\n\n<p class=\"wp-block-paragraph\"><a href=\"mailto:jherrerav@live.com.mx\">jherrerav@live.com.mx<\/a> &nbsp;<\/p>\n","protected":false},"excerpt":{"rendered":"<p>Estamos en el umbral del segundo centenario de la creaci\u00f3n de la Rep\u00fablica Representativa, Popular y Federal, bajo el nombre de Estados Unidos Mexicanos y mundialmente conocido nuestro pa\u00eds con el nombre de M\u00e9xico.<\/p>\n","protected":false},"author":3,"featured_media":7843,"comment_status":"open","ping_status":"open","sticky":false,"template":"","format":"standard","meta":{"_monsterinsights_skip_tracking":false,"footnotes":""},"categories":[94,35],"tags":[],"class_list":["post-62396","post","type-post","status-publish","format-standard","has-post-thumbnail","category-jorge-herrera-valenzuela","category-opinion"],"_links":{"self":[{"href":"https:\/\/redsemlac.com\/semmexico\/wp-json\/wp\/v2\/posts\/62396","targetHints":{"allow":["GET"]}}],"collection":[{"href":"https:\/\/redsemlac.com\/semmexico\/wp-json\/wp\/v2\/posts"}],"about":[{"href":"https:\/\/redsemlac.com\/semmexico\/wp-json\/wp\/v2\/types\/post"}],"author":[{"embeddable":true,"href":"https:\/\/redsemlac.com\/semmexico\/wp-json\/wp\/v2\/users\/3"}],"replies":[{"embeddable":true,"href":"https:\/\/redsemlac.com\/semmexico\/wp-json\/wp\/v2\/comments?post=62396"}],"version-history":[{"count":0,"href":"https:\/\/redsemlac.com\/semmexico\/wp-json\/wp\/v2\/posts\/62396\/revisions"}],"wp:featuredmedia":[{"embeddable":true,"href":"https:\/\/redsemlac.com\/semmexico\/wp-json\/wp\/v2\/media\/7843"}],"wp:attachment":[{"href":"https:\/\/redsemlac.com\/semmexico\/wp-json\/wp\/v2\/media?parent=62396"}],"wp:term":[{"taxonomy":"category","embeddable":true,"href":"https:\/\/redsemlac.com\/semmexico\/wp-json\/wp\/v2\/categories?post=62396"},{"taxonomy":"post_tag","embeddable":true,"href":"https:\/\/redsemlac.com\/semmexico\/wp-json\/wp\/v2\/tags?post=62396"}],"curies":[{"name":"wp","href":"https:\/\/api.w.org\/{rel}","templated":true}]}}