{"id":62393,"date":"2023-02-06T11:02:37","date_gmt":"2023-02-06T17:02:37","guid":{"rendered":"https:\/\/redsemlac.com\/semmexico\/?p=62393"},"modified":"2023-02-06T11:02:44","modified_gmt":"2023-02-06T17:02:44","slug":"victima-de-feminicidio-en-acapulco","status":"publish","type":"post","link":"https:\/\/redsemlac.com\/semmexico\/victima-de-feminicidio-en-acapulco\/","title":{"rendered":"<strong>V\u00edctima de feminicidio en Acapulco<\/strong>"},"content":{"rendered":"\n<p class=\"wp-block-paragraph\"><strong>N\u00e9stor Ortega Almeida Morales<\/strong><\/p>\n\n\n\n<p class=\"wp-block-paragraph\">SemM\u00e9xico\/Ceprovysa, Acapulco, Guerrero, 6 de febrero del 2023.- V\u00edctima de golpes en cara y cabeza pierde la vida una mujer en \u00e9ste puerto.<\/p>\n\n\n\n<p class=\"wp-block-paragraph\">Los primeros datos se\u00f1alan que a trav\u00e9s de una llamada an\u00f3nima se report\u00f3 que una mujer presentaba \u201cseveros golpes\u201d y estaba sentada en un local atr\u00e1s de la tienda Soriana, cerca al Parque Papagayo.<\/p>\n\n\n\n<p class=\"wp-block-paragraph\">Al arribo de los elementos de seguridad y emergencia notaron que la mujer, cuya identidad se desconoce, ya hab\u00eda perdido la vida.<\/p>\n\n\n\n<p class=\"wp-block-paragraph\">Sobre la v\u00edctima se dice que viv\u00eda en situaci\u00f3n de calle. Vecinas y vecinos refieren haberla visto tirada en el estacionamiento de una tienda de autoservicio OXXO, despu\u00e9s se levant\u00f3, empez\u00f3 a caminar y no volvieron a verla hasta \u00e9sta ma\u00f1ana que se enteraron hab\u00eda sido asesinada a golpes.<\/p>\n\n\n\n<p class=\"wp-block-paragraph\">Elementos de la Fiscal\u00eda General del Estado realizaron las diligencias y trasladaron el cuerpo de la v\u00edctima al SEMEFO para la necropsia respectiva.<\/p>\n\n\n\n<p class=\"wp-block-paragraph\">SEM\/MG<\/p>\n","protected":false},"excerpt":{"rendered":"<p>V\u00edctima de golpes en cara y cabeza pierde la vida una mujer en \u00e9ste puerto.<\/p>\n","protected":false},"author":3,"featured_media":62394,"comment_status":"open","ping_status":"open","sticky":false,"template":"","format":"standard","meta":{"_monsterinsights_skip_tracking":false,"footnotes":""},"categories":[47,48],"tags":[],"class_list":["post-62393","post","type-post","status-publish","format-standard","has-post-thumbnail","category-no-mas-impunidad","category-no-mas-impunidad-no-mas-impunidad"],"_links":{"self":[{"href":"https:\/\/redsemlac.com\/semmexico\/wp-json\/wp\/v2\/posts\/62393","targetHints":{"allow":["GET"]}}],"collection":[{"href":"https:\/\/redsemlac.com\/semmexico\/wp-json\/wp\/v2\/posts"}],"about":[{"href":"https:\/\/redsemlac.com\/semmexico\/wp-json\/wp\/v2\/types\/post"}],"author":[{"embeddable":true,"href":"https:\/\/redsemlac.com\/semmexico\/wp-json\/wp\/v2\/users\/3"}],"replies":[{"embeddable":true,"href":"https:\/\/redsemlac.com\/semmexico\/wp-json\/wp\/v2\/comments?post=62393"}],"version-history":[{"count":0,"href":"https:\/\/redsemlac.com\/semmexico\/wp-json\/wp\/v2\/posts\/62393\/revisions"}],"wp:featuredmedia":[{"embeddable":true,"href":"https:\/\/redsemlac.com\/semmexico\/wp-json\/wp\/v2\/media\/62394"}],"wp:attachment":[{"href":"https:\/\/redsemlac.com\/semmexico\/wp-json\/wp\/v2\/media?parent=62393"}],"wp:term":[{"taxonomy":"category","embeddable":true,"href":"https:\/\/redsemlac.com\/semmexico\/wp-json\/wp\/v2\/categories?post=62393"},{"taxonomy":"post_tag","embeddable":true,"href":"https:\/\/redsemlac.com\/semmexico\/wp-json\/wp\/v2\/tags?post=62393"}],"curies":[{"name":"wp","href":"https:\/\/api.w.org\/{rel}","templated":true}]}}