{"id":62391,"date":"2023-02-06T11:01:06","date_gmt":"2023-02-06T17:01:06","guid":{"rendered":"https:\/\/redsemlac.com\/semmexico\/?p=62391"},"modified":"2023-02-06T11:01:08","modified_gmt":"2023-02-06T17:01:08","slug":"violeta-del-anahuac-groseria-politica-en-protocolos","status":"publish","type":"post","link":"https:\/\/redsemlac.com\/semmexico\/violeta-del-anahuac-groseria-politica-en-protocolos\/","title":{"rendered":"Violeta del An\u00e1huac| \u201c\u00bfGroser\u00eda pol\u00edtica en protocolos?\u201d"},"content":{"rendered":"\n<p class=\"wp-block-paragraph\"><strong>Isabel Ortega Morales<\/strong><\/p>\n\n\n\n<p class=\"wp-block-paragraph\">SemM\u00e9xico, Chilpancingo, Guerrero, 6 de febrero del 2023.- Un protocolo no solo es un orden que debe seguir un evento o acto para que permita un desarrollo \u00f3ptimo entre el cumplimiento del objetivo sino que adem\u00e1s debe cumplir con algunos requisitos que aunque parezcan superfluos, son indicativos de sana vida pol\u00edtica.<\/p>\n\n\n\n<p class=\"wp-block-paragraph\">En la conmemoraci\u00f3n del 106 Aniversario de la Constituci\u00f3n Pol\u00edtica de los Estados Unidos Mexicanos, acudi\u00f3 el Presidente de M\u00e9xico quien encabez\u00f3, en su calidad de Jefe del Ejecutivo Federal, la ceremonia. Sin embargo, debe estar acompa\u00f1ado de los otros dos poderes, el Legislativo, que en este momento est\u00e1 encabezado por el diputado panista Santiago Creel, y el Judicial, que representa la ministra presidenta de la Suprema Corte de Justicia de la Naci\u00f3n, Norma Luc\u00eda Pi\u00f1a Hern\u00e1ndez.<\/p>\n\n\n\n<p class=\"wp-block-paragraph\">Y no siempre est\u00e1n las y los gobernadores de la Rep\u00fablica, aunque si el anfitri\u00f3n del estado de Quer\u00e9taro, Mauricio Kuri Gonz\u00e1lez -PAN-. Solo que ahora hicieron coincidir con la reuni\u00f3n de la Comisi\u00f3n Nacional de Gobernadores (CONAGO).<\/p>\n\n\n\n<p class=\"wp-block-paragraph\">Parec\u00eda que la ceremonia ser\u00eda un protocolo m\u00e1s. Sin embargo no solo los discursos tuvieron mensaje pol\u00edtico, tambi\u00e9n la conducta de dos personajes: Andr\u00e9s Manuel L\u00f3pez Obrador y Norma Luc\u00eda Pi\u00f1a Hern\u00e1ndez.<\/p>\n\n\n\n<p class=\"wp-block-paragraph\">Por la fuerza de la popularidad del presidente AMLO, la ministra Martha L. Pi\u00f1a est\u00e1 recibiendo descalificaciones, sin revisar completamente no solo el cumplimiento del protocolo, sino del respeto que su investidura debe recibir y que se llama respeto.<\/p>\n\n\n\n<p class=\"wp-block-paragraph\">La parte final que detona&nbsp; la descalificaci\u00f3n se centra en que la ministra no se puso de pie para aplaudir al Presidente, sino que permaneci\u00f3 sentada. Solo que, minutos antes de ese hecho, L\u00f3pez Obrador pas\u00f3 cerca de ella omitiendo un saludo, incluso tambi\u00e9n para Santiago Creel.<\/p>\n\n\n\n<p class=\"wp-block-paragraph\">El hecho, sin duda, llev\u00f3 a considerar que no era solo una desatenci\u00f3n a una mujer, sino una desatenci\u00f3n a lo que ella representa en este momento y que, con su actitud de permanecer sentada, mostr\u00f3 que ese Poder requiere y merece respeto por parte del Titular del Poder Ejecutivo.<\/p>\n\n\n\n<p class=\"wp-block-paragraph\">Al mandatario Federal le gusta mucho decir \u201camor con amor se paga\u201d, que en el fondo es una amenaza para quien disienta, y no ha logrado que su investidura deje de lado posiciones viscerales para hacer una conducci\u00f3n pol\u00edtica incluyente, respetuosa, educada.<\/p>\n\n\n\n<p class=\"wp-block-paragraph\">Este primer encuentro p\u00fablico entre ambos poderes no ha tenido el mejor inicio. Y es delicado que un hombre que ha estado en la pol\u00edtica nos muestre p\u00fablicamente un lado con falta de conciliaci\u00f3n. Pero tambi\u00e9n, que nos muestre la dificultad que tienen las mujeres, no afines a la corriente en el poder, su arribo y permanencia en una posici\u00f3n.<\/p>\n\n\n\n<p class=\"wp-block-paragraph\">\u201cNo somo iguales\u201d, suele tambi\u00e9n decir AMLO, tambi\u00e9n la educaci\u00f3n cuenta para que un protocolo tenga \u00e9xito.<\/p>\n","protected":false},"excerpt":{"rendered":"<p>Un protocolo no solo es un orden que debe seguir un evento o acto para que permita un desarrollo \u00f3ptimo entre el cumplimiento del objetivo sino que adem\u00e1s debe cumplir con algunos requisitos que aunque parezcan superfluos, son indicativos de sana vida pol\u00edtica.<\/p>\n","protected":false},"author":3,"featured_media":38055,"comment_status":"open","ping_status":"open","sticky":false,"template":"","format":"standard","meta":{"_monsterinsights_skip_tracking":false,"footnotes":""},"categories":[35,197],"tags":[],"class_list":["post-62391","post","type-post","status-publish","format-standard","has-post-thumbnail","category-opinion","category-violeta-del-anahuac"],"_links":{"self":[{"href":"https:\/\/redsemlac.com\/semmexico\/wp-json\/wp\/v2\/posts\/62391","targetHints":{"allow":["GET"]}}],"collection":[{"href":"https:\/\/redsemlac.com\/semmexico\/wp-json\/wp\/v2\/posts"}],"about":[{"href":"https:\/\/redsemlac.com\/semmexico\/wp-json\/wp\/v2\/types\/post"}],"author":[{"embeddable":true,"href":"https:\/\/redsemlac.com\/semmexico\/wp-json\/wp\/v2\/users\/3"}],"replies":[{"embeddable":true,"href":"https:\/\/redsemlac.com\/semmexico\/wp-json\/wp\/v2\/comments?post=62391"}],"version-history":[{"count":0,"href":"https:\/\/redsemlac.com\/semmexico\/wp-json\/wp\/v2\/posts\/62391\/revisions"}],"wp:featuredmedia":[{"embeddable":true,"href":"https:\/\/redsemlac.com\/semmexico\/wp-json\/wp\/v2\/media\/38055"}],"wp:attachment":[{"href":"https:\/\/redsemlac.com\/semmexico\/wp-json\/wp\/v2\/media?parent=62391"}],"wp:term":[{"taxonomy":"category","embeddable":true,"href":"https:\/\/redsemlac.com\/semmexico\/wp-json\/wp\/v2\/categories?post=62391"},{"taxonomy":"post_tag","embeddable":true,"href":"https:\/\/redsemlac.com\/semmexico\/wp-json\/wp\/v2\/tags?post=62391"}],"curies":[{"name":"wp","href":"https:\/\/api.w.org\/{rel}","templated":true}]}}